{"id":28321,"date":"2025-08-13T23:17:10","date_gmt":"2025-08-13T23:17:10","guid":{"rendered":"https:\/\/www.europesays.com\/pt\/28321\/"},"modified":"2025-08-13T23:17:10","modified_gmt":"2025-08-13T23:17:10","slug":"cinemateca-paulo-amorim-recebe-relancamento-de-classico-e-estreia-de-documentario-nacionais","status":"publish","type":"post","link":"https:\/\/www.europesays.com\/pt\/28321\/","title":{"rendered":"Cinemateca Paulo Amorim recebe relan\u00e7amento de cl\u00e1ssico e estreia de document\u00e1rio nacionais"},"content":{"rendered":"<p>Programa\u00e7\u00e3o tamb\u00e9m dispon\u00edvel em <a href=\"http:\/\/www.cinematecapauloamorim.com.br\/\" target=\"_blank\" rel=\"noopener nofollow\" data-saferedirecturl=\"https:\/\/www.google.com\/url?q=http:\/\/www.cinematecapauloamorim.com.br&amp;source=gmail&amp;ust=1747331089459000&amp;usg=AOvVaw17j8nNyyycdxik81fGrRff\">www.cinematecapauloamorim.com.br<\/a><\/p>\n<p>\u00a0<\/p>\n<p><b>Sala Paulo Amorim<\/b><\/p>\n<p><b>\u00a0<\/b><\/p>\n<p><b>\u201cA Fanfarra\u201d <\/b>(En Fanfare, Fran\u00e7a, 2024, 103min). Dire\u00e7\u00e3o de Emmanuel Courcol, com Benjamin Lavernhe, Pierre Lottin, Sarah Suco. O2 Play\/Bonfilm, Livre. Legendado. Com\u00e9dia dram\u00e1tica.<\/p>\n<p><strong>Sinopse:<\/strong> Thibaut \u00e9 um maestro talentoso que v\u00ea sua vida tomar um rumo inesperado. Depois de passar mal em um ensaio, ele recebe um diagn\u00f3stico de leucemia, fica sabendo que precisa urgente de um transplante de medula e, na busca de um doador compat\u00edvel, descobre que foi adotado. Sua esperan\u00e7a recai sobre Jimmy, o irm\u00e3o biol\u00f3gico desconhecido, que tamb\u00e9m \u00e9 apaixonado por m\u00fasica. A vida, entretanto, conduziu ambos por caminhos completamente diferentes e esta nova jornada talvez n\u00e3o seja t\u00e3o simples de compartilhar. O longa fez parte da sele\u00e7\u00e3o oficial do Festival de Cannes de 2024 e integrou a programa\u00e7\u00e3o do Festival Varilux de Cinema Franc\u00eas.<\/p>\n<p><b>Sess\u00f5es: 15h<\/b><\/p>\n<p><b>\u00a0<\/b><\/p>\n<p><b>\u201cA Prisioneira de Bordeaux\u201d<\/b> (La Prisionni\u00e8re de Bordeaux \u2013 Fran\u00e7a, 2025, 108min). Dire\u00e7\u00e3o de Patricia Mazuy, com Isabelle Huppert e Hafsia Herzi. 14 anos. Legendado. Drama.<\/p>\n<p><strong>Sinopse:<\/strong> Duas mulheres de mundos opostos s\u00e3o unidas pela mesma realidade: a pris\u00e3o de seus companheiros. Alma, uma mulher solit\u00e1ria da alta sociedade, cruza o caminho de Mina, jovem m\u00e3e de origem humilde, durante uma visita \u00e0 penitenci\u00e1ria. A conex\u00e3o inesperada entre as duas d\u00e1 in\u00edcio a uma rela\u00e7\u00e3o complexa, que desafia barreiras sociais, culturais e emocionais.<\/p>\n<p><b>Sess\u00f5es: 17h15min<\/b><\/p>\n<p><b>\u00a0<\/b><\/p>\n<p><b>\u201cUma Bela Vida\u201d <\/b>(Le Dernier Souffle \u2013 Fran\u00e7a, 2024, 100min). Dire\u00e7\u00e3o de Costa-Gavras, com Denis Podalyd\u00e8s, Kad Merad, Charlotte Rampling, \u00c1ngela Molina. Livre. Legendado. Drama.<\/p>\n<p><strong>Sinopse: <\/strong>Depois de realizar uma s\u00e9rie de exames com m\u00e9dicos respeitados, o fil\u00f3sofo e pesquisador Fabrice resolve aprofundar seus estudos sobre o fim da vida. A partir de encontros com Augustin, m\u00e9dico especializado em cuidados paliativos, e seus pacientes terminais, surgem reflex\u00f5es sobre vida e morte, doen\u00e7a e cura, ansiedade e serenidade. Inspirado no livro hom\u00f4nimo do jornalista R\u00e9gis Debray e do m\u00e9dico Claude Grange, este \u00e9 vig\u00e9simo longa do diretor Costa-Gavras, de 92 anos.<\/p>\n<p><b>Sess\u00f5es: 19h15min<\/b><\/p>\n<p>\u00a0\u00a0<\/p>\n<p><b>Sala Eduardo Hirtz<\/b><\/p>\n<p>\u00a0<\/p>\n<p><b>\u201cCloud \u2013 Nuvem de Vingan\u00e7a\u201d <\/b>(Kuraudo \u2013 Jap\u00e3o, 2025, 123min). Dire\u00e7\u00e3o de Kiyoshi Kurosawa, com Masaki Suda, Amane Okayama, Masataka Kubota. 16 anos. Legendado. Drama.<\/p>\n<p><strong>Sinopse:<\/strong> Yoshii vive em T\u00f3quio e n\u00e3o se contenta apenas com o sal\u00e1rio da f\u00e1brica onde trabalha. Ele tamb\u00e9m faz bicos no e-commerce e percebe que, neste universo, \u00e9 muito f\u00e1cil enganar as pessoas. Uma t\u00e1tica \u00e9 revender produtos baratos por pre\u00e7os altos, mas, aos poucos, as pessoas lesadas por Yoshii resolvem cobrar seus direitos. A situa\u00e7\u00e3o sai do controle e envolve at\u00e9 mesmo as pessoas mais pr\u00f3ximas, como o antigo chefe e sua namorada. O filme foi indicado pelo Jap\u00e3o \u00e0 vaga no Oscar de melhor longa internacional.<\/p>\n<p><b>Sess\u00f5es: 14h45min<\/b><\/p>\n<p><b>\u00a0<\/b><\/p>\n<p><b>Estreia:<\/b><b> \u201cFaz de conta que \u00e9 Paris\u201d<\/b> (Pare parecchio Parigi \u2013 It\u00e1lia, 2024, 90min) Dire\u00e7\u00e3o de Leonardo Pieraccioni, com Leonardo Pieraccioni, Chiara Francini. 14 anos. Legendado. Com\u00e9dia dram\u00e1tica.<\/p>\n<p><strong>Sinopse:<\/strong> Inspirado em uma hist\u00f3ria que ganhou destaque nos anos 1980, o filme segue tr\u00eas irm\u00e3os distantes que se esfor\u00e7am para realizar o \u00faltimo desejo do velho pai: conhecer Paris. Mas a situa\u00e7\u00e3o n\u00e3o \u00e9 simples j\u00e1 que, por conta da sa\u00fade debilitada, o pai mal pode sair da cama.\u00a0 Assim, os irm\u00e3os resolvem improvisar e organizam uma viagem que avan\u00e7a poucos quil\u00f4metros de onde vivem. Enquanto fantasiam sobre pontos tur\u00edsticos da Cidade Luz, eles experimentam uma jornada de reconcilia\u00e7\u00e3o e trazem \u00e0 tona m\u00e1goas e lembran\u00e7as do passado.<\/p>\n<p><b>Sess\u00f5es: 17h<\/b><\/p>\n<p>\u00a0<\/p>\n<p><b>Relan\u00e7amento:<\/b><b> \u201cCarlota Joaquina, Princesa do Brazil\u201d<\/b> (Brasil, 1995, 100min). Dire\u00e7\u00e3o de Carla Camuratti, com Marieta Severo, Marco Nanini, Ludmila Dayer, Vera Holtz. 12 anos. Com\u00e9dia dram\u00e1tica.<\/p>\n<p><strong>Sinopse:<\/strong> Marco da retomada do cinema brasileiro, o filme lan\u00e7ado h\u00e1 30 anos volta a cartaz em c\u00f3pia restaurada e com uma hist\u00f3ria que lan\u00e7a luz sobre o Brasil atual.\u00a0 A protagonista \u00e9 Carlota, uma princesa espanhola talentosa e instru\u00edda que se casa com Jo\u00e3o, pr\u00edncipe de Portugal. Em meio \u00e0s turbul\u00eancias provocadas pela Revolu\u00e7\u00e3o Francesa e pelas amea\u00e7as de invas\u00e3o napole\u00f4nica, a corte portuguesa resolve fugir para o Brasil \u2013 o que d\u00e1 origem a uma nova fase da hist\u00f3ria luso-brasileira.<\/p>\n<p><b>Sess\u00f5es: 18h45min (n\u00e3o haver\u00e1 exibi\u00e7\u00e3o no s\u00e1bado, dia 16)<\/b><\/p>\n<p><b>\u00a0<\/b><\/p>\n<p><b>Pr\u00e9-estreia: <\/b><b>\u201cA Luz\u201d<\/b> (Das Licht \u2013 Alemanha, 2024, 155min). Dire\u00e7\u00e3o de Tom Tykwer, com Tala Al Deen, Lars Eidinger, Nicolette Krebitz. 14 anos. Legendado. Drama.<\/p>\n<p><strong>Sinopse: <\/strong>Tim e Milena dividem um apartamento em Berlim com seus filhos g\u00eameos e mais um filho de Milena de outro casamento. Apesar de morarem juntos, todos t\u00eam vidas separadas e pouco se interessam uns pelos outros. Essa rela\u00e7\u00e3o sem afeto come\u00e7a a mudar com a chegada de Farrah, a nova empregada que veio da S\u00edria e tem planos bem particulares de mudar a forma como a fam\u00edlia entende o mundo.<\/p>\n<p><b>Sess\u00e3o: no s\u00e1bado, dia 16, \u00e0s 18h45min<\/b><\/p>\n<p>\u00a0<\/p>\n<p><b>Sala Norberto Lubisco<\/b><\/p>\n<p><b>\u00a0<\/b><\/p>\n<p><b>\u201cUm Lobo entre Cisnes\u201d <\/b>(Brasil, 2025, 115min). Dire\u00e7\u00e3o de Marcos Schechtman e Helena Varvaki, com Matheus Abreu e Dar\u00edo Grandinetti. <b>Sess\u00e3o Vitrine Petrobras<\/b>, 14 anos. Drama biogr\u00e1fico.<\/p>\n<p><strong>Sinopse:<\/strong> Thiago Soares nasceu em 1981 e cresceu no sub\u00farbio do Rio de Janeiro, onde frequentou aulas no circo e foi incentivado a participar das batalhas de hip-hop. Seu talento para a dan\u00e7a o levou a integrar o corpo de bailarinos do Theatro Municipal do Rio de Janeiro; em 2001, ganhou o concurso do concorrido Ballet Bolshoi e depois foi para o Ballet Kirov. Sob a orienta\u00e7\u00e3o de seu mentor, o cubano Dino Carrera, se tornou o primeiro bailarino do Royal Ballet de Londres.<\/p>\n<p><b>Sess\u00f5es: 14h30min (n\u00e3o haver\u00e1 exibi\u00e7\u00f5es no s\u00e1bado e domingo \u2013 dias 16 e 17)<\/b><\/p>\n<p><b>\u00a0<\/b><\/p>\n<p><b>Dia Estadual do Patrim\u00f4nio Cultural <\/b><b>\u2013 <\/b>sess\u00f5es gratuitas de filmes que valorizam o patrim\u00f4nio material e imaterial do RS. Entrada franca.<\/p>\n<p><b>\u201cO Grande Tambor\u201d<\/b> (2010, 124min). <\/p>\n<p>Com dire\u00e7\u00e3o de Gustavo T\u00fcrck e S\u00e9rgio Valentim, o document\u00e1rio narra a trajet\u00f3ria do tambor de sopapo, que carrega a hist\u00f3ria da di\u00e1spora africana no Rio Grande do Sul.<\/p>\n<p><b>Sess\u00e3o: s\u00e1bado, dia 16, \u00e0s 14h<\/b><\/p>\n<p>\u00a0<\/p>\n<p><b>\u201cBochincho \u2013 O Filme\u201d<\/b> (2020, 17min) e \u201c<b>Flor\u00eancio Guerra &amp; seu cavalo\u201d<\/b> (2021, 15min). <\/p>\n<p>Os curtas de Guilherme Suman destacam o cotidiano do ga\u00facho e valores como a amizade e os costumes.<\/p>\n<p><b>Sess\u00e3o: domingo, dia 17, \u00e0s 14h<\/b><\/p>\n<p>\u00a0<\/p>\n<p><b>Estreia:<\/b><b> \u201cNiki de Saint-Phalle\u201d<\/b> (Niki \u2013 Fran\u00e7a, 2024, 100min). Dire\u00e7\u00e3o de C\u00e9line Sallette, com Charlotte Le Bon, Damien Bonnard, Judith Chemla, John Robinson. 14 anos. Legendado. Drama biogr\u00e1fico.<\/p>\n<p><strong>Sinopse:<\/strong> Niki de Saint-Phalle (1930 \u2013 2002) foi um artista de esculturas grandiosas e pinturas inquietantes, resultado de lembran\u00e7as e mem\u00f3rias sofridas \u2013 e que foram canalizadas pela arte.\u00a0 Ela nasceu em Washington e, aos 23 anos, se mudou com o marido e a filha pequena para Paris, fugindo do Macarthismo que imperava nos Estados Unidos. O filme de estreia da diretora C\u00e9line Sallet mostra como as lembran\u00e7as de inf\u00e2ncia, a maternidade e a descoberta da voca\u00e7\u00e3o art\u00edstica fizeram com que Niki enfrentasse seus medos e buscasse outros caminhos.<\/p>\n<p><b>Sess\u00f5es: 16h45min<\/b><\/p>\n<p>\u00a0<\/p>\n<p>\u00a0<b>Estreia:<\/b><b>\u00a0 \u201cNo C\u00e9u da P\u00e1tria Nesse Instante\u201d <\/b>(Brasil, 2024, 105min). Document\u00e1rio de Sandra Kogut. 14 anos.<\/p>\n<p><strong>Sinopse:<\/strong> Rodado ao longo do ano de 2022, o filme acompanha os meses turbulentos do per\u00edodo eleitoral que culminaram na invas\u00e3o do Congresso Nacional, do Pal\u00e1cio do Planalto e do STF, no dia 8 de janeiro de 2023. Atrav\u00e9s do olhar pessoal e da viv\u00eancia pol\u00edtica de alguns personagens envolvidos no processo das elei\u00e7\u00f5es, surge um Brasil mergulhado na tens\u00e3o e expectativa, onde coexistem realidades paralelas e que t\u00eam dificuldade de se enxergar mutuamente.<\/p>\n<p><b>Sess\u00f5es: 19h<\/b><\/p>\n","protected":false},"excerpt":{"rendered":"Programa\u00e7\u00e3o tamb\u00e9m dispon\u00edvel em www.cinematecapauloamorim.com.br \u00a0 Sala Paulo Amorim \u00a0 \u201cA Fanfarra\u201d (En Fanfare, Fran\u00e7a, 2024, 103min). Dire\u00e7\u00e3o&hellip;\n","protected":false},"author":2,"featured_media":28322,"comment_status":"","ping_status":"","sticky":false,"template":"","format":"standard","meta":{"footnotes":""},"categories":[140],"tags":[470,9548,315,114,115,147,148,146,4677,32,33],"class_list":{"0":"post-28321","1":"post","2":"type-post","3":"status-publish","4":"format-standard","5":"has-post-thumbnail","7":"category-filmes","8":"tag-cinema","9":"tag-cinemateca-paulo-amorim","10":"tag-cultura","11":"tag-entertainment","12":"tag-entretenimento","13":"tag-film","14":"tag-filmes","15":"tag-movies","16":"tag-porto-alegre","17":"tag-portugal","18":"tag-pt"},"share_on_mastodon":{"url":"","error":""},"_links":{"self":[{"href":"https:\/\/www.europesays.com\/pt\/wp-json\/wp\/v2\/posts\/28321","targetHints":{"allow":["GET"]}}],"collection":[{"href":"https:\/\/www.europesays.com\/pt\/wp-json\/wp\/v2\/posts"}],"about":[{"href":"https:\/\/www.europesays.com\/pt\/wp-json\/wp\/v2\/types\/post"}],"author":[{"embeddable":true,"href":"https:\/\/www.europesays.com\/pt\/wp-json\/wp\/v2\/users\/2"}],"replies":[{"embeddable":true,"href":"https:\/\/www.europesays.com\/pt\/wp-json\/wp\/v2\/comments?post=28321"}],"version-history":[{"count":0,"href":"https:\/\/www.europesays.com\/pt\/wp-json\/wp\/v2\/posts\/28321\/revisions"}],"wp:featuredmedia":[{"embeddable":true,"href":"https:\/\/www.europesays.com\/pt\/wp-json\/wp\/v2\/media\/28322"}],"wp:attachment":[{"href":"https:\/\/www.europesays.com\/pt\/wp-json\/wp\/v2\/media?parent=28321"}],"wp:term":[{"taxonomy":"category","embeddable":true,"href":"https:\/\/www.europesays.com\/pt\/wp-json\/wp\/v2\/categories?post=28321"},{"taxonomy":"post_tag","embeddable":true,"href":"https:\/\/www.europesays.com\/pt\/wp-json\/wp\/v2\/tags?post=28321"}],"curies":[{"name":"wp","href":"https:\/\/api.w.org\/{rel}","templated":true}]}}