{"id":283961,"date":"2026-02-25T22:21:19","date_gmt":"2026-02-25T22:21:19","guid":{"rendered":"https:\/\/www.europesays.com\/pt\/283961\/"},"modified":"2026-02-25T22:21:19","modified_gmt":"2026-02-25T22:21:19","slug":"deputado-alerta-para-vacinacao-contra-brucelose-no-ceara-e-destaca-investimento-de-r-17-milhao","status":"publish","type":"post","link":"https:\/\/www.europesays.com\/pt\/283961\/","title":{"rendered":"Deputado alerta para vacina\u00e7\u00e3o contra brucelose no Cear\u00e1 e destaca investimento de R$ 1,7 milh\u00e3o"},"content":{"rendered":"<p>O deputado estadual <strong>De Assis Diniz (PT)<\/strong> alertou, nesta ter\u00e7a-feira (24), no plen\u00e1rio da <strong>Assembleia Legislativa do Estado do Cear\u00e1 (Alece)<\/strong>, para a urg\u00eancia da vacina\u00e7\u00e3o dos rebanhos contra a <strong>brucelose<\/strong> no Cear\u00e1. Presidente da <strong>Frente Parlamentar em Defesa da Agricultura Familiar<\/strong>, Pecu\u00e1ria e Pesca, De Assis destacou o investimento de aproximadamente R$ 1,7 milh\u00e3o em uma ampla campanha de imuniza\u00e7\u00e3o no Estado. <\/p>\n<p>Segundo ele, a a\u00e7\u00e3o conta com articula\u00e7\u00e3o do presidente Luiz Inacio Lula da Silva, por meio do Minist\u00e9rio da Agricultura e Pecu\u00e1ria, e do governador Elmano de Freitas (PT), al\u00e9m do apoio da Agencia de Defesa Agropecu\u00e1ria do Ceara, Empresa de Assist\u00eancia T\u00e9cnica e Extens\u00e3o Rural do Ceara e Federa\u00e7\u00e3o da Agricultura e Pecu\u00e1ria do Estado do Ceara.<\/p>\n<p>O que \u00e9 a brucelose e quais os preju\u00edzos<\/p>\n<p><strong>A brucelose \u00e9 uma doen\u00e7a infecciosa e zoon\u00f3tica que pode ser transmitida aos humanos.<\/strong> Nos rebanhos, provoca abortos, queda na produ\u00e7\u00e3o de leite, perda de peso e restri\u00e7\u00f5es sanit\u00e1rias que impactam a comercializa\u00e7\u00e3o de animais e derivados. De acordo com o deputado, os preju\u00edzos atingem diretamente pequenos e m\u00e9dios pecuaristas, al\u00e9m de afetar a economia agropecu\u00e1ria estadual.<\/p>\n<p>Vacina\u00e7\u00e3o deve atingir 100 mil bezerras<\/p>\n<p>A principal medida de controle da brucelose \u00e9 a<strong> imuniza\u00e7\u00e3o de bezerras entre 3 e 8 meses de idade.<\/strong> A meta da campanha \u00e9 <strong>vacinar cerca de 100 mil animais no Cear\u00e1.<\/strong> A aplica\u00e7\u00e3o da vacina deve ser feita por m\u00e9dico-veterin\u00e1rio ou vacinador credenciado, conforme normas sanit\u00e1rias vigentes.<\/p>\n<p>Foco na agricultura familiar<\/p>\n<p>De Assis Diniz ressaltou que o Governo do Estado, por meio da <strong>Adagri, Ematerce e da Secretaria do Desenvolvimento Agr\u00e1rio<\/strong>, tem intensificado campanhas educativas, fiscaliza\u00e7\u00e3o sanit\u00e1ria e apoio t\u00e9cnico aos produtores rurais. O objetivo \u00e9 ampliar a cobertura vacinal, reduzir a incid\u00eancia da doen\u00e7a e fortalecer a competitividade do setor leiteiro e de corte, especialmente na agricultura familiar, que representa parcela significativa da produ\u00e7\u00e3o pecu\u00e1ria no Cear\u00e1.<\/p>\n","protected":false},"excerpt":{"rendered":"O deputado estadual De Assis Diniz (PT) alertou, nesta ter\u00e7a-feira (24), no plen\u00e1rio da Assembleia Legislativa do Estado&hellip;\n","protected":false},"author":2,"featured_media":283962,"comment_status":"","ping_status":"","sticky":false,"template":"","format":"standard","meta":{"footnotes":"","_share_on_mastodon":"0"},"categories":[86],"tags":[51588,51589,51590,44867,21181,1677,51591,44591,51592,116,32,33,117,51593],"class_list":["post-283961","post","type-post","status-publish","format-standard","has-post-thumbnail","category-saude","tag-agencia-de-defesa-agropecuaria-do-ceara-adagri","tag-bezerra","tag-bezerros","tag-bovinos","tag-brucelose","tag-campanha","tag-de-assis-diniz","tag-elmano-de-freitas","tag-ematerce","tag-health","tag-portugal","tag-pt","tag-saude","tag-sda"],"share_on_mastodon":{"url":"https:\/\/pubeurope.com\/@pt\/116133605199994162","error":""},"_links":{"self":[{"href":"https:\/\/www.europesays.com\/pt\/wp-json\/wp\/v2\/posts\/283961","targetHints":{"allow":["GET"]}}],"collection":[{"href":"https:\/\/www.europesays.com\/pt\/wp-json\/wp\/v2\/posts"}],"about":[{"href":"https:\/\/www.europesays.com\/pt\/wp-json\/wp\/v2\/types\/post"}],"author":[{"embeddable":true,"href":"https:\/\/www.europesays.com\/pt\/wp-json\/wp\/v2\/users\/2"}],"replies":[{"embeddable":true,"href":"https:\/\/www.europesays.com\/pt\/wp-json\/wp\/v2\/comments?post=283961"}],"version-history":[{"count":0,"href":"https:\/\/www.europesays.com\/pt\/wp-json\/wp\/v2\/posts\/283961\/revisions"}],"wp:featuredmedia":[{"embeddable":true,"href":"https:\/\/www.europesays.com\/pt\/wp-json\/wp\/v2\/media\/283962"}],"wp:attachment":[{"href":"https:\/\/www.europesays.com\/pt\/wp-json\/wp\/v2\/media?parent=283961"}],"wp:term":[{"taxonomy":"category","embeddable":true,"href":"https:\/\/www.europesays.com\/pt\/wp-json\/wp\/v2\/categories?post=283961"},{"taxonomy":"post_tag","embeddable":true,"href":"https:\/\/www.europesays.com\/pt\/wp-json\/wp\/v2\/tags?post=283961"}],"curies":[{"name":"wp","href":"https:\/\/api.w.org\/{rel}","templated":true}]}}