{"id":28418,"date":"2025-08-14T01:25:13","date_gmt":"2025-08-14T01:25:13","guid":{"rendered":"https:\/\/www.europesays.com\/pt\/28418\/"},"modified":"2025-08-14T01:25:13","modified_gmt":"2025-08-14T01:25:13","slug":"veja-quem-estara-no-novo-ano-do-lady-night","status":"publish","type":"post","link":"https:\/\/www.europesays.com\/pt\/28418\/","title":{"rendered":"veja quem estar\u00e1 no novo ano do Lady Night"},"content":{"rendered":"<p>A nova temporada do <a href=\"https:\/\/natelinha.uol.com.br\/televisao\/programas\/lady-night\" rel=\"nofollow noopener\" target=\"_blank\">Lady Night<\/a> estreia na pr\u00f3xima segunda-feira (18) no canal Multishow,\u00a0apresentando quadros in\u00e9ditos e uma lista de convidados de diferentes \u00e1reas do entretenimento. O programa, comandado por Tat\u00e1 Werneck, contar\u00e1 com participa\u00e7\u00f5es de nomes\u00a0bastante variados, como o eterno Pescador Parrudo, o ator <a href=\"https:\/\/natelinha.uol.com.br\/famosos\/tudo-sobre\/marcos-pasquim\" rel=\"nofollow noopener\" target=\"_blank\">Marcos Pasquim<\/a>. Al\u00e9m dele, nomes como Sasha Meneghel, filha de Xuxa e Rodrigo Faro tamb\u00e9m ser\u00e3o entrevistados.<\/p>\n<p>continua depois da publicidade<\/p>\n<p>O epis\u00f3dio de abertura ter\u00e1 como entrevistado <a href=\"https:\/\/natelinha.uol.com.br\/famosos\/tudo-sobre\/rodrigo-faro\" rel=\"nofollow noopener\" target=\"_blank\">Rodrigo Faro<\/a>, que recentemente deixou a Record e atualmente participa do quadro Dan\u00e7a dos Famosos, no Doming\u00e3o com Huck, da Globo. O apresentador est\u00e1 cada vez mais com participa\u00e7\u00f5es na programa\u00e7\u00e3o da emissora, mas ainda n\u00e3o houve nenhum contrato de longa dura\u00e7\u00e3o para outro projeto que n\u00e3o seja sua presen\u00e7a no programa de Luciano Huck.<\/p>\n<p>Outro nome marcante ser\u00e1 o de <a href=\"https:\/\/natelinha.uol.com.br\/famosos\/tudo-sobre\/sasha-meneghel\" rel=\"nofollow noopener\" target=\"_blank\">Sasha Meneghel<\/a>. A filha de Xuxa sentar\u00e1 no sof\u00e1 com Tat\u00e1 Werneck, depois da m\u00e3e ter participado mais de uma vez do programa do Multishow. Ainda n\u00e3o h\u00e1 data marcada para a entrevista dela ser exibida.<\/p>\n<p>continua depois da publicidade<\/p>\n<p>Coincid\u00eancia ou n\u00e3o, a atra\u00e7\u00e3o contar\u00e1 com dois int\u00e9rpretes de uma novela ic\u00f4nica. Marcos Pasquim, o eterno Pescador Parrudo e seu principal antagonista, vivido por Humberto Martins em Kubanacan (2003) participar\u00e3o do programa de Tat\u00e1.<\/p>\n<p>O Lady Night tamb\u00e9m receber\u00e1, ao longo da temporada, Nicole Bahls, Christiane Torloni, Camila Pitanga, Marcelo Serrado, Sandra Annenberg, Junior, Serginho Groisman, Alice Wegmann, Sheron Menezes, MC Daniel, Christina Rocha, M\u00e1rcia Goldschmidt, Belo, P\u00e9ricles e Xande de Pilares.<\/p>\n<p>continua depois da publicidade<\/p>\n<p>Segundo <a href=\"https:\/\/natelinha.uol.com.br\/famosos\/tudo-sobre\/tata-werneck\" rel=\"nofollow noopener\" target=\"_blank\">Tat\u00e1 Werneck<\/a>, cada nova temporada \u00e9 preparada como se fosse a primeira. \u201cO Lady Night \u00e9 um programa artesanal. E nunca entro numa temporada como se tivesse h\u00e1 nove anos fazendo o programa. Sempre come\u00e7o como se fosse a primeira vez e tivesse que conquistar tudo de novo\u201d, afirmou \u00e0 Veja.<\/p>\n","protected":false},"excerpt":{"rendered":"A nova temporada do Lady Night estreia na pr\u00f3xima segunda-feira (18) no canal Multishow,\u00a0apresentando quadros in\u00e9ditos e uma&hellip;\n","protected":false},"author":2,"featured_media":28419,"comment_status":"","ping_status":"","sticky":false,"template":"","format":"standard","meta":{"footnotes":""},"categories":[145],"tags":[211,210,114,115,9555,9556,32,33,4573,4454,1136],"class_list":{"0":"post-28418","1":"post","2":"type-post","3":"status-publish","4":"format-standard","5":"has-post-thumbnail","7":"category-celebridades","8":"tag-celebridades","9":"tag-celebrities","10":"tag-entertainment","11":"tag-entretenimento","12":"tag-lady-night","13":"tag-marcos-pasquim","14":"tag-portugal","15":"tag-pt","16":"tag-rodrigo-faro","17":"tag-sasha-meneghel","18":"tag-tata-werneck"},"share_on_mastodon":{"url":"","error":""},"_links":{"self":[{"href":"https:\/\/www.europesays.com\/pt\/wp-json\/wp\/v2\/posts\/28418","targetHints":{"allow":["GET"]}}],"collection":[{"href":"https:\/\/www.europesays.com\/pt\/wp-json\/wp\/v2\/posts"}],"about":[{"href":"https:\/\/www.europesays.com\/pt\/wp-json\/wp\/v2\/types\/post"}],"author":[{"embeddable":true,"href":"https:\/\/www.europesays.com\/pt\/wp-json\/wp\/v2\/users\/2"}],"replies":[{"embeddable":true,"href":"https:\/\/www.europesays.com\/pt\/wp-json\/wp\/v2\/comments?post=28418"}],"version-history":[{"count":0,"href":"https:\/\/www.europesays.com\/pt\/wp-json\/wp\/v2\/posts\/28418\/revisions"}],"wp:featuredmedia":[{"embeddable":true,"href":"https:\/\/www.europesays.com\/pt\/wp-json\/wp\/v2\/media\/28419"}],"wp:attachment":[{"href":"https:\/\/www.europesays.com\/pt\/wp-json\/wp\/v2\/media?parent=28418"}],"wp:term":[{"taxonomy":"category","embeddable":true,"href":"https:\/\/www.europesays.com\/pt\/wp-json\/wp\/v2\/categories?post=28418"},{"taxonomy":"post_tag","embeddable":true,"href":"https:\/\/www.europesays.com\/pt\/wp-json\/wp\/v2\/tags?post=28418"}],"curies":[{"name":"wp","href":"https:\/\/api.w.org\/{rel}","templated":true}]}}