{"id":285688,"date":"2026-02-27T10:14:13","date_gmt":"2026-02-27T10:14:13","guid":{"rendered":"https:\/\/www.europesays.com\/pt\/285688\/"},"modified":"2026-02-27T10:14:13","modified_gmt":"2026-02-27T10:14:13","slug":"explosoes-no-afeganistao-paquistao-declara-guerra-aberta-ao-regime-taliban","status":"publish","type":"post","link":"https:\/\/www.europesays.com\/pt\/285688\/","title":{"rendered":"Explos\u00f5es no Afeganist\u00e3o. Paquist\u00e3o declara &#8220;guerra aberta&#8221; ao regime taliban"},"content":{"rendered":"<p>                O Governo do Paquist\u00e3o, pela voz do ministro da Defesa, Khawaja Asif, declarou esta sexta-feira que o pa\u00eds est\u00e1 em &#8220;guerra aberta&#8221; com o regime taliban do Afeganist\u00e3o, na sequ\u00eancia de combates fronteri\u00e7os. H\u00e1 not\u00edcia de explos\u00f5es na capital afeg\u00e3, Cabul.<\/p>\n<p>Por sua vez, o primeiro-ministro paquistan\u00eas, Muhammad Shehbaz Sharif, veio afirmar que <b>as For\u00e7as Armadas do pa\u00eds disp\u00f5em de &#8220;plena capacidade para reduzir a p\u00f3 qualquer ambi\u00e7\u00e3o agressiva&#8221;<\/b>.<\/p>\n<p><b>&#8220;A na\u00e7\u00e3o inteira est\u00e1 de p\u00e9, ombro a ombro com as For\u00e7as Armadas&#8221;<\/b>, clamou Sharif, numa declara\u00e7\u00e3o reproduzida no X, para acentuar que os militares paquistaneses est\u00e3o a agir &#8220;com fervor nacional&#8221;, liderados pelo marechal Syed Asim Munir.<\/p>\n<blockquote class=\"twitter-tweet\"><p>&#13;<\/p>\n<p lang=\"en\" dir=\"ltr\">&#13;<br \/>\n\t\ud83d\udea8\u26a0\ufe0fOfficial Statement of the Prime Minister of Pakistan Muhammad Shehbaz Sharif<\/p>\n<p>The people and armed forces of Pakistan are always ready to protect the country&#8217;s security, sovereignty, and territorial integrity.<\/p>\n<p>The resolve of the Pakistan Armed Forces is that under no\u2026 <a href=\"https:\/\/t.co\/BqHesnQbZY\" rel=\"nofollow\">pic.twitter.com\/BqHesnQbZY<\/a>&#13;\n\t<\/p>\n<p>&#13;<br \/>\n\t\u2014 Pakistan Armed Forces News \ud83c\uddf5\ud83c\uddf0 (@PakistanFauj) <a href=\"https:\/\/twitter.com\/PakistanFauj\/status\/2027144703242883118?ref_src=twsrc%5Etfw\" rel=\"nofollow noopener\" target=\"_blank\">February 26, 2026<\/a>&#13;\n<\/p><\/blockquote>\n<p>\n<b>&#8220;As nossas for\u00e7as est\u00e3o equipadas com capacidades profissionais, forma\u00e7\u00e3o superior e uma estrat\u00e9gia defensiva eficaz para enfrentar qualquer desafio interno ou externo&#8221;<\/b>, afirmou Sharif.O chefe do Governo do Paquist\u00e3o excluiu qualquer &#13;<br \/>\n&#8220;compromisso na defesa da querida p\u00e1tria&#8221; e garantir que haver\u00e1 uma &#13;<br \/>\nresposta firma a quaisquer incurs\u00f5es.<\/p>\n<p>As tens\u00f5es entre os dois pa\u00edses culminaram com uma <b>vaga de ataques dos taliban na fronteira, durante a noite de quinta-feira, e a consequente retalia\u00e7\u00e3o paquistanesa<\/b>. <\/p>\n<p>Cabul foi entretanto alvo de bombardeamentos e agudizaram-se os confrontos na denominada Linha Durand &#8211; demarca\u00e7\u00e3o fronteiri\u00e7a.<\/p>\n<p>De acordo com as autoridades paquistanesas, <b>a retalia\u00e7\u00e3o ter\u00e1 causado as mortes de 133 taliban e mais de 200 feridos<\/b>. J\u00e1 <b>o Minist\u00e9rio afeg\u00e3o da Defesa assume apenas oito baixas e 11 feridos entre os seus combatentes<\/b>.<\/p>\n<p><b>Os taliban reinvidicam as mortes de 55 operacionais paquistaneses<\/b>. Alegam tamb\u00e9m ter recolhido 23 corpos de soldados do pa\u00eds vizinho, mantendo v\u00e1rios efetivos prisioneiros.<br \/>&#13;<br \/>\n&#8220;Ataques em massa&#8221;<br \/>&#13;<br \/>\n<br \/>&#13;<br \/>\nNa quinta-feira, as for\u00e7as do regime taliban haviam anunciado &#8220;ataques em massa&#8221; na fronteira, em resposta a bombardeamentos levados a cabo pelo Paquist\u00e3o, no passado fim de semana, sobre as prov\u00edncias afeg\u00e3s de Namgarhar e Paktika. <b>Islamabad descreveu estes ataques como uma resposta a atentados suicidas em solo paquistan\u00eas<\/b>.A miss\u00e3o das Na\u00e7\u00f5es Unidas no Afeganist\u00e3o adiantou que morreram pelo menos 13 civis nos bombardeamentos paquistaneses do fim de semana. Cabul apontou para 18 v\u00edtimas mortais.<br \/>&#13;\n<\/p>\n<p>Islamabad acusa o regime taliban &#8211; que regressou ao poder em agosto de 2021, ap\u00f3s a retirada dos Estados Unidos &#8211; de abrigar ativistas que desencadeiam ataques c\u00edclicos contra o Paquist\u00e3o. <b>A autoria da maior parte dos ataques foi reivindicada pelos taliban paquistaneses<\/b>.<\/p>\n<p>As rela\u00e7\u00f5es entre o Afeganist\u00e3o e o Paquist\u00e3o &#8211; pot\u00eancia nuclear, a par da \u00cdndia &#8211; degradaram-se nos \u00faltimos meses. Sucessivos combates levaram ao encerramento dos principais pontos de passagem da linha de fronteira. <b>Em outubro passado, ter\u00e3o morrido mais de 70 soldados e combatentes dos dois pa\u00edses<\/b>.<\/p>\n<p>Uma tr\u00e9gua implementada a 19 de outubro, sob os bons of\u00edcios do Catar e da Turquia, durou escassos nove dias. Sucederam-se v\u00e1rias rondas negociais &#8211; sem sucesso.<\/p>\n<p>Nas \u00faltimas horas, <b>o ministro iraniano dos Neg\u00f3cios Estrangeiros, Abbas Araghchi, ofereceu-se para &#8220;facilitar o di\u00e1logo&#8221; entre afeg\u00e3os e paquistaneses<\/b>. Em simult\u00e2neo, os chefes das diplomacias saudita e paquistanesa mantiveram contactos telef\u00f3nicos no sentido de &#8220;reduzir as tens\u00f5es&#8221;, nos termos de um comunicado de Riade.<\/p>\n<p>c\/ ag\u00eancias&#13;\n            <\/p>\n<p><script async src=\"https:\/\/platform.twitter.com\/widgets.js\" charset=\"utf-8\"><\/script><\/p>\n","protected":false},"excerpt":{"rendered":"O Governo do Paquist\u00e3o, pela voz do ministro da Defesa, Khawaja Asif, declarou esta sexta-feira que o pa\u00eds&hellip;\n","protected":false},"author":2,"featured_media":285689,"comment_status":"","ping_status":"","sticky":false,"template":"","format":"standard","meta":{"footnotes":"","_share_on_mastodon":"0"},"categories":[8],"tags":[15560,27,28,44826,2537,15,16,830,14,51849,25,26,21,22,20466,12,13,19,20,4119,32,23,24,33,1115,15561,17,18,29,30,31],"class_list":["post-285688","post","type-post","status-publish","format-standard","has-post-thumbnail","category-principais-noticias","tag-afeganistao","tag-breaking-news","tag-breakingnews","tag-cabul","tag-defesa","tag-featured-news","tag-featurednews","tag-guerra","tag-headlines","tag-khawaja-asif","tag-latest-news","tag-latestnews","tag-main-news","tag-mainnews","tag-ministro","tag-news","tag-noticias","tag-noticias-principais","tag-noticiasprincipais","tag-paquistao","tag-portugal","tag-principais-noticias","tag-principaisnoticias","tag-pt","tag-regime","tag-taliban","tag-top-stories","tag-topstories","tag-ultimas","tag-ultimas-noticias","tag-ultimasnoticias"],"share_on_mastodon":{"url":"https:\/\/pubeurope.com\/@pt\/116142071253753230","error":""},"_links":{"self":[{"href":"https:\/\/www.europesays.com\/pt\/wp-json\/wp\/v2\/posts\/285688","targetHints":{"allow":["GET"]}}],"collection":[{"href":"https:\/\/www.europesays.com\/pt\/wp-json\/wp\/v2\/posts"}],"about":[{"href":"https:\/\/www.europesays.com\/pt\/wp-json\/wp\/v2\/types\/post"}],"author":[{"embeddable":true,"href":"https:\/\/www.europesays.com\/pt\/wp-json\/wp\/v2\/users\/2"}],"replies":[{"embeddable":true,"href":"https:\/\/www.europesays.com\/pt\/wp-json\/wp\/v2\/comments?post=285688"}],"version-history":[{"count":0,"href":"https:\/\/www.europesays.com\/pt\/wp-json\/wp\/v2\/posts\/285688\/revisions"}],"wp:featuredmedia":[{"embeddable":true,"href":"https:\/\/www.europesays.com\/pt\/wp-json\/wp\/v2\/media\/285689"}],"wp:attachment":[{"href":"https:\/\/www.europesays.com\/pt\/wp-json\/wp\/v2\/media?parent=285688"}],"wp:term":[{"taxonomy":"category","embeddable":true,"href":"https:\/\/www.europesays.com\/pt\/wp-json\/wp\/v2\/categories?post=285688"},{"taxonomy":"post_tag","embeddable":true,"href":"https:\/\/www.europesays.com\/pt\/wp-json\/wp\/v2\/tags?post=285688"}],"curies":[{"name":"wp","href":"https:\/\/api.w.org\/{rel}","templated":true}]}}