{"id":286084,"date":"2026-02-27T16:24:17","date_gmt":"2026-02-27T16:24:17","guid":{"rendered":"https:\/\/www.europesays.com\/pt\/286084\/"},"modified":"2026-02-27T16:24:17","modified_gmt":"2026-02-27T16:24:17","slug":"irina-shayk-impoe-estilo-no-festival-de-sanremo-sem-deixar-espaco-para-politica","status":"publish","type":"post","link":"https:\/\/www.europesays.com\/pt\/286084\/","title":{"rendered":"Irina Shayk imp\u00f5e estilo no Festival de Sanremo sem deixar espa\u00e7o para pol\u00edtica"},"content":{"rendered":"<p data-remotead-prev-elm=\"true\" data-remotead-elm-id=\"inread\">O Teatro Ariston transformou-se, na quinta-feira, numa verdadeira passarela quando Irina Shayk subiu ao palco como coapresentadora da terceira noite do Festival de Sanremo. Com cria\u00e7\u00f5es vintage de Riccardo Tisci, desenhadas durante a sua dire\u00e7\u00e3o na Givenchy e depois na Burberry, a modelo imp\u00f4s estilo. Cada entrada refletiu eleg\u00e2ncia, sofistica\u00e7\u00e3o e um toque de ousadia que elevou imediatamente o n\u00edvel do espet\u00e1culo.<\/p>\n<p data-remotead-prev-elm=\"true\" data-remotead-elm-id=\"inread2\"><img decoding=\"async\" class=\"ngx-body\" guid=\"1d9ccfa1-7f65-4df1-a418-ebd95b6832c4\" src=\"https:\/\/www.europesays.com\/pt\/wp-content\/uploads\/2026\/02\/1772209457_566_image.webp.webp\" width=\"100%\"\/>Irina Shayk entre Carlo Conti e Laura Pausini (Foto: Ettore Ferrari\/EPA)<\/p>\n<p>Logo no in\u00edcio, Irina impressionou com um fato coberto por renda preta, justo como uma segunda pele, acompanhado por luvas que projetavam um ar de &#8220;femme fatale&#8221;. A saia tipo sarongue deu um toque casual chique, quase minimalista para o palco do Ariston, mas a antiga namorada de Cristiano Ronaldo sustentou-o com naturalidade.<\/p>\n<p>O segundo visual comp\u00f4s-se por um macac\u00e3o preto e um bon\u00e9 de aba. O visual despertou curiosidade e mostrou versatilidade, ainda que com um toque irreverente que fez lembrar um &#8220;Super Mario dark edition&#8221;.<\/p>\n<p data-remotead-prev-elm=\"true\" data-remotead-elm-id=\"centro1\"><img decoding=\"async\" class=\"ngx-body\" guid=\"6d37ee9f-1a31-44db-9916-61206651970e\" src=\"https:\/\/www.europesays.com\/pt\/wp-content\/uploads\/2026\/02\/1772209457_773_image.webp.webp\" width=\"100%\"\/>Foto: Ettore Ferrari\/EPA<\/p>\n<p>No terceiro momento, Irina elevou a fasquia: um vestido com franjas duplas, preto de um lado e colorido do outro, criando um efeito hipn\u00f3tico, com duas faixas verticais de lantejoulas a cobrir o busto. A escolha destacou-se pela originalidade e impacto visual, confirmando a sua autoridade no estilo.<\/p>\n<p><img decoding=\"async\" class=\"ngx-body\" guid=\"fe27c775-ce2b-44d1-b44a-6853c0fa38a6\" src=\"https:\/\/www.europesays.com\/pt\/wp-content\/uploads\/2026\/02\/1772209457_356_image.webp.webp\" width=\"100%\"\/>Foto: Ettore Ferrari\/EPA<\/p>\n<p>Por fim, a quarta troca sugeriu uma odalisca negra, com um vestido comprido de mangas longas com correntes douradas na cintura e pulsos, combinando sensualidade com sofistica\u00e7\u00e3o m\u00e1xima.<\/p>\n<p data-remotead-prev-elm=\"true\" data-remotead-elm-id=\"centro2\"><img decoding=\"async\" class=\"ngx-body\" guid=\"33c43d79-80b5-48bd-9c99-a3f86c32cf54\" src=\"https:\/\/www.europesays.com\/pt\/wp-content\/uploads\/2026\/02\/1772209457_472_image.webp.webp\" width=\"100%\"\/>Foto: Ettore Ferrari\/EPA<\/p>\n<p>Cada visual parecia contar uma hist\u00f3ria diferente, mas todos tinham algo em comum: a presen\u00e7a magn\u00e9tica de Irina Shayk no palco.<\/p>\n<p>&#8220;Estamos aqui para celebrar o amor&#8221;<\/p>\n<p>Durante a confer\u00eancia de imprensa, a modelo russa manteve-se focada no espet\u00e1culo e afastou-se de temas pol\u00edticos. &#8220;Estou feliz e grata por estar aqui, rodeada por todos os seus sorrisos. Estamos aqui para celebrar o amor, a m\u00fasica, a uni\u00e3o e a energia positiva que criamos&#8221;, afirmou, recusando coment\u00e1rios sobre a R\u00fassia e a guerra na Ucr\u00e2nia.<\/p>\n<p data-remotead-prev-elm=\"true\" data-remotead-elm-id=\"centro3\">Irina Shayk partilhou tamb\u00e9m a sua rela\u00e7\u00e3o pessoal com a m\u00fasica. &#8220;A minha m\u00e3e foi professora de m\u00fasica durante 25 anos. Quando era crian\u00e7a, eu tocava piano e at\u00e9 cantava no coral. Por favor, n\u00e3o me pe\u00e7am para cantar agora&#8221;, afirmou, com um humor contagiante. Destacou ainda que a m\u00fasica italiana &#8220;\u00e9 muito emotiva. &#8220;Adoro porque fala diretamente ao cora\u00e7\u00e3o&#8221;, acrescentou, notando que o Festival de Sanremo &#8220;faz parte do ADN da It\u00e1lia&#8221;.<\/p>\n<p>M\u00e3e de Lea de Seine, nascida da rela\u00e7\u00e3o com o ator Bradley Cooper, Irina provou, aos 40 anos, porque continua a ser uma das maiores refer\u00eancias do mundo da moda, dominando o cen\u00e1rio com uma presen\u00e7a que n\u00e3o deixa espa\u00e7o para pol\u00e9micas.<\/p>\n","protected":false},"excerpt":{"rendered":"O Teatro Ariston transformou-se, na quinta-feira, numa verdadeira passarela quando Irina Shayk subiu ao palco como coapresentadora da&hellip;\n","protected":false},"author":2,"featured_media":286085,"comment_status":"","ping_status":"","sticky":false,"template":"","format":"standard","meta":{"footnotes":"","_share_on_mastodon":"0"},"categories":[145],"tags":[425,211,210,114,115,51887,33026,1079,17744,150,712,32,33,51888,839,840],"class_list":["post-286084","post","type-post","status-publish","format-standard","has-post-thumbnail","category-celebridades","tag-apresentacao","tag-celebridades","tag-celebrities","tag-entertainment","tag-entretenimento","tag-festival-sanremo","tag-irina-shayk","tag-moda","tag-modelo","tag-musica","tag-pessoas","tag-portugal","tag-pt","tag-riccardo-tisci","tag-russia","tag-ucrania"],"share_on_mastodon":{"url":"https:\/\/pubeurope.com\/@pt\/116143525933467551","error":""},"_links":{"self":[{"href":"https:\/\/www.europesays.com\/pt\/wp-json\/wp\/v2\/posts\/286084","targetHints":{"allow":["GET"]}}],"collection":[{"href":"https:\/\/www.europesays.com\/pt\/wp-json\/wp\/v2\/posts"}],"about":[{"href":"https:\/\/www.europesays.com\/pt\/wp-json\/wp\/v2\/types\/post"}],"author":[{"embeddable":true,"href":"https:\/\/www.europesays.com\/pt\/wp-json\/wp\/v2\/users\/2"}],"replies":[{"embeddable":true,"href":"https:\/\/www.europesays.com\/pt\/wp-json\/wp\/v2\/comments?post=286084"}],"version-history":[{"count":0,"href":"https:\/\/www.europesays.com\/pt\/wp-json\/wp\/v2\/posts\/286084\/revisions"}],"wp:featuredmedia":[{"embeddable":true,"href":"https:\/\/www.europesays.com\/pt\/wp-json\/wp\/v2\/media\/286085"}],"wp:attachment":[{"href":"https:\/\/www.europesays.com\/pt\/wp-json\/wp\/v2\/media?parent=286084"}],"wp:term":[{"taxonomy":"category","embeddable":true,"href":"https:\/\/www.europesays.com\/pt\/wp-json\/wp\/v2\/categories?post=286084"},{"taxonomy":"post_tag","embeddable":true,"href":"https:\/\/www.europesays.com\/pt\/wp-json\/wp\/v2\/tags?post=286084"}],"curies":[{"name":"wp","href":"https:\/\/api.w.org\/{rel}","templated":true}]}}