{"id":286561,"date":"2026-02-28T00:59:22","date_gmt":"2026-02-28T00:59:22","guid":{"rendered":"https:\/\/www.europesays.com\/pt\/286561\/"},"modified":"2026-02-28T00:59:22","modified_gmt":"2026-02-28T00:59:22","slug":"merdificacao-preocupa-deco-que-exige-travao-na-degradacao-dos-servicos-digitais","status":"publish","type":"post","link":"https:\/\/www.europesays.com\/pt\/286561\/","title":{"rendered":"&#8220;Merdifica\u00e7\u00e3o&#8221; preocupa Deco, que exige trav\u00e3o na degrada\u00e7\u00e3o dos servi\u00e7os digitais"},"content":{"rendered":"<p data-remotead-prev-elm=\"true\" data-remotead-elm-id=\"inread\">O fen\u00f3meno da &#8220;merdifica\u00e7\u00e3o&#8221; est\u00e1 a preocupar a Associa\u00e7\u00e3o Portuguesa para a Defesa do Consumidor (Deco), que exige ao Governo que ponha um trav\u00e3o na degrada\u00e7\u00e3o da qualidade dos servi\u00e7os digitais.<\/p>\n<p data-remotead-prev-elm=\"true\" data-remotead-elm-id=\"inread2\">Num comunicado, a<strong> Deco denuncia que a degrada\u00e7\u00e3o de produtos e servi\u00e7os se tornou numa &#8220;estrat\u00e9gia de neg\u00f3cio&#8221;<\/strong> assente na din\u00e2mica de maximiza\u00e7\u00e3o de lucro: &#8220;Este<strong> fen\u00f3meno &#8211; j\u00e1 apelidado de &#8220;merdifica\u00e7\u00e3o&#8221; (ou enshittification) &#8211; come\u00e7a com um servi\u00e7o inovador e \u00fatil<\/strong> que conquista o consumidor<strong> e depois piora a sua experi\u00eancia<\/strong>, corta funcionalidades, imp\u00f5e an\u00fancios, cria barreiras e, por fim, aumenta os pre\u00e7os. No fim, s\u00f3 pagando \u00e9 que o consumidor consegue voltar a ter acesso \u00e0 qualidade m\u00ednima com que aderiu inicialmente&#8221;, explica.<\/p>\n<p>O fen\u00f3meno est\u00e1 a preocupar 13 organiza\u00e7\u00f5es europeias, que se juntam para dizer<strong> &#8220;basta&#8221;<\/strong> \u00e0 merdifica\u00e7\u00e3o.<\/p>\n<p>Em declara\u00e7\u00f5es \u00e0 <strong>TSF<\/strong>, o jurista Paulo Fonseca detalha que o que a Associa\u00e7\u00e3o para a Defesa do Consumidor est\u00e1 a exigir junto do Executivo \u00e9 que o <strong>&#8220;direito \u00e0 qualidade&#8221;<\/strong> &#8211; consagrado na lei &#8211; <strong>possa ser &#8220;densificado&#8221; <\/strong>de forma a<strong> proibir as empresas de diminuir a qualidade dos seus servi\u00e7os, atrav\u00e9s de &#8220;downgrades injustificados&#8221;<\/strong>.<\/p>\n<blockquote class=\"ngx-blockquote\">\n<p>&#8220;Isto s\u00e3o regras b\u00e1sicas que n\u00f3s pomos junto do Governo para que o mesmo efetivamente garanta estes m\u00ednimos aos consumidores. H\u00e1 m\u00ednimos que t\u00eam de ser garantidos&#8221;, assinala.<\/p>\n<\/blockquote>\n<p data-remotead-prev-elm=\"true\" data-remotead-elm-id=\"centro1\">Mas h\u00e1 mais. Paulo Fonseca pede um <strong>&#8220;papel mais ativo&#8221; da Autoridade da Concorr\u00eancia<\/strong> no mercado e deixa um conselho aos consumidores para que tamb\u00e9m eles possam dizer &#8220;basta&#8221;.<\/p>\n<p>&#8220;\u00c9<strong> fundamental que os consumidores deixem de tolerar<\/strong>, porque<strong> tolerar \u00e9 compactuar <\/strong>com este processo. E aquilo que estamos a dizer hoje aos consumidores \u00e9 efetivamente que se &#8216;desemerdem&#8217; e, portanto, que deixem este processo, que <strong>obriguem as empresas tamb\u00e9m a garantir estes m\u00ednimos de qualidade do pr\u00f3prio servi\u00e7o<\/strong>, que reclamem, denunciem, fa\u00e7am-nos chegar o seu descontentamento, porque \u00e9 isso que n\u00f3s estamos a apelar. S\u00e3o sobretudo os consumidores que est\u00e3o fartos deste processo&#8221;, sublinha.<\/p>\n<p>A qualidade dos servi\u00e7os digitais n\u00e3o \u00e9 uma op\u00e7\u00e3o, sublinha a Deco. E apresenta como <strong>exemplos <\/strong>deste fen\u00f3meno de &#8220;merdifica\u00e7\u00e3o&#8221; o feed do Instagram e do Facebook, que &#8220;deixou de priorizar conte\u00fados de amigos para favorecer publicidade e conte\u00fados pagos&#8221;, ou as pesquisas pouco &#8220;transparentes&#8221; no Google, &#8220;densas em resultados patrocinados&#8221;.<\/p>\n<p data-remotead-prev-elm=\"true\" data-remotead-elm-id=\"centro2\">&#8220;Plataformas de streaming transformaram assinaturas em vitrinas de upselling, com cat\u00e1logos fragmentados e ofertas adicionais pagas. Servi\u00e7os de mobilidade que come\u00e7aram como solu\u00e7\u00f5es &#8216;premium&#8217; face \u00e0 oferta no mercado tradicional tornaram-se sin\u00f3nimo de degrada\u00e7\u00e3o do servi\u00e7o&#8221;, completa a associa\u00e7\u00e3o.<\/p>\n<p>A Deco afirma temer que a &#8220;merdifica\u00e7\u00e3o&#8221; esteja a &#8220;aumentar e a espalhar-se&#8221; em Portugal para outras \u00e1reas, como a mobilidade e as comunica\u00e7\u00f5es eletr\u00f3nicas.<\/p>\n","protected":false},"excerpt":{"rendered":"O fen\u00f3meno da &#8220;merdifica\u00e7\u00e3o&#8221; est\u00e1 a preocupar a Associa\u00e7\u00e3o Portuguesa para a Defesa do Consumidor (Deco), que exige&hellip;\n","protected":false},"author":2,"featured_media":286562,"comment_status":"","ping_status":"","sticky":false,"template":"","format":"standard","meta":{"footnotes":"","_share_on_mastodon":"0"},"categories":[83],"tags":[88,32034,5798,51969,476,89,90,301,32,33],"class_list":["post-286561","post","type-post","status-publish","format-standard","has-post-thumbnail","category-empresas","tag-business","tag-consumidores","tag-deco","tag-defesa-do-consumidor","tag-economia","tag-economy","tag-empresas","tag-governo","tag-portugal","tag-pt"],"share_on_mastodon":{"url":"https:\/\/pubeurope.com\/@pt\/116145551145376662","error":""},"_links":{"self":[{"href":"https:\/\/www.europesays.com\/pt\/wp-json\/wp\/v2\/posts\/286561","targetHints":{"allow":["GET"]}}],"collection":[{"href":"https:\/\/www.europesays.com\/pt\/wp-json\/wp\/v2\/posts"}],"about":[{"href":"https:\/\/www.europesays.com\/pt\/wp-json\/wp\/v2\/types\/post"}],"author":[{"embeddable":true,"href":"https:\/\/www.europesays.com\/pt\/wp-json\/wp\/v2\/users\/2"}],"replies":[{"embeddable":true,"href":"https:\/\/www.europesays.com\/pt\/wp-json\/wp\/v2\/comments?post=286561"}],"version-history":[{"count":0,"href":"https:\/\/www.europesays.com\/pt\/wp-json\/wp\/v2\/posts\/286561\/revisions"}],"wp:featuredmedia":[{"embeddable":true,"href":"https:\/\/www.europesays.com\/pt\/wp-json\/wp\/v2\/media\/286562"}],"wp:attachment":[{"href":"https:\/\/www.europesays.com\/pt\/wp-json\/wp\/v2\/media?parent=286561"}],"wp:term":[{"taxonomy":"category","embeddable":true,"href":"https:\/\/www.europesays.com\/pt\/wp-json\/wp\/v2\/categories?post=286561"},{"taxonomy":"post_tag","embeddable":true,"href":"https:\/\/www.europesays.com\/pt\/wp-json\/wp\/v2\/tags?post=286561"}],"curies":[{"name":"wp","href":"https:\/\/api.w.org\/{rel}","templated":true}]}}