{"id":286572,"date":"2026-02-28T01:07:10","date_gmt":"2026-02-28T01:07:10","guid":{"rendered":"https:\/\/www.europesays.com\/pt\/286572\/"},"modified":"2026-02-28T01:07:10","modified_gmt":"2026-02-28T01:07:10","slug":"mundial-fm-assumira-91-1-fm-de-natal-a-partir-do-dia-1o-frequencia-deixa-a-rede-cbn","status":"publish","type":"post","link":"https:\/\/www.europesays.com\/pt\/286572\/","title":{"rendered":"Mundial FM assumir\u00e1 91.1 FM de Natal a partir do dia 1\u00ba; frequ\u00eancia deixa a Rede CBN"},"content":{"rendered":"<p>A <strong>Mundial FM<\/strong>, rede originada pela <strong>Mundial FM 100.3 de Toledo (PR)<\/strong>, passar\u00e1 a transmitir sua programa\u00e7\u00e3o em <strong>91.1 FM de Natal<\/strong> a partir do pr\u00f3ximo dia 1\u00ba. A mudan\u00e7a marca a sa\u00edda da <strong>Rede CBN<\/strong> (liderada pela <strong>CBN FM 90.5 de S\u00e3o Paulo<\/strong> e pela <strong>CBN FM 92.5 do Rio de Janeiro)\u00a0<\/strong>da frequ\u00eancia, que segue no ar at\u00e9 este s\u00e1bado (28).<\/p>\n<p>Com a altera\u00e7\u00e3o, a marca Mundial FM amplia sua presen\u00e7a no <strong>Rio Grande do Norte<\/strong>, estado onde j\u00e1 conta com afiliadas no interior. No in\u00edcio de fevereiro, a rede iniciou uma sequ\u00eancia de estreias na regi\u00e3o, que j\u00e1 est\u00e3o consolidadas no dial potiguar, conforme registrado no <strong><a href=\"https:\/\/tudoradio.com\/conteudo\/ver\/44-mapa-da-atualizacao-do-tudoradiocom-ultimas-do-radio\" rel=\"nofollow noopener\" target=\"_blank\">Mapa da Atualiza\u00e7\u00e3o do tudoradio.com.<\/a><\/strong><\/p>\n<p style=\"text-align: center;\"><strong><img decoding=\"async\" alt=\"\" src=\"https:\/\/www.europesays.com\/pt\/wp-content\/uploads\/2026\/02\/69a212f87cfd2.png\" style=\"height:300px; width:330px\" \/><\/strong><\/p>\n<p>Em <strong>Caic\u00f3 (RN)<\/strong>, a <strong>Mundial FM 100.7<\/strong> j\u00e1 estreou substituindo a <strong>Serid\u00f3 FM<\/strong>. J\u00e1 em <strong>Currais Novos (RN)<\/strong>, a <strong>Mundial FM 99.5<\/strong> j\u00e1 est\u00e1 no ar no lugar da <strong>Ouro Branco FM<\/strong>. Outra mudan\u00e7a ocorreu em <strong>Pau dos Ferros (RN)<\/strong>, onde a <strong>Mundial FM 102.9<\/strong> j\u00e1 opera substituindo a <strong>R\u00e1dio Cultura do Oeste FM<\/strong>. As tr\u00eas emissoras tiveram suas estreias oficiais em 2 de fevereiro.<\/p>\n<p>Em Natal, <strong>a 91.1 FM<\/strong> iniciou suas transmiss\u00f5es em outubro de 2016 como afiliada da Rede CBN, sendo migrante da 1190 AM. A emissora em AM j\u00e1 operava com a bandeira CBN nos anos anteriores \u00e0 migra\u00e7\u00e3o para o FM.\u00a0A movimenta\u00e7\u00e3o integra o processo de expans\u00e3o da <strong>Mundial FM no Nordeste<\/strong>, fortalecendo a presen\u00e7a da rede no dial do <strong>Rio Grande do Norte.<\/strong><\/p>\n<p>Colabora\u00e7\u00e3o de Pedro Santana<\/p>\n<p>&#13;<br \/>\n\t\t\t\tTags:&#13;<br \/>\n\t\t\t\tMundial FM, Rede CBN, Natal, r\u00e1dio FM, mercado potiguar, expans\u00e3o de rede, dial do RN&#13;\n\t\t\t<\/p>\n","protected":false},"excerpt":{"rendered":"A Mundial FM, rede originada pela Mundial FM 100.3 de Toledo (PR), passar\u00e1 a transmitir sua programa\u00e7\u00e3o em&hellip;\n","protected":false},"author":2,"featured_media":286573,"comment_status":"","ping_status":"","sticky":false,"template":"","format":"standard","meta":{"footnotes":"","_share_on_mastodon":"0"},"categories":[141],"tags":[51972,114,115,27189,51971,51970,149,150,7561,32,33,26558,29075],"class_list":["post-286572","post","type-post","status-publish","format-standard","has-post-thumbnail","category-musica","tag-dial-do-rn","tag-entertainment","tag-entretenimento","tag-expansao-de-rede","tag-mercado-potiguar","tag-mundial-fm","tag-music","tag-musica","tag-natal","tag-portugal","tag-pt","tag-radio-fm","tag-rede-cbn"],"share_on_mastodon":{"url":"https:\/\/pubeurope.com\/@pt\/116145582390740186","error":""},"_links":{"self":[{"href":"https:\/\/www.europesays.com\/pt\/wp-json\/wp\/v2\/posts\/286572","targetHints":{"allow":["GET"]}}],"collection":[{"href":"https:\/\/www.europesays.com\/pt\/wp-json\/wp\/v2\/posts"}],"about":[{"href":"https:\/\/www.europesays.com\/pt\/wp-json\/wp\/v2\/types\/post"}],"author":[{"embeddable":true,"href":"https:\/\/www.europesays.com\/pt\/wp-json\/wp\/v2\/users\/2"}],"replies":[{"embeddable":true,"href":"https:\/\/www.europesays.com\/pt\/wp-json\/wp\/v2\/comments?post=286572"}],"version-history":[{"count":0,"href":"https:\/\/www.europesays.com\/pt\/wp-json\/wp\/v2\/posts\/286572\/revisions"}],"wp:featuredmedia":[{"embeddable":true,"href":"https:\/\/www.europesays.com\/pt\/wp-json\/wp\/v2\/media\/286573"}],"wp:attachment":[{"href":"https:\/\/www.europesays.com\/pt\/wp-json\/wp\/v2\/media?parent=286572"}],"wp:term":[{"taxonomy":"category","embeddable":true,"href":"https:\/\/www.europesays.com\/pt\/wp-json\/wp\/v2\/categories?post=286572"},{"taxonomy":"post_tag","embeddable":true,"href":"https:\/\/www.europesays.com\/pt\/wp-json\/wp\/v2\/tags?post=286572"}],"curies":[{"name":"wp","href":"https:\/\/api.w.org\/{rel}","templated":true}]}}