{"id":286851,"date":"2026-02-28T08:21:10","date_gmt":"2026-02-28T08:21:10","guid":{"rendered":"https:\/\/www.europesays.com\/pt\/286851\/"},"modified":"2026-02-28T08:21:10","modified_gmt":"2026-02-28T08:21:10","slug":"ludmilla-aparece-com-zuri-em-clique-inedito","status":"publish","type":"post","link":"https:\/\/www.europesays.com\/pt\/286851\/","title":{"rendered":"Ludmilla aparece com Zuri em clique in\u00e9dito"},"content":{"rendered":"<p>A cantora <a href=\"https:\/\/caras.com.br\/tags\/ludmilla\" rel=\"nofollow noopener\" target=\"_blank\"><strong>Ludmilla<\/strong><\/a> surpreendeu seus f\u00e3s nas redes sociais nesta sexta-feira, 27. A famosa compartilhou um registro com a pequena herdeira no colo e abriu seu cora\u00e7\u00e3o. Vale lembrar que Ludmilla e <strong><a href=\"https:\/\/caras.com.br\/tags\/brunna-goncalves\" rel=\"nofollow noopener\" target=\"_blank\">Brunna Gon\u00e7alves<\/a><\/strong> s\u00e3o m\u00e3es de <strong>Zuri<\/strong>, de nove meses.<\/p>\n<p>No post, a pequena apareceu no colo da cantora, enquanto posavam para uma selfie no espelho. \u201cAmor da vida da mam\u00e3e\u201d, escreveu a artista na legenda. A herdeira se destacou com um look azul-beb\u00ea, uma chupeta e um penteado de maria-chiquinhas.<\/p>\n<p> Confira <img loading=\"lazy\" decoding=\"async\" class=\"size-full wp-image-1080545 img-fluid lazy\" alt=\"Ludmilla e Zuri - Foto: Reprodu\u00e7\u00e3o\/Instagram\" width=\"1000\" height=\"1785\" src=\"https:\/\/caras.com.br\/wp-content\/uploads\/2026\/02\/ludmilla-zuri.avif\"  \/>Ludmilla e Zuri \u2013 Foto: Reprodu\u00e7\u00e3o\/Instagram Filha de Ludmilla comemora 9 meses de vida <\/p>\n<p>No m\u00eas de fevereiro,<a href=\"https:\/\/caras.com.br\/bebe\/veja-o-bolo-personalizado-do-mesversario-de-zuri-filha-de-ludmilla-e-brunna-goncalves.phtml\" rel=\"nofollow noopener\" target=\"_blank\"> a cantora Ludmilla e a dan\u00e7arina Brunna Gon\u00e7alves celebraram os nove meses de vida da pequena Zuri<\/a>, primeira filha do casal.\u00a0 As famosas aproveitaram a \u00e9poca do carnaval para comemorar o dia especial.<\/p>\n<p>O tema escolhido para o evento intimista foi \u201cBloquinho da Zuri\u201d e contou com uma decora\u00e7\u00e3o alegre, colorida e carnavalesca. O dia foi marcado por um painel com o nome da aniversariante e um arranjo de bal\u00f5es coloridos, al\u00e9m de um bolo, de v\u00e1rios andares, foi enfeitado em tons de amarelo, rosa e azul.<\/p>\n<p>A comemora\u00e7\u00e3o tamb\u00e9m contou com doces e sobremesas foram distribu\u00eddos em suportes de diferentes alturas e cores para compor a decora\u00e7\u00e3o. A dan\u00e7arina destacou sua alegria com a chegada do dia da pequena. \u201cHoje n\u00f3s estamos comemorando os 9 meses da Zuri. O bloquinho da Zuri. Que lindo ficou\u201d, escreveu ela em seus stories.<\/p>\n<p>Vale ressaltar que Zuri nasceu em 14 de maio de 2025 em Miami, nos Estados Unidos. A herdeira foi gerada por meio do m\u00e9todo de reprodu\u00e7\u00e3o assistida conhecido como ROPA (Recep\u00e7\u00e3o de \u00d3vulos da Parceira), uma t\u00e9cnica da Fertiliza\u00e7\u00e3o In Vitro (FIV).<\/p>\n<p><strong>Leia tamb\u00e9m: <\/strong><a href=\"https:\/\/caras.com.br\/atualidades\/ludmilla-exibe-foto-inedita-com-a-filha-e-a-esposa-familia-mais-linda.phtml\" rel=\"nofollow noopener\" target=\"_blank\">Ludmilla exibe foto in\u00e9dita com a filha e a esposa: \u2018Fam\u00edlia mais linda\u2019<\/a><\/p>\n<p>        <a href=\"https:\/\/caras.com.br\/autor\/giovanna-f-campos\" rel=\"nofollow noopener\" target=\"_blank\">&#13;<br \/>\n          <img loading=\"lazy\" decoding=\"async\" alt=\"Giovanna F Campos\" src=\"https:\/\/www.europesays.com\/pt\/wp-content\/uploads\/2025\/09\/525986578_1657136028311574_5510063872310493577_n-150x150.jpg\" class=\"avatar avatar-115 photo rounded-circle\" height=\"115\" width=\"115\"\/>        <\/a><\/p>\n<p>Giovanna F Campos \u00e9 estudante de jornalismo pela Faculdade C\u00e1sper L\u00edbero, apaixonada por entretenimento e literatura.<\/p>\n","protected":false},"excerpt":{"rendered":"A cantora Ludmilla surpreendeu seus f\u00e3s nas redes sociais nesta sexta-feira, 27. A famosa compartilhou um registro com&hellip;\n","protected":false},"author":2,"featured_media":286852,"comment_status":"","ping_status":"","sticky":false,"template":"","format":"standard","meta":{"footnotes":"","_share_on_mastodon":"0"},"categories":[145],"tags":[10022,211,210,114,115,1127,2035,32,33,682],"class_list":["post-286851","post","type-post","status-publish","format-standard","has-post-thumbnail","category-celebridades","tag-brunna-goncalves","tag-celebridades","tag-celebrities","tag-entertainment","tag-entretenimento","tag-filha","tag-ludmilla","tag-portugal","tag-pt","tag-zuri"],"share_on_mastodon":{"url":"https:\/\/pubeurope.com\/@pt\/116147289156372877","error":""},"_links":{"self":[{"href":"https:\/\/www.europesays.com\/pt\/wp-json\/wp\/v2\/posts\/286851","targetHints":{"allow":["GET"]}}],"collection":[{"href":"https:\/\/www.europesays.com\/pt\/wp-json\/wp\/v2\/posts"}],"about":[{"href":"https:\/\/www.europesays.com\/pt\/wp-json\/wp\/v2\/types\/post"}],"author":[{"embeddable":true,"href":"https:\/\/www.europesays.com\/pt\/wp-json\/wp\/v2\/users\/2"}],"replies":[{"embeddable":true,"href":"https:\/\/www.europesays.com\/pt\/wp-json\/wp\/v2\/comments?post=286851"}],"version-history":[{"count":0,"href":"https:\/\/www.europesays.com\/pt\/wp-json\/wp\/v2\/posts\/286851\/revisions"}],"wp:featuredmedia":[{"embeddable":true,"href":"https:\/\/www.europesays.com\/pt\/wp-json\/wp\/v2\/media\/286852"}],"wp:attachment":[{"href":"https:\/\/www.europesays.com\/pt\/wp-json\/wp\/v2\/media?parent=286851"}],"wp:term":[{"taxonomy":"category","embeddable":true,"href":"https:\/\/www.europesays.com\/pt\/wp-json\/wp\/v2\/categories?post=286851"},{"taxonomy":"post_tag","embeddable":true,"href":"https:\/\/www.europesays.com\/pt\/wp-json\/wp\/v2\/tags?post=286851"}],"curies":[{"name":"wp","href":"https:\/\/api.w.org\/{rel}","templated":true}]}}