{"id":287089,"date":"2026-02-28T13:01:09","date_gmt":"2026-02-28T13:01:09","guid":{"rendered":"https:\/\/www.europesays.com\/pt\/287089\/"},"modified":"2026-02-28T13:01:09","modified_gmt":"2026-02-28T13:01:09","slug":"operacao-teia-e-outros-processos-parados-no-sao-joao-novo-por-falta-de-juizes","status":"publish","type":"post","link":"https:\/\/www.europesays.com\/pt\/287089\/","title":{"rendered":"Opera\u00e7\u00e3o Teia e outros processos parados no S\u00e3o Jo\u00e3o Novo por falta de ju\u00edzes"},"content":{"rendered":"<p data-remotead-prev-elm=\"true\" data-remotead-elm-id=\"inread\">V\u00e1rios processos do Tribunal Judicial do Porto, incluindo a Opera\u00e7\u00e3o Teia e um caso de corrup\u00e7\u00e3o na C\u00e2mara do Porto, est\u00e3o parados no Tribunal de S\u00e3o Jo\u00e3o Novo por falta de ju\u00edzes dispon\u00edveis. Em setembro, uma decis\u00e3o do Conselho Superior da Magistratura (CSM) determinou que tr\u00eas dos 15 ju\u00edzes do tribunal passassem a tratar exclusivamente de processos do Ju\u00edzo de Vila Nova de Gaia. Esta entidade nega que haja atrasos relevantes ou sobrecarga de trabalho, mas despachos consultados pelo JN indicam o contr\u00e1rio.<\/p>\n","protected":false},"excerpt":{"rendered":"V\u00e1rios processos do Tribunal Judicial do Porto, incluindo a Opera\u00e7\u00e3o Teia e um caso de corrup\u00e7\u00e3o na C\u00e2mara&hellip;\n","protected":false},"author":2,"featured_media":287090,"comment_status":"","ping_status":"","sticky":false,"template":"","format":"standard","meta":{"footnotes":"","_share_on_mastodon":"0"},"categories":[10],"tags":[27,28,4469,15,16,14,26272,16275,603,25,26,21,22,12,13,19,20,52030,52029,32,23,24,33,17,18,29,30,31],"class_list":["post-287089","post","type-post","status-publish","format-standard","has-post-thumbnail","category-portugal","tag-breaking-news","tag-breakingnews","tag-corrupcao","tag-featured-news","tag-featurednews","tag-headlines","tag-juizes","tag-julgamentos","tag-justica","tag-latest-news","tag-latestnews","tag-main-news","tag-mainnews","tag-news","tag-noticias","tag-noticias-principais","tag-noticiasprincipais","tag-operacao-babel","tag-operacao-teia","tag-portugal","tag-principais-noticias","tag-principaisnoticias","tag-pt","tag-top-stories","tag-topstories","tag-ultimas","tag-ultimas-noticias","tag-ultimasnoticias"],"share_on_mastodon":{"url":"https:\/\/pubeurope.com\/@pt\/116148390125210680","error":""},"_links":{"self":[{"href":"https:\/\/www.europesays.com\/pt\/wp-json\/wp\/v2\/posts\/287089","targetHints":{"allow":["GET"]}}],"collection":[{"href":"https:\/\/www.europesays.com\/pt\/wp-json\/wp\/v2\/posts"}],"about":[{"href":"https:\/\/www.europesays.com\/pt\/wp-json\/wp\/v2\/types\/post"}],"author":[{"embeddable":true,"href":"https:\/\/www.europesays.com\/pt\/wp-json\/wp\/v2\/users\/2"}],"replies":[{"embeddable":true,"href":"https:\/\/www.europesays.com\/pt\/wp-json\/wp\/v2\/comments?post=287089"}],"version-history":[{"count":0,"href":"https:\/\/www.europesays.com\/pt\/wp-json\/wp\/v2\/posts\/287089\/revisions"}],"wp:featuredmedia":[{"embeddable":true,"href":"https:\/\/www.europesays.com\/pt\/wp-json\/wp\/v2\/media\/287090"}],"wp:attachment":[{"href":"https:\/\/www.europesays.com\/pt\/wp-json\/wp\/v2\/media?parent=287089"}],"wp:term":[{"taxonomy":"category","embeddable":true,"href":"https:\/\/www.europesays.com\/pt\/wp-json\/wp\/v2\/categories?post=287089"},{"taxonomy":"post_tag","embeddable":true,"href":"https:\/\/www.europesays.com\/pt\/wp-json\/wp\/v2\/tags?post=287089"}],"curies":[{"name":"wp","href":"https:\/\/api.w.org\/{rel}","templated":true}]}}