{"id":287103,"date":"2026-02-28T13:26:10","date_gmt":"2026-02-28T13:26:10","guid":{"rendered":"https:\/\/www.europesays.com\/pt\/287103\/"},"modified":"2026-02-28T13:26:10","modified_gmt":"2026-02-28T13:26:10","slug":"samsung-preve-custos-mais-altos-no-segundo-semestre-por-escassez-global-de-chips-de-memoria-novos-smartphones-ja-estao-mais-caros","status":"publish","type":"post","link":"https:\/\/www.europesays.com\/pt\/287103\/","title":{"rendered":"Samsung prev\u00ea custos mais altos no segundo semestre por escassez global de chips de mem\u00f3ria; novos smartphones j\u00e1 est\u00e3o mais caros"},"content":{"rendered":"\n<p class=\" content-text__container theme-color-primary-first-letter\" data-track-category=\"Link no Texto\" data-track-links=\"\"> A Samsung, que nesta semana lan\u00e7ou sua nova fam\u00edlia premium de smartphones Galaxy S26, prev\u00ea mais alta nos pre\u00e7os dos componentes ao longo deste ano. O aumento dos custos vem sendo impulsionado pela alta demanda de chips de mem\u00f3ria por data centers de IA mundo afora. Por isso, HS Jo, CEO da <a class=\"\" href=\"https:\/\/oglobo.globo.com\/tudo-sobre\/empresa\/samsung-electronics\" rel=\"nofollow noopener\" target=\"_blank\">Samsung Electronics<\/a> para a Am\u00e9rica Latina, diz que a hora de comprar um novo celular \u00e9 agora. <\/p>\n<ul class=\"content-unordered-list\">\n<li><strong>Ferramentas:<\/strong> <a class=\"\" href=\"https:\/\/oglobo.globo.com\/economia\/tecnologia\/noticia\/2026\/02\/27\/anthropic-e-designada-como-risco-a-cadeia-de-fornecimento-e-perde-contratos-com-os-eua.ghtml\" rel=\"nofollow noopener\" target=\"_blank\">Anthropic \u00e9 designada como &#8216;risco \u00e0 cadeia de fornecimento&#8217; e perde contratos com os EUA<\/a><\/li>\n<li><strong>S26 Ultra x iPhone 17 Pro Max:<\/strong> <a class=\"\" href=\"https:\/\/oglobo.globo.com\/economia\/tecnologia\/noticia\/2026\/02\/27\/s26-ultra-x-iphone-17-pro-max-veja-as-diferencas-dos-aparelhos-no-topo-das-linhas-de-apple-e-samsung.ghtml\" rel=\"nofollow noopener\" target=\"_blank\">veja as diferen\u00e7as dos aparelhos no topo das linhas de Apple e Samsung<\/a><\/li>\n<\/ul>\n<p class=\" content-text__container \" data-track-category=\"Link no Texto\" data-track-links=\"\"> \u2014 Os modelos no Brasil est\u00e3o um pouco mais caros em compara\u00e7\u00e3o com o ano passado. H\u00e1 uma escassez global de chips de mem\u00f3ria. Por causa disso, fomos obrigados a aumentar o pre\u00e7o desta vez. A mem\u00f3ria \u00e9 uma das partes mais caras do hardware e representa algo em torno de 40% a 50% do custo total. Agora, o pre\u00e7o da mem\u00f3ria continua subindo, inclusive na segunda metade deste ano. Isso significa que este \u00e9 o momento ideal para comprar um aparelho novo. \u00c9 verdade. Sempre que tenho reuni\u00f5es com parceiros de canal, como as operadoras de telefonia, digo que agora \u00e9 o momento mais acess\u00edvel para comprar o telefone \u2014 disse HS Jo em entrevista ao GLOBO. <\/p>\n<p class=\" content-text__container \" data-track-category=\"Link no Texto\" data-track-links=\"\"> A companhia anunciou seus novos modelos em evento em S\u00e3o Francisco, nos Estados Unidos. Neste ano, a empresa apresentou os modelos S26, S26+ e S26 Ultra. Os pre\u00e7os come\u00e7am em R$ 7.499 e chegam a R$ 15.499, valor maior em rela\u00e7\u00e3o ao ano passado, quando os telefones da linha S25 chegaram com valores entre R$ 6.999 e R$ 14.999. <\/p>\n<ul class=\"content-unordered-list\">\n<li>Acabou a espiadinha: <a class=\"\" href=\"https:\/\/oglobo.globo.com\/economia\/tecnologia\/noticia\/2026\/02\/25\/acabou-a-espiadinha-samsung-estreia-tecnologia-que-protege-a-tela-em-recurso-restrito-ao-s26-ultra.ghtml\" rel=\"nofollow noopener\" target=\"_blank\">Samsung estreia tecnologia que protege a tela em recurso restrito ao S26 Ultra<\/a><\/li>\n<\/ul>\n<p class=\" content-text__container \" data-track-category=\"Link no Texto\" data-track-links=\"\"> Segundo o executivo, al\u00e9m dos componentes de mem\u00f3ria, os custos envolvem ainda o display e a c\u00e2mera. HS Jo afirmou que o display tamb\u00e9m \u00e9 uma parte importante do custo de design por causa do tamanho e de seus componentes. Por isso, a gigante do setor vem tentando reduzir os custos com seus parceiros. <\/p>\n<p>    Samsung lan\u00e7a novos celulares dobr\u00e1veis (Z Fold 6 e Z Flip 6), al\u00e9m de rel\u00f3gios, fones e anel          <\/p>\n<p>Samsung lan\u00e7a novos celulares dobr\u00e1veis (Z Fold 6 e Z Flip 6), al\u00e9m de rel\u00f3gios, fones e anel <\/p>\n<p class=\" content-text__container \" data-track-category=\"Link no Texto\" data-track-links=\"\"> \u2014 Tentamos reduzir o custo para o consumidor trabalhando em colabora\u00e7\u00e3o com nossos parceiros, principalmente com programas de troca (trade-in) e instrumentos de financiamento, al\u00e9m de co-investimentos em tarifas para reduzir os custos, especialmente com as operadoras. Por exemplo, se voc\u00ea comprar o aparelho com 256 GB de armazenamento, n\u00f3s entregamos o de 512 GB. E, se voc\u00ea comprar o de 512 GB, recebe o de 1 TB. <\/p>\n<ul class=\"content-unordered-list\">\n<li><strong>Veja tamb\u00e9m:<\/strong> <a class=\"\" href=\"https:\/\/oglobo.globo.com\/economia\/tecnologia\/noticia\/2026\/02\/26\/como-descobrir-se-alguem-te-bloqueou-no-whatsapp-truque-nas-configuracoes-da-conversa-da-a-dica.ghtml\" rel=\"nofollow noopener\" target=\"_blank\">Como descobrir se algu\u00e9m te bloqueou no WhatsApp? Truque nas configura\u00e7\u00f5es da conversa d\u00e1 a dica<\/a><\/li>\n<\/ul>\n<p class=\" content-text__container \" data-track-category=\"Link no Texto\" data-track-links=\"\"> O aumento no custo dos componentes v\u00eam afetando todos os players da ind\u00fastria e afetando as vendas de celulares. Segundo a consultoria IDC, o mercado de smartphone deve fechar em queda neste ano em rela\u00e7\u00e3o ao ano passado. A estimativa \u00e9 de novas quedas para os pr\u00f3ximos anos. Hoje, a estimativa \u00e9 que os telefones podem ter alta de at\u00e9 20% nos pre\u00e7os. <\/p>\n<p>   Parceria com Perplexity, <a class=\"\" href=\"https:\/\/oglobo.globo.com\/tudo-sobre\/empresa\/google\" rel=\"nofollow noopener\" target=\"_blank\">Google<\/a> e OpenAi   <\/p>\n<p class=\" content-text__container \" data-track-category=\"Link no Texto\" data-track-links=\"\"> O executivo aproveitou ainda a chegada do S26 para anunciar novos parceiros em <a class=\"\" href=\"https:\/\/oglobo.globo.com\/tudo-sobre\/assunto\/inteligencia-artificial\/\" rel=\"nofollow noopener\" target=\"_blank\">intelig\u00eancia artificial<\/a>. Al\u00e9m do <a class=\"\" href=\"https:\/\/oglobo.globo.com\/tudo-sobre\/empresa\/google\" rel=\"nofollow noopener\" target=\"_blank\">Google<\/a>, respons\u00e1vel pelo Gemini, a companhia selou parceria com a Perplexity, que vai abastecer o agente de IA do aparelho, que, pela primeira vez, est\u00e1 integrado ao sistema do celular. Ele adiantou que a Samsung est\u00e1 em conversas com a OpenAI para futuras parcerias, mas n\u00e3o deu detalhes. <\/p>\n<ul class=\"content-unordered-list\">\n<li><a class=\"\" href=\"https:\/\/oglobo.globo.com\/economia\/tecnologia\/noticia\/2026\/02\/19\/iphone-17e-o-que-sabemos-sobre-o-novo-smartphone-baratinho-da-apple.ghtml\" rel=\"nofollow noopener\" target=\"_blank\"><strong>iPhone 17e:<\/strong> o que sabemos sobre o novo smartphone &#8216;baratinho&#8217; da Apple<\/a><\/li>\n<\/ul>\n<p class=\" content-text__container \" data-track-category=\"Link no Texto\" data-track-links=\"\"> \u2014 Continuaremos expandindo parcerias com empresas como <a class=\"\" href=\"https:\/\/oglobo.globo.com\/tudo-sobre\/empresa\/google\" rel=\"nofollow noopener\" target=\"_blank\">Google<\/a> e outras. Se houver alinhamento no n\u00edvel de integra\u00e7\u00e3o de plataforma, expandiremos essas colabora\u00e7\u00f5es. A condi\u00e7\u00e3o \u00e9 que sejam parceiros de confian\u00e7a. Sempre tivemos um ecossistema aberto e conversamos com diversos players para integrar as melhores solu\u00e7\u00f5es. <\/p>\n<p class=\" content-text__container \" data-track-category=\"Link no Texto\" data-track-links=\"\"> A busca por parceiros tamb\u00e9m envolve outras companhias, como a <a class=\"\" href=\"https:\/\/oglobo.globo.com\/tudo-sobre\/empresa\/apple\" rel=\"nofollow noopener\" target=\"_blank\">Apple<\/a>. Ap\u00f3s integrar o <a class=\"\" href=\"https:\/\/oglobo.globo.com\/tudo-sobre\/assunto\/chatgpt\/\" rel=\"nofollow noopener\" target=\"_blank\">ChatGPT<\/a>, da OpenAI, em seus iPhones, a empresa tamb\u00e9m est\u00e1 trabalhando em conjunto com o <a class=\"\" href=\"https:\/\/oglobo.globo.com\/tudo-sobre\/empresa\/google\" rel=\"nofollow noopener\" target=\"_blank\">Google<\/a> para sua nova linha de celulares. <\/p>\n<p>Maior foco em chip pr\u00f3prio <\/p>\n<p class=\" content-text__container \" data-track-category=\"Link no Texto\" data-track-links=\"\"> Al\u00e9m dos parceiros para o sistema de IA, especialistas v\u00eam questionando a Samsung por ampliar, na fam\u00edlia S26, o uso de seus pr\u00f3prios chips, o Exynos, que esse ano vai abastecer a linha b\u00e1sica (S26) e a intermedi\u00e1ria (S26+). Neste ano, apenas o topo de linha S26 Ultra conta com o processador mais avan\u00e7ado da Qualcomm, o Snapdragon 8 Elite de quinta gera\u00e7\u00e3o, desenvolvido para gerar com maior rapidez a\u00e7\u00f5es de IA com redu\u00e7\u00e3o do consumo de bateria. <\/p>\n<ul class=\"content-unordered-list\">\n<li><strong>IDC:<\/strong> <a class=\"\" href=\"https:\/\/oglobo.globo.com\/economia\/tecnologia\/noticia\/2026\/02\/26\/escassez-de-chips-de-memoria-fara-mercado-de-smartphones-recuar-13percent-segundo-idc.ghtml\" rel=\"nofollow noopener\" target=\"_blank\">Escassez de chips de mem\u00f3ria far\u00e1 mercado de smartphones recuar 13%<\/a><\/li>\n<\/ul>\n<p class=\" content-text__container \" data-track-category=\"Link no Texto\" data-track-links=\"\"> \u2014 A Samsung continuar\u00e1 usando tanto Exynos quanto Snapdragon, priorizando qualidade e desempenho. <\/p>\n<p class=\" content-text__container \" data-track-category=\"Link no Texto\" data-track-links=\"\"> O objetivo da empresa, revela o executivo, \u00e9 tornar o uso de IA mais simples. Para ele, hoje os recursos contam com \u201cmuitos passos\u201d, o que pode deixar o consumidor com d\u00favidas sobre seu uso. Hoje, as fun\u00e7\u00f5es mais usadas s\u00e3o edi\u00e7\u00e3o de fotos, \u201ccircule para pesquisar\u201d, ferramentas de produtividade e o Gemini de forma geral. <\/p>\n<p class=\" content-text__container \" data-track-category=\"Link no Texto\" data-track-links=\"\"> \u2014 Alguns falam em bolha da IA. Mas queremos deixar a IA mais f\u00e1cil de usar, removendo fric\u00e7\u00f5es e etapas. 87% dos usu\u00e1rios j\u00e1 utilizam IA de alguma forma, mas apenas 49% usam regularmente. E 85% ainda acham dif\u00edcil usar. O desafio \u00e9 simplificar. <\/p>\n<p class=\" content-text__container \" data-track-category=\"Link no Texto\" data-track-links=\"\"> Ele lembra que hoje os pa\u00edses da Am\u00e9rica Latina est\u00e3o entre os que mais usam IA. Por isso, a companhia, neste ano, decidiu que todo o seu portf\u00f3lio vai vender apenas modelos j\u00e1 com sistema de IA. A meta \u00e9 que o n\u00famero de usu\u00e1rios de IA dobre neste ano, passando de 400 milh\u00f5es para 800 milh\u00f5es de consumidores. <\/p>\n<p class=\" content-text__container \" data-track-category=\"Link no Texto\" data-track-links=\"\"> \u2014 E cerca de 15% a 20% da base est\u00e1 na Am\u00e9rica Latina. Brasil e M\u00e9xico se destacam. <\/p>\n<p>Tela de privacidade n\u00e3o ser\u00e1 oferecida a rivais <\/p>\n<p class=\" content-text__container \" data-track-category=\"Link no Texto\" data-track-links=\"\"> Uma das novidades centrais deste ano, a tela de privacidade, que impede a vis\u00e3o lateral da tela do celular, foi desenvolvida pela Samsung Display, uma divis\u00e3o da companhia coreana. A tecnologia une mudan\u00e7as no hardware e no software, com o uso de IA para apagar pixels. A novidade est\u00e1 dispon\u00edvel apenas na linha premium S26 Ultra. <\/p>\n<p class=\" content-text__container \" data-track-category=\"Link no Texto\" data-track-links=\"\"> \u2014 Mas esse recurso n\u00e3o est\u00e1 dispon\u00edvel para concorrentes neste momento. <\/p>\n","protected":false},"excerpt":{"rendered":"A Samsung, que nesta semana lan\u00e7ou sua nova fam\u00edlia premium de smartphones Galaxy S26, prev\u00ea mais alta nos&hellip;\n","protected":false},"author":2,"featured_media":287104,"comment_status":"","ping_status":"","sticky":false,"template":"","format":"standard","meta":{"footnotes":"","_share_on_mastodon":"0"},"categories":[84],"tags":[247,642,109,107,108,50648,643,319,933,32,33,15968,105,103,104,106,110],"class_list":["post-287103","post","type-post","status-publish","format-standard","has-post-thumbnail","category-ciencia-e-tecnologia","tag-apple","tag-chatgpt","tag-ciencia","tag-ciencia-e-tecnologia","tag-cienciaetecnologia","tag-ferramenta-de-inteligencia-artificial-capaz-de-responder-a-perguntas-sobre-os-mais-variados-temas","tag-google","tag-hard-news","tag-inteligencia-artificial","tag-portugal","tag-pt","tag-samsung-electronics","tag-science","tag-science-and-technology","tag-scienceandtechnology","tag-technology","tag-tecnologia"],"share_on_mastodon":{"url":"https:\/\/pubeurope.com\/@pt\/116148488395056816","error":""},"_links":{"self":[{"href":"https:\/\/www.europesays.com\/pt\/wp-json\/wp\/v2\/posts\/287103","targetHints":{"allow":["GET"]}}],"collection":[{"href":"https:\/\/www.europesays.com\/pt\/wp-json\/wp\/v2\/posts"}],"about":[{"href":"https:\/\/www.europesays.com\/pt\/wp-json\/wp\/v2\/types\/post"}],"author":[{"embeddable":true,"href":"https:\/\/www.europesays.com\/pt\/wp-json\/wp\/v2\/users\/2"}],"replies":[{"embeddable":true,"href":"https:\/\/www.europesays.com\/pt\/wp-json\/wp\/v2\/comments?post=287103"}],"version-history":[{"count":0,"href":"https:\/\/www.europesays.com\/pt\/wp-json\/wp\/v2\/posts\/287103\/revisions"}],"wp:featuredmedia":[{"embeddable":true,"href":"https:\/\/www.europesays.com\/pt\/wp-json\/wp\/v2\/media\/287104"}],"wp:attachment":[{"href":"https:\/\/www.europesays.com\/pt\/wp-json\/wp\/v2\/media?parent=287103"}],"wp:term":[{"taxonomy":"category","embeddable":true,"href":"https:\/\/www.europesays.com\/pt\/wp-json\/wp\/v2\/categories?post=287103"},{"taxonomy":"post_tag","embeddable":true,"href":"https:\/\/www.europesays.com\/pt\/wp-json\/wp\/v2\/tags?post=287103"}],"curies":[{"name":"wp","href":"https:\/\/api.w.org\/{rel}","templated":true}]}}