{"id":288020,"date":"2026-03-01T09:24:19","date_gmt":"2026-03-01T09:24:19","guid":{"rendered":"https:\/\/www.europesays.com\/pt\/288020\/"},"modified":"2026-03-01T09:24:19","modified_gmt":"2026-03-01T09:24:19","slug":"as-3-melhores-series-para-ver-na-netflix-neste-fim-de-semana","status":"publish","type":"post","link":"https:\/\/www.europesays.com\/pt\/288020\/","title":{"rendered":"As 3 melhores s\u00e9ries para ver na Netflix neste fim de semana"},"content":{"rendered":"<p>Terror, investiga\u00e7\u00e3o policial e com\u00e9dia dram\u00e1tica te esperam no vasto cat\u00e1logo da gigante do streaming.<\/p>\n<p class=\"bo-p\">Se a ideia \u00e9 relaxar no sof\u00e1 e aproveitar o fim de semana sem sair de casa, a <a href=\"https:\/\/www.adorocinema.com\/streaming\/netflix\/\" class=\"bo-link\" rel=\"nofollow noopener\" target=\"_blank\">Netflix<\/a> continua sendo uma das melhores op\u00e7\u00f5es. Entre <a href=\"https:\/\/www.adorocinema.com\/noticias\/series\/noticia-1000189984\/\" class=\"bo-link\" rel=\"nofollow noopener\" target=\"_blank\">sucessos recentes<\/a>, <a href=\"https:\/\/www.adorocinema.com\/noticias\/series\/noticia-1000136057\/\" class=\"bo-link\" rel=\"nofollow noopener\" target=\"_blank\">produ\u00e7\u00f5es premiadas<\/a> e <a href=\"https:\/\/www.adorocinema.com\/noticias\/series\/noticia-1000033631\/\" class=\"bo-link\" rel=\"nofollow noopener\" target=\"_blank\">joias escondidas<\/a> que passaram despercebidas, h\u00e1 op\u00e7\u00f5es para todos os gostos &#8211; do suspense que prende do come\u00e7o ao fim \u00e0s com\u00e9dias perfeitas para desligar a mente.<\/p>\n<p class=\"bo-p\">Para voc\u00ea n\u00e3o perder tempo no vasto cat\u00e1logo da plataforma, o <b>AdoroCinema<\/b> preparou uma lista de s\u00e9ries para assistir neste s\u00e1bado e domingo. Com base nisso, pegue sua pipoca, bebida de prefer\u00eancia, apague as luzes e confira abaixo:<\/p>\n<p>            O Gabinete de Curiosidades de Guillermo Del Toro<\/p>\n<p>        <img decoding=\"async\" class=\"article-figure-img\" src=\"https:\/\/www.europesays.com\/pt\/wp-content\/uploads\/2026\/03\/bc1f4199a3367740f999e75a5b0cdf4b.jpg\" loading=\"lazy\" width=\"640\" height=\"320\"\/><\/p>\n<p>                Netflix<\/p>\n<p class=\"bo-p\">Produzida e apresentada por <a href=\"https:\/\/www.adorocinema.com\/filmes\/filme-207445\/\" class=\"bo-link\" rel=\"nofollow noopener\" target=\"_blank\">Guillermo del Toro<\/a>, <a href=\"https:\/\/www.adorocinema.com\/series\/serie-23636\/\" class=\"bo-link\" rel=\"nofollow noopener\" target=\"_blank\">O Gabinete de Curiosidades de Guillermo del Toro<\/a> \u00e9 uma antologia de terror que celebra o macabro em suas mais variadas formas. Cada epis\u00f3dio apresenta uma hist\u00f3ria independente, conduzida por diferentes diretores e com diferentes temas.<\/p>\n<p class=\"bo-p\">Viajando por subg\u00eaneros como o horror psicol\u00f3gico, sobrenatural e mais, a produ\u00e7\u00e3o oferece uma carta de amor ao sombrio que te deixar\u00e1 na ponta da cadeira.<\/p>\n<p>            The Sinner<\/p>\n<p>        <img decoding=\"async\" class=\"article-figure-img\" src=\"https:\/\/www.europesays.com\/pt\/wp-content\/uploads\/2026\/03\/ea4fefa3b93b098e91cf41ed04f34487.jpg\" loading=\"lazy\" width=\"640\" height=\"320\"\/><\/p>\n<p>                Netflix<\/p>\n<p class=\"bo-p\"><a href=\"https:\/\/www.adorocinema.com\/series\/serie-20976\/\" class=\"bo-link\" rel=\"nofollow noopener\" target=\"_blank\">The Sinner<\/a> \u00e9 uma s\u00e9rie antol\u00f3gica de suspense criminal que investiga n\u00e3o apenas quem cometeu o crime, mas principalmente o porqu\u00ea. A cada temporada o detetive Harry Ambrose (<a href=\"https:\/\/www.adorocinema.com\/personalidades\/personalidade-9076\/\" class=\"bo-link\" rel=\"nofollow noopener\" target=\"_blank\">Bill Pullman<\/a>) assume um caso aparentemente inexplic\u00e1vel, onde pessoas comuns realizam atos criminais sem motivo claro.<\/p>\n<p class=\"bo-p\">Na 1\u00aa temporada, a trama acompanha Cora Tannetti (<a href=\"https:\/\/www.adorocinema.com\/personalidades\/personalidade-18770\/\" class=\"bo-link\" rel=\"nofollow noopener\" target=\"_blank\">Jessica Biel<\/a>), uma jovem m\u00e3e que, durante um dia tranquilo de ver\u00e3o na praia, ataca e mata um homem a facadas diante de v\u00e1rias testemunhas &#8211; sem conseguir explicar por que fez aquilo. O caso chama a aten\u00e7\u00e3o de Harry Ambrose, que percebe rapidamente que h\u00e1 algo muito mais profundo por tr\u00e1s do assassinato.<\/p>\n<p>            Treta (Beef)<\/p>\n<p>        <img decoding=\"async\" class=\"article-figure-img\" src=\"https:\/\/www.europesays.com\/pt\/wp-content\/uploads\/2026\/03\/33b4a9f161a8a73411ab8f4d906e3650.jpg\" loading=\"lazy\" width=\"640\" height=\"320\"\/><\/p>\n<p>                Netflix<\/p>\n<p class=\"bo-p\">Treta \u00e9 uma com\u00e9dia dram\u00e1tica que transforma um incidente banal de tr\u00e2nsito em uma espiral de obsess\u00e3o e autodestrui\u00e7\u00e3o. O enredo acompanha Danny Cho <a href=\"https:\/\/www.adorocinema.com\/personalidades\/personalidade-443053\/\" class=\"bo-link\" rel=\"nofollow noopener\" target=\"_blank\">(Steven Yeun<\/a>), um empreiteiro frustrado e \u00e0 beira do colapso financeiro; e Amy Lau (<a href=\"https:\/\/www.adorocinema.com\/personalidades\/personalidade-553124\/\" class=\"bo-link\" rel=\"nofollow noopener\" target=\"_blank\">Ali Wong<\/a>), uma empres\u00e1ria bem-sucedida que esconde um profundo vazio emocional. <\/p>\n<p class=\"bo-p\">Ap\u00f3s um ataque de f\u00faria no tr\u00e2nsito, os dois passam a alimentar uma rivalidade cada vez mais intensa, o que leva a situa\u00e7\u00f5es absurdamente perigosas.<\/p>\n","protected":false},"excerpt":{"rendered":"Terror, investiga\u00e7\u00e3o policial e com\u00e9dia dram\u00e1tica te esperam no vasto cat\u00e1logo da gigante do streaming. Se a ideia&hellip;\n","protected":false},"author":2,"featured_media":288021,"comment_status":"","ping_status":"","sticky":false,"template":"","format":"standard","meta":{"footnotes":"","_share_on_mastodon":"0"},"categories":[142],"tags":[114,115,52145,32,33,52146,576,151],"class_list":["post-288020","post","type-post","status-publish","format-standard","has-post-thumbnail","category-tv","tag-entertainment","tag-entretenimento","tag-gabinete_de_curiosidades","tag-portugal","tag-pt","tag-the_sinner","tag-treta","tag-tv"],"share_on_mastodon":{"url":"https:\/\/pubeurope.com\/@pt\/116153199212725338","error":""},"_links":{"self":[{"href":"https:\/\/www.europesays.com\/pt\/wp-json\/wp\/v2\/posts\/288020","targetHints":{"allow":["GET"]}}],"collection":[{"href":"https:\/\/www.europesays.com\/pt\/wp-json\/wp\/v2\/posts"}],"about":[{"href":"https:\/\/www.europesays.com\/pt\/wp-json\/wp\/v2\/types\/post"}],"author":[{"embeddable":true,"href":"https:\/\/www.europesays.com\/pt\/wp-json\/wp\/v2\/users\/2"}],"replies":[{"embeddable":true,"href":"https:\/\/www.europesays.com\/pt\/wp-json\/wp\/v2\/comments?post=288020"}],"version-history":[{"count":0,"href":"https:\/\/www.europesays.com\/pt\/wp-json\/wp\/v2\/posts\/288020\/revisions"}],"wp:featuredmedia":[{"embeddable":true,"href":"https:\/\/www.europesays.com\/pt\/wp-json\/wp\/v2\/media\/288021"}],"wp:attachment":[{"href":"https:\/\/www.europesays.com\/pt\/wp-json\/wp\/v2\/media?parent=288020"}],"wp:term":[{"taxonomy":"category","embeddable":true,"href":"https:\/\/www.europesays.com\/pt\/wp-json\/wp\/v2\/categories?post=288020"},{"taxonomy":"post_tag","embeddable":true,"href":"https:\/\/www.europesays.com\/pt\/wp-json\/wp\/v2\/tags?post=288020"}],"curies":[{"name":"wp","href":"https:\/\/api.w.org\/{rel}","templated":true}]}}