{"id":288090,"date":"2026-03-01T10:50:42","date_gmt":"2026-03-01T10:50:42","guid":{"rendered":"https:\/\/www.europesays.com\/pt\/288090\/"},"modified":"2026-03-01T10:50:42","modified_gmt":"2026-03-01T10:50:42","slug":"amigos-de-pedro-lima-reunem-se-para-homenagem-tocante-alguem-com-uma-capacidade-impar-de-uniao-novelas","status":"publish","type":"post","link":"https:\/\/www.europesays.com\/pt\/288090\/","title":{"rendered":"Amigos de Pedro Lima re\u00fanem-se para homenagem tocante: \u00abAlgu\u00e9m com uma capacidade \u00edmpar de uni\u00e3o\u00bb &#8211; Novelas"},"content":{"rendered":"<p>Um grupo de amigos insepar\u00e1veis reuniu-se para um almo\u00e7o carregado de emo\u00e7\u00e3o, em mem\u00f3ria do<strong> \u201cCapit\u00e3o <a href=\"https:\/\/tvi.iol.pt\/novelas\/search?pagina=1&amp;pesquisa=pedro+lima\" rel=\"nofollow noopener\" target=\"_blank\">Pedro Lima<\/a>\u201d<\/strong>, figura que os uniu para sempre. No post partilhado no Instagram por <strong>Pedro Couceiro<\/strong>, ex\u2011piloto e amigo pr\u00f3ximo, destacam\u2011se nomes como <strong>Pedro Fernandes<\/strong>,<strong> Lu\u00eds Filipe Borges<\/strong>, <strong>Nilton<\/strong>, <strong>Ricardo S\u00e1 Pinto<\/strong> e <strong>Jo\u00e3o Francisco Lima<\/strong>, filho do saudoso Pedro. A descri\u00e7\u00e3o resume tudo: \u201c<strong>Almo\u00e7o dos \u2018Insuspeitus\u2019 de sempre que para sempre o nosso \u2018Capit\u00e3o Pedro Lima\u2019 reunir\u00e1. Uma \u2018Irmandade\u2019 que somente algu\u00e9m com uma capacidade \u00edmpar de uni\u00e3o e amor conseguiria. Estamos juntos!\u201d<\/strong>.<\/p>\n<p>Pedro Lima, ator falecido em 2020, era conhecido pela sua energia contagiante e por criar la\u00e7os profundos, como este grupo apelidado de \u201cInsuspeitus\u201d. A reuni\u00e3o, num ambiente descontra\u00eddo como o Restaurante O Frade, mostra que a amizade resiste ao tempo e \u00e0s perdas, com figuras do futebol e entretenimento a honrarem o legado do \u201cCapit\u00e3o\u201d.<\/p>\n<p><strong>Jo\u00e3o Francisco Lima<\/strong>, o filho, juntou\u2011se ao grupo, refor\u00e7ando o sentimento de fam\u00edlia alargada que Pedro construiu. Estes momentos privados, partilhados nas redes, tocam os seguidores e lembram o impacto duradouro de Pedro Lima na vida de quem o conheceu.<\/p>\n<p>Recorde aqui momentos de homenagem a Pedro Lima:<\/p>\n","protected":false},"excerpt":{"rendered":"Um grupo de amigos insepar\u00e1veis reuniu-se para um almo\u00e7o carregado de emo\u00e7\u00e3o, em mem\u00f3ria do \u201cCapit\u00e3o Pedro Lima\u201d,&hellip;\n","protected":false},"author":2,"featured_media":288091,"comment_status":"","ping_status":"","sticky":false,"template":"","format":"standard","meta":{"footnotes":"","_share_on_mastodon":"0"},"categories":[142],"tags":[160,166,114,115,157,167,52150,164,47354,768,161,158,52151,15719,165,159,32,33,156,163,151,162],"class_list":["post-288090","post","type-post","status-publish","format-standard","has-post-thumbnail","category-tv","tag-ana-guiomar","tag-cristina-ferreira","tag-entertainment","tag-entretenimento","tag-festa-e-festa","tag-ficcao","tag-joao-francisco-lima","tag-jose-fidalgo","tag-luis-filipe-borges","tag-nilton","tag-novelas","tag-para-sempre","tag-pedro-fernandes","tag-pedro-lima","tag-pedro-sousa","tag-pedro-teixeira","tag-portugal","tag-pt","tag-queridos-papas","tag-tiago-teotonio-pereira","tag-tv","tag-tvi"],"share_on_mastodon":{"url":"https:\/\/pubeurope.com\/@pt\/116153537277508609","error":""},"_links":{"self":[{"href":"https:\/\/www.europesays.com\/pt\/wp-json\/wp\/v2\/posts\/288090","targetHints":{"allow":["GET"]}}],"collection":[{"href":"https:\/\/www.europesays.com\/pt\/wp-json\/wp\/v2\/posts"}],"about":[{"href":"https:\/\/www.europesays.com\/pt\/wp-json\/wp\/v2\/types\/post"}],"author":[{"embeddable":true,"href":"https:\/\/www.europesays.com\/pt\/wp-json\/wp\/v2\/users\/2"}],"replies":[{"embeddable":true,"href":"https:\/\/www.europesays.com\/pt\/wp-json\/wp\/v2\/comments?post=288090"}],"version-history":[{"count":0,"href":"https:\/\/www.europesays.com\/pt\/wp-json\/wp\/v2\/posts\/288090\/revisions"}],"wp:featuredmedia":[{"embeddable":true,"href":"https:\/\/www.europesays.com\/pt\/wp-json\/wp\/v2\/media\/288091"}],"wp:attachment":[{"href":"https:\/\/www.europesays.com\/pt\/wp-json\/wp\/v2\/media?parent=288090"}],"wp:term":[{"taxonomy":"category","embeddable":true,"href":"https:\/\/www.europesays.com\/pt\/wp-json\/wp\/v2\/categories?post=288090"},{"taxonomy":"post_tag","embeddable":true,"href":"https:\/\/www.europesays.com\/pt\/wp-json\/wp\/v2\/tags?post=288090"}],"curies":[{"name":"wp","href":"https:\/\/api.w.org\/{rel}","templated":true}]}}