{"id":288998,"date":"2026-03-02T06:32:14","date_gmt":"2026-03-02T06:32:14","guid":{"rendered":"https:\/\/www.europesays.com\/pt\/288998\/"},"modified":"2026-03-02T06:32:14","modified_gmt":"2026-03-02T06:32:14","slug":"ludmilla-compartilha-momento-inedito-de-zuri-na-disney","status":"publish","type":"post","link":"https:\/\/www.europesays.com\/pt\/288998\/","title":{"rendered":"Ludmilla compartilha momento in\u00e9dito de Zuri na Disney"},"content":{"rendered":"<p>A cantora <a href=\"https:\/\/caras.com.br\/tags\/ludmilla\" rel=\"nofollow noopener\" target=\"_blank\"><strong>Ludmilla<\/strong><\/a> compartilhou um momento emocionante com seus seguidores neste domingo, 1. A famosa registrou o primeiro encontro de <strong>Zuri<\/strong>, fruto de seu relacionamento com <a href=\"https:\/\/caras.com.br\/tags\/brunna-goncalves\" rel=\"nofollow noopener\" target=\"_blank\"><strong>Brunna Gon\u00e7alves<\/strong><\/a>, com os personagens famosos da Disney. Vale lembrar que a fam\u00edlia est\u00e1 aproveitando uma temporada de f\u00e9rias nos Estados Unidos.<\/p>\n<p>A fam\u00edlia recebeu o Mickey e a Minnie no local onde est\u00e3o hospedadas em Orlando, na Fl\u00f3rida, enquanto a pequena estava fantasiada da personagem cl\u00e1ssica da Disney. \u201cHoje foi dia da Zurinha conhecer a Minnie e o Mickey\u201d, escreveu a cantora em seus stories.<\/p>\n<p>Brunna Gon\u00e7alves tamb\u00e9m celebrou o momento especial em suas redes sociais. \u201cHoje a Zuzu vai conhecer a Minnie e o Mickey e eu estou mais ansiosa que ela pra esse evento, n\u00e3o consegui nem dormir direito (risos)\u201d, disse ela pouco antes do encontro acontecer.<\/p>\n<p>A dan\u00e7arina revelou que o encontro da herdeira com os personagens era um sonho antigo, j\u00e1 que ela mesma conheceu os cl\u00e1ssicos da Disney quando estava gr\u00e1vida da nen\u00e9m. \u201cUm sonho meu vai se realizar quando eu conseguir refazer essas fotos com a nossa Zuzu nos bra\u00e7os\u201d, contou Brunna.<\/p>\n<p>\t Confira <img loading=\"lazy\" decoding=\"async\" class=\"size-full wp-image-1080850 img-fluid lazy\" alt=\"Brunna Gon\u00e7alves e Zuri - Foto: Reprodu\u00e7\u00e3o\/Instagram\" width=\"1000\" height=\"1804\" src=\"https:\/\/caras.com.br\/wp-content\/uploads\/2026\/03\/zuri-minnie.avif\"  \/>Brunna Gon\u00e7alves e Zuri \u2013 Foto: Reprodu\u00e7\u00e3o\/Instagram <img loading=\"lazy\" decoding=\"async\" class=\"size-full wp-image-1080853 img-fluid lazy\" alt=\"Brunna Gon\u00e7alves e Zuri - Foto: Reprodu\u00e7\u00e3o\/Instagram\" width=\"1000\" height=\"1746\" src=\"https:\/\/caras.com.br\/wp-content\/uploads\/2026\/03\/stories-brunna.avif\"  \/>Brunna Gon\u00e7alves e Zuri \u2013 Foto: Reprodu\u00e7\u00e3o\/Instagram <img loading=\"lazy\" decoding=\"async\" class=\"size-full wp-image-1080854 img-fluid lazy\" alt=\"Ludmilla, Brunna Gon\u00e7alves e Zuri - Foto: Reprodu\u00e7\u00e3o\/Instagram\" width=\"1080\" height=\"1920\" src=\"https:\/\/www.europesays.com\/pt\/wp-content\/uploads\/2026\/03\/zuri-mickey.jpg\"  \/>Ludmilla, Brunna Gon\u00e7alves e Zuri \u2013 Foto: Reprodu\u00e7\u00e3o\/Instagram A chegada de Zuri ao mundo <\/p>\n<p>Em maio do \u00faltimo ano, a pequena Zuri chegou esbanjando sa\u00fade e se tornou o assunto mais comentado das redes sociais, na \u00e9poca. Ludmilla, que acompanhou cada segundo do parto, n\u00e3o escondeu a emo\u00e7\u00e3o ao ver o rosto da filha pela primeira vez.<\/p>\n<p>O processo para a chegada de Zuri foi planejado com muito carinho pelo casal, que optou pelo m\u00e9todo de fertiliza\u00e7\u00e3o in vitro (FIV) em uma cl\u00ednica especializada nos Estados Unidos. O nome escolhido, Zuri, tem origem africana (sua\u00edli) e carrega significados poderosos como \u201clinda\u201d, \u201cbonita\u201d e \u201cpreciosa\u201d.<\/p>\n<p>Os f\u00e3s, que acompanharam ansiosamente cada etapa da gravidez de Brunna, inundaram as redes sociais com mensagens de carinho. Tags celebrando o nascimento da beb\u00ea alcan\u00e7aram o topo dos Trending Topics do X (antigo Twitter) em poucos minutos ap\u00f3s o an\u00fancio oficial.<\/p>\n<p><strong>Leia tamb\u00e9m:\u00a0<\/strong><a href=\"https:\/\/caras.com.br\/bebe\/ludmilla-aparece-com-zuri-em-clique-inedito.phtml\" rel=\"nofollow noopener\" target=\"_blank\">Ludmilla aparece com Zuri em clique in\u00e9dito<\/a><\/p>\n<p>        <a href=\"https:\/\/caras.com.br\/autor\/giovanna-f-campos\" rel=\"nofollow noopener\" target=\"_blank\">&#13;<br \/>\n          <img loading=\"lazy\" decoding=\"async\" alt=\"Giovanna F Campos\" src=\"https:\/\/www.europesays.com\/pt\/wp-content\/uploads\/2025\/09\/525986578_1657136028311574_5510063872310493577_n-150x150.jpg\" class=\"avatar avatar-115 photo rounded-circle\" height=\"115\" width=\"115\"\/>        <\/a><\/p>\n<p>Giovanna F Campos \u00e9 estudante de jornalismo pela Faculdade C\u00e1sper L\u00edbero, apaixonada por entretenimento e literatura.<\/p>\n","protected":false},"excerpt":{"rendered":"A cantora Ludmilla compartilhou um momento emocionante com seus seguidores neste domingo, 1. A famosa registrou o primeiro&hellip;\n","protected":false},"author":2,"featured_media":288999,"comment_status":"","ping_status":"","sticky":false,"template":"","format":"standard","meta":{"footnotes":"","_share_on_mastodon":"0"},"categories":[145],"tags":[10022,211,210,1579,114,115,2035,52296,52297,32,33,682],"class_list":["post-288998","post","type-post","status-publish","format-standard","has-post-thumbnail","category-celebridades","tag-brunna-goncalves","tag-celebridades","tag-celebrities","tag-disney","tag-entertainment","tag-entretenimento","tag-ludmilla","tag-mickey","tag-minnie-mouse","tag-portugal","tag-pt","tag-zuri"],"share_on_mastodon":{"url":"https:\/\/pubeurope.com\/@pt\/116158185192280238","error":""},"_links":{"self":[{"href":"https:\/\/www.europesays.com\/pt\/wp-json\/wp\/v2\/posts\/288998","targetHints":{"allow":["GET"]}}],"collection":[{"href":"https:\/\/www.europesays.com\/pt\/wp-json\/wp\/v2\/posts"}],"about":[{"href":"https:\/\/www.europesays.com\/pt\/wp-json\/wp\/v2\/types\/post"}],"author":[{"embeddable":true,"href":"https:\/\/www.europesays.com\/pt\/wp-json\/wp\/v2\/users\/2"}],"replies":[{"embeddable":true,"href":"https:\/\/www.europesays.com\/pt\/wp-json\/wp\/v2\/comments?post=288998"}],"version-history":[{"count":0,"href":"https:\/\/www.europesays.com\/pt\/wp-json\/wp\/v2\/posts\/288998\/revisions"}],"wp:featuredmedia":[{"embeddable":true,"href":"https:\/\/www.europesays.com\/pt\/wp-json\/wp\/v2\/media\/288999"}],"wp:attachment":[{"href":"https:\/\/www.europesays.com\/pt\/wp-json\/wp\/v2\/media?parent=288998"}],"wp:term":[{"taxonomy":"category","embeddable":true,"href":"https:\/\/www.europesays.com\/pt\/wp-json\/wp\/v2\/categories?post=288998"},{"taxonomy":"post_tag","embeddable":true,"href":"https:\/\/www.europesays.com\/pt\/wp-json\/wp\/v2\/tags?post=288998"}],"curies":[{"name":"wp","href":"https:\/\/api.w.org\/{rel}","templated":true}]}}