{"id":289486,"date":"2026-03-02T15:57:12","date_gmt":"2026-03-02T15:57:12","guid":{"rendered":"https:\/\/www.europesays.com\/pt\/289486\/"},"modified":"2026-03-02T15:57:12","modified_gmt":"2026-03-02T15:57:12","slug":"novo-ipad-air-chega-com-o-chip-m4-e-mais-memoria-mas-mantem-preco-de-entrada","status":"publish","type":"post","link":"https:\/\/www.europesays.com\/pt\/289486\/","title":{"rendered":"Novo iPad Air chega com o chip M4 e mais mem\u00f3ria, mas mant\u00e9m pre\u00e7o de entrada"},"content":{"rendered":"<p>Um desempenho impressionante, mais mem\u00f3ria, conectividade melhorada e funcionalidades revolucion\u00e1rias do iPadOS 26 s\u00e3o apenas algumas das promessas da Apple para o novo iPad Air, que estreia, a par do <a target=\"_blank\" href=\"https:\/\/pplware.sapo.pt\/apple\/novo-iphone-17e-mais-potencia-e-o-dobro-do-armazenamento-pelo-mesmo-preco\/\" rel=\"nofollow noopener\">novo iPhone 17e<\/a>, uma semana de muitas novidades.<\/p>\n<p><a target=\"_blank\" href=\"https:\/\/pplware.sapo.pt\/wp-content\/uploads\/2026\/03\/ipad-air-apple2026-cores.jpg\" onclick=\"refreshIframe()\" class=\"foobox\" rel=\"nofollow noopener\"><img fetchpriority=\"high\" decoding=\"async\" src=\"https:\/\/www.europesays.com\/pt\/wp-content\/uploads\/2026\/03\/ipad-air-apple2026-cores-720x405.jpg\" alt=\"\" width=\"720\" height=\"405\" class=\"aligncenter wp-image-1106516 size-medium\"  \/><\/a>\n<\/p>\n<p>A Apple apresentou um novo iPad Air equipado com o chip M4, oferecendo um aumento significativo de desempenho e mais mem\u00f3ria pelo mesmo pre\u00e7o inicial.<\/p>\n<p>Dispon\u00edvel em tamanhos de 11 e 13 polegadas, o tablet atualizado traz processamento mais r\u00e1pido, capacidades de Intelig\u00eancia Artificial (IA) melhoradas e conectividade atualizada, mantendo o design familiar.<\/p>\n<blockquote>\n<p>O iPad Air oferece mais formas do que nunca de ser criativo e produtivo, disponibilizando um desempenho poderoso e uma versatilidade incr\u00edvel para ajudar os utilizadores a transformar as suas ideias em realidade.<\/p>\n<\/blockquote>\n<p>Afirmou Bob Borchers, vice-presidente de Marketing Mundial de Produto da Apple, acrescentando que, &#8220;com o seu desempenho impressionante gra\u00e7as ao M4, capacidades avan\u00e7adas de [IA] e funcionalidades revolucion\u00e1rias do <a target=\"_blank\" href=\"https:\/\/pplware.sapo.pt\/gadgets\/ipad\/ipados-26-transformou-definitivamente-o-ipad-num-computador\/\" rel=\"nofollow noopener\">iPadOS 26<\/a>, nunca houve melhor altura para escolher ou atualizar para o iPad Air&#8221;.<\/p>\n<p style=\"text-align: center;\">\n<p>iPad Air renova-se por dentro<\/p>\n<p>A transi\u00e7\u00e3o para o M4 adiciona um CPU de oito n\u00facleos e um GPU de nove n\u00facleos. Segundo a Apple, o novo iPad Air \u00e9 at\u00e9 30% mais r\u00e1pido do que o modelo anterior com M3 e at\u00e9 2,3 vezes mais r\u00e1pido do que o iPad Air com M1.<\/p>\n<p>Com o GPU de nove n\u00facleos, o M4 suporta mesh shading potencializado por hardware de segunda gera\u00e7\u00e3o e ray tracing, oferecendo um desempenho de renderiza\u00e7\u00e3o 3D profissional mais de quatro vezes superior ao do M1, com ilumina\u00e7\u00e3o, reflexos e sombras mais realistas nas aplica\u00e7\u00f5es e jogos compat\u00edveis.<\/p>\n<p>Para suportar tarefas de AI, a Apple aumentou a mem\u00f3ria unificada em 50%, passando para 12 GB, e elevou a largura de banda da mem\u00f3ria para 120 GB por segundo.<\/p>\n<p><a target=\"_blank\" href=\"https:\/\/pplware.sapo.pt\/wp-content\/uploads\/2026\/03\/ipad-air-apple2026-02.jpg\" onclick=\"refreshIframe()\" class=\"foobox\" rel=\"nofollow noopener\"><img loading=\"lazy\" decoding=\"async\" src=\"https:\/\/www.europesays.com\/pt\/wp-content\/uploads\/2026\/03\/ipad-air-apple2026-02-720x515.jpg\" alt=\"\" width=\"720\" height=\"515\" class=\"aligncenter size-medium wp-image-1106513\"  \/><\/a><\/p>\n<p>O Neural Engine de 16 n\u00facleos \u00e9 at\u00e9 tr\u00eas vezes mais r\u00e1pido do que a vers\u00e3o presente no M1, acelerando funcionalidades de IA executadas diretamente no dispositivo, incluindo as integradas no Apple Intelligence, bem como fluxos de trabalho criativos exigentes em aplica\u00e7\u00f5es como as disponibilizadas atrav\u00e9s do <a target=\"_blank\" href=\"https:\/\/pplware.sapo.pt\/multimedia-2\/creator-studio-a-nova-suite-da-apple-que-desafia-diretamente-a-adobe\/\" rel=\"nofollow noopener\">Apple Creator Studio<\/a>.<\/p>\n<p>O novo iPad Air inclui ainda os mais recentes chips de conectividade Apple Silicon, N1 e C1X, que proporcionam liga\u00e7\u00f5es sem fios e Cellular r\u00e1pidas, al\u00e9m de suporte para Wi-Fi 7.<\/p>\n<p>O dispositivo chega com o iPadOS 26.3, que introduz o Liquid Glass da Apple, um sistema de janelas redesenhado e uma nova barra de menus para acesso mais simples aos comandos das aplica\u00e7\u00f5es.<\/p>\n<p>A aplica\u00e7\u00e3o Ficheiros recebe uma vista em lista melhorada e op\u00e7\u00f5es de personaliza\u00e7\u00e3o de pastas, enquanto a nova aplica\u00e7\u00e3o Pr\u00e9-visualiza\u00e7\u00e3o oferece um espa\u00e7o dedicado para visualizar, editar e anotar PDF e imagens.<\/p>\n<p><a target=\"_blank\" href=\"https:\/\/pplware.sapo.pt\/wp-content\/uploads\/2026\/03\/ipad-air-apple2026-03.jpg\" onclick=\"refreshIframe()\" class=\"foobox\" rel=\"nofollow noopener\"><img loading=\"lazy\" decoding=\"async\" src=\"https:\/\/www.europesays.com\/pt\/wp-content\/uploads\/2026\/03\/ipad-air-apple2026-03-575x720.jpg\" alt=\"\" width=\"575\" height=\"720\" class=\"aligncenter size-medium wp-image-1106514\"  \/><\/a><\/p>\n<p>O design f\u00edsico mant\u00e9m-se inalterado: a c\u00e2mara frontal de 12 MP com Center Stage est\u00e1 posicionada ao longo da margem horizontal, acompanhada por altifalantes est\u00e9reo em orienta\u00e7\u00e3o horizontal.<\/p>\n<p>A par de um poderoso ecossistema de aplica\u00e7\u00f5es, o iPad Air suporta acess\u00f3rios como o Apple Pencil Pro e o Magic Keyboard.<\/p>\n<p><a target=\"_blank\" href=\"https:\/\/pplware.sapo.pt\/wp-content\/uploads\/2026\/03\/ipad-air-apple2026-04.jpg\" onclick=\"refreshIframe()\" class=\"foobox\" rel=\"nofollow noopener\"><img loading=\"lazy\" decoding=\"async\" src=\"https:\/\/www.europesays.com\/pt\/wp-content\/uploads\/2026\/03\/ipad-air-apple2026-04-720x405.jpg\" alt=\"\" width=\"720\" height=\"405\" class=\"aligncenter size-medium wp-image-1106515\"  \/><\/a><\/p>\n<p>Disponibilidade e pre\u00e7o<\/p>\n<p>Dispon\u00edvel em dois tamanhos e em quatro acabamentos, o <a target=\"_blank\" href=\"https:\/\/www.apple.com\/pt\/ipad-air\/\" rel=\"nofollow noopener\">iPad Air<\/a> de 11 polegadas \u00e9 extremamente port\u00e1til, enquanto o modelo de 13 polegadas oferece um ecr\u00e3 maior para quem pretende mais espa\u00e7o para multitarefa.<\/p>\n<p>Em Portugal, o iPad Air come\u00e7a nos 679 euros para o modelo de 11 polegadas, e sobe para 879 euros para o modelo de 13 polegadas.<\/p>\n<p>Ambos os tamanhos est\u00e3o dispon\u00edveis nas cores azul, roxo, starlight e cinzento sideral, com op\u00e7\u00f5es de armazenamento de 128 GB, 256 GB, 512 GB e 1 TB.<\/p>\n<p>Os clientes podem efetuar a pr\u00e9-encomenda do iPad Air a partir das 14h15 desta quarta-feira, 4 de mar\u00e7o, com disponibilidade a partir da pr\u00f3xima semana, dia 11 de mar\u00e7o.<\/p>\n","protected":false},"excerpt":{"rendered":"Um desempenho impressionante, mais mem\u00f3ria, conectividade melhorada e funcionalidades revolucion\u00e1rias do iPadOS 26 s\u00e3o apenas algumas das promessas&hellip;\n","protected":false},"author":2,"featured_media":289487,"comment_status":"","ping_status":"","sticky":false,"template":"","format":"standard","meta":{"footnotes":"","_share_on_mastodon":"0"},"categories":[84],"tags":[247,109,107,108,11065,32,33,105,103,104,106,110],"class_list":["post-289486","post","type-post","status-publish","format-standard","has-post-thumbnail","category-ciencia-e-tecnologia","tag-apple","tag-ciencia","tag-ciencia-e-tecnologia","tag-cienciaetecnologia","tag-ipad-air","tag-portugal","tag-pt","tag-science","tag-science-and-technology","tag-scienceandtechnology","tag-technology","tag-tecnologia"],"share_on_mastodon":{"url":"https:\/\/pubeurope.com\/@pt\/116160406730721370","error":""},"_links":{"self":[{"href":"https:\/\/www.europesays.com\/pt\/wp-json\/wp\/v2\/posts\/289486","targetHints":{"allow":["GET"]}}],"collection":[{"href":"https:\/\/www.europesays.com\/pt\/wp-json\/wp\/v2\/posts"}],"about":[{"href":"https:\/\/www.europesays.com\/pt\/wp-json\/wp\/v2\/types\/post"}],"author":[{"embeddable":true,"href":"https:\/\/www.europesays.com\/pt\/wp-json\/wp\/v2\/users\/2"}],"replies":[{"embeddable":true,"href":"https:\/\/www.europesays.com\/pt\/wp-json\/wp\/v2\/comments?post=289486"}],"version-history":[{"count":0,"href":"https:\/\/www.europesays.com\/pt\/wp-json\/wp\/v2\/posts\/289486\/revisions"}],"wp:featuredmedia":[{"embeddable":true,"href":"https:\/\/www.europesays.com\/pt\/wp-json\/wp\/v2\/media\/289487"}],"wp:attachment":[{"href":"https:\/\/www.europesays.com\/pt\/wp-json\/wp\/v2\/media?parent=289486"}],"wp:term":[{"taxonomy":"category","embeddable":true,"href":"https:\/\/www.europesays.com\/pt\/wp-json\/wp\/v2\/categories?post=289486"},{"taxonomy":"post_tag","embeddable":true,"href":"https:\/\/www.europesays.com\/pt\/wp-json\/wp\/v2\/tags?post=289486"}],"curies":[{"name":"wp","href":"https:\/\/api.w.org\/{rel}","templated":true}]}}