{"id":289790,"date":"2026-03-02T21:16:20","date_gmt":"2026-03-02T21:16:20","guid":{"rendered":"https:\/\/www.europesays.com\/pt\/289790\/"},"modified":"2026-03-02T21:16:20","modified_gmt":"2026-03-02T21:16:20","slug":"nattan-revela-detalhe-surpreendente-sobre-filha-de-2-meses-com-rafa-kalimann-r7-entretenimento","status":"publish","type":"post","link":"https:\/\/www.europesays.com\/pt\/289790\/","title":{"rendered":"Nattan revela detalhe surpreendente sobre filha de 2 meses com Rafa Kalimann \u2013 R7 Entretenimento"},"content":{"rendered":"<p>LEIA AQUI O RESUMO DA NOT\u00cdCIA<\/p>\n<ul class=\"b-article-body-custom-embed-brief-news__list\" style=\"margin: 0; padding-left: 20px; list-style-type: disc;\">\n<li>Nattan ficou impressionado com o crescimento da filha, Zuza, de apenas dois meses.<\/li>\n<li>A beb\u00ea j\u00e1 usa roupas de tr\u00eas a seis meses, o que surpreendeu o cantor.<\/li>\n<li>Zuza tem se alimentado bem, consumindo uma lata de leite por dia.<\/li>\n<li>O momento foi divertido e mostrou a personalidade encantadora da pequena.<\/li>\n<\/ul>\n<p style=\"font-size: 0.8em; font-style: italic; text-align: right; margin-top: 15px; padding-bottom: 5px; margin-bottom: 0;\">Produzido pela Ri7a &#8211; a Intelig\u00eancia Artificial do R7<\/p>\n<p><img decoding=\"async\" data-chromatic=\"ignore\" alt=\"\" class=\"c-image\" loading=\"lazy\" src=\"https:\/\/www.europesays.com\/pt\/wp-content\/uploads\/2026\/03\/FUPYZZWYA5F5TKMGKNQE22DO7Y.jpg\"  width=\"1920\" height=\"1080\"\/>Nattan ficou surpreso com tamanho de Zuza Reprodu\u00e7\u00e3o\/Instagram\/@nattan <\/p>\n<p class=\"jarvics:base-text-neutral-high-400 xovem:base-text-dark-high-400 base-text-[calc(theme(fontSize.xs)_*_var(--font-size,_1))] base-font-normal base-font-primary base-text-neutral-low-500 base-text-left\">O cantor <a href=\"https:\/\/www.r7.com\/tudo-sobre\/nattan\/\" target=\"_blank\" rel=\"noreferrer nofollow noopener\" title=\"https:\/\/www.r7.com\/tudo-sobre\/nattan\/\"><b>Nattan<\/b><\/a><b> <\/b>est\u00e1 impressionado com o crescimento da filha, <a href=\"https:\/\/entretenimento.r7.com\/prisma\/fabiola-reipert\/filha-de-rafa-kalimann-e-nattan-e-a-primeira-zuza-registrada-no-brasil-em-47-anos-09012026\/\" target=\"_blank\" rel=\"noreferrer nofollow noopener\" title=\"https:\/\/entretenimento.r7.com\/prisma\/fabiola-reipert\/filha-de-rafa-kalimann-e-nattan-e-a-primeira-zuza-registrada-no-brasil-em-47-anos-09012026\/\"><b>Zuza<\/b><\/a>, fruto do relacionamento com <a href=\"https:\/\/www.r7.com\/tudo-sobre\/rafa-kalimann\/\" target=\"_blank\" rel=\"noreferrer nofollow noopener\" title=\"https:\/\/www.r7.com\/tudo-sobre\/rafa-kalimann\/\"><b>Rafa Kalimann<\/b><\/a>. \ud83d\udc76<\/p>\n<p class=\"jarvics:base-text-neutral-high-400 xovem:base-text-dark-high-400 base-text-[calc(theme(fontSize.xs)_*_var(--font-size,_1))] base-font-normal base-font-primary base-text-neutral-low-500 base-text-left\">E a novidade \u00e9 de cair o queixo: a pequena, que ainda nem completou dois meses de vida, j\u00e1 est\u00e1 usando roupas de tr\u00eas a seis meses! <\/p>\n<p class=\"jarvics:base-text-neutral-high-400 xovem:base-text-dark-high-400 base-text-[calc(theme(fontSize.xs)_*_var(--font-size,_1))] base-font-normal base-font-primary base-text-neutral-low-500 base-text-left\">Nos stories do Instagram, Nattan n\u00e3o escondeu a surpresa e compartilhou cada detalhe:<\/p>\n<p class=\"jarvics:base-text-neutral-high-400 xovem:base-text-dark-high-400 base-text-[calc(theme(fontSize.xs)_*_var(--font-size,_1))] base-font-normal base-font-primary base-text-neutral-low-500 base-text-left\">\u201cEssa roupa aqui \u00e9 de tr\u00eas a seis meses, gente. Ela est\u00e1 com dois meses. Olha isso aqui: est\u00e1 certinha nela j\u00e1. Jurei, quando peguei [a roupa] ontem, que n\u00e3o ia dar nela, n\u00e3o. Olha o tamanho dessa menina j\u00e1, usando de tr\u00eas a seis meses. Voc\u00ea est\u00e1 muito grande, mulher\u201d, declarou o cantor. \ud83d\ude32<\/p>\n<p class=\"jarvics:base-text-neutral-high-400 xovem:base-text-dark-high-400 base-text-[calc(theme(fontSize.xs)_*_var(--font-size,_1))] base-font-normal base-font-primary base-text-neutral-low-500 base-text-left\">E a fofura n\u00e3o para por a\u00ed! Nattan contou que a pequena tem se alimentado muito bem e brincou sobre o apetite da filha:<\/p>\n<p class=\"jarvics:base-text-neutral-high-400 xovem:base-text-dark-high-400 base-text-[calc(theme(fontSize.xs)_*_var(--font-size,_1))] base-font-normal base-font-primary base-text-neutral-low-500 base-text-left\">\u201cTomou quatro latas de leite em quatro dias. Est\u00e1 tomando uma lata de leite por dia, Rafaela\u201d, disse, enquanto estava deitado na cama ao lado da namorada.<\/p>\n<p class=\"jarvics:base-text-neutral-high-400 xovem:base-text-dark-high-400 base-text-[calc(theme(fontSize.xs)_*_var(--font-size,_1))] base-font-normal base-font-primary base-text-neutral-low-500 base-text-left\">Zuza, toda meiguinha, estava deitadinha nas pernas do pai e abriu um sorrisinho que fez Nattan cair na risada:<\/p>\n<p class=\"jarvics:base-text-neutral-high-400 xovem:base-text-dark-high-400 base-text-[calc(theme(fontSize.xs)_*_var(--font-size,_1))] base-font-normal base-font-primary base-text-neutral-low-500 base-text-left\">\u201cVoc\u00ea est\u00e1 comendo muito, mulher\u201d, falou gargalhando.<\/p>\n<p class=\"jarvics:base-text-neutral-high-400 xovem:base-text-dark-high-400 base-text-[calc(theme(fontSize.xs)_*_var(--font-size,_1))] base-font-normal base-font-primary base-text-neutral-low-500 base-text-left\">O resultado? Um momento fofo e divertido, mostrando que a pequena j\u00e1 chegou cheia de personalidade! \ud83d\ude02<\/p>\n<p class=\"jarvics:base-text-neutral-high-400 xovem:base-text-dark-high-400 base-text-[calc(theme(fontSize.xs)_*_var(--font-size,_1))] base-font-normal base-font-primary base-text-neutral-low-500 base-text-left\">\u2705<b>Para saber tudo do mundo dos famosos, <\/b><a href=\"https:\/\/whatsapp.com\/channel\/0029Va9UfKcHQbRyCyhPt71R\" rel=\"nofollow noopener\" target=\"_blank\"><b>siga o canal de entretenimento do R7<\/b><\/a><b>, o portal de not\u00edcias da Record, no WhatsApp<\/b><\/p>\n<p>Os textos aqui publicados <strong>n\u00e3o refletem<\/strong> necessariamente a opini\u00e3o do<strong> Grupo Record<\/strong>.<\/p>\n","protected":false},"excerpt":{"rendered":"LEIA AQUI O RESUMO DA NOT\u00cdCIA Nattan ficou impressionado com o crescimento da filha, Zuza, de apenas dois&hellip;\n","protected":false},"author":2,"featured_media":289791,"comment_status":"","ping_status":"","sticky":false,"template":"","format":"standard","meta":{"footnotes":"","_share_on_mastodon":"0"},"categories":[145],"tags":[4552,211,210,114,115,3034,3881,32,33,2612],"class_list":["post-289790","post","type-post","status-publish","format-standard","has-post-thumbnail","category-celebridades","tag-a-hora-da-venenosa","tag-celebridades","tag-celebrities","tag-entertainment","tag-entretenimento","tag-famosos-e-celebridades","tag-nattan","tag-portugal","tag-pt","tag-rafa-kalimann"],"share_on_mastodon":{"url":"https:\/\/pubeurope.com\/@pt\/116161661043902788","error":""},"_links":{"self":[{"href":"https:\/\/www.europesays.com\/pt\/wp-json\/wp\/v2\/posts\/289790","targetHints":{"allow":["GET"]}}],"collection":[{"href":"https:\/\/www.europesays.com\/pt\/wp-json\/wp\/v2\/posts"}],"about":[{"href":"https:\/\/www.europesays.com\/pt\/wp-json\/wp\/v2\/types\/post"}],"author":[{"embeddable":true,"href":"https:\/\/www.europesays.com\/pt\/wp-json\/wp\/v2\/users\/2"}],"replies":[{"embeddable":true,"href":"https:\/\/www.europesays.com\/pt\/wp-json\/wp\/v2\/comments?post=289790"}],"version-history":[{"count":0,"href":"https:\/\/www.europesays.com\/pt\/wp-json\/wp\/v2\/posts\/289790\/revisions"}],"wp:featuredmedia":[{"embeddable":true,"href":"https:\/\/www.europesays.com\/pt\/wp-json\/wp\/v2\/media\/289791"}],"wp:attachment":[{"href":"https:\/\/www.europesays.com\/pt\/wp-json\/wp\/v2\/media?parent=289790"}],"wp:term":[{"taxonomy":"category","embeddable":true,"href":"https:\/\/www.europesays.com\/pt\/wp-json\/wp\/v2\/categories?post=289790"},{"taxonomy":"post_tag","embeddable":true,"href":"https:\/\/www.europesays.com\/pt\/wp-json\/wp\/v2\/tags?post=289790"}],"curies":[{"name":"wp","href":"https:\/\/api.w.org\/{rel}","templated":true}]}}