{"id":289837,"date":"2026-03-02T22:04:13","date_gmt":"2026-03-02T22:04:13","guid":{"rendered":"https:\/\/www.europesays.com\/pt\/289837\/"},"modified":"2026-03-02T22:04:13","modified_gmt":"2026-03-02T22:04:13","slug":"empresario-revela-proposta-oficial-do-benfica-por-andre-do-corinthians","status":"publish","type":"post","link":"https:\/\/www.europesays.com\/pt\/289837\/","title":{"rendered":"Empres\u00e1rio revela \u00abproposta oficial do Benfica\u00bb por Andr\u00e9, do Corinthians"},"content":{"rendered":"<p>O empres\u00e1rio brasileiro Diogo Silva revelou, em entrevista ao jornal Esportes R7, que o Benfica enviou uma oferta formal ao Corinthians pelo seu cliente Andr\u00e9.\u00a0<\/p>\n<p>O agente n\u00e3o refere quando aconteceu a oferta, mas deduz-se que ter\u00e1 sido no mercado de inverno. Andr\u00e9, de 19 anos, soma apenas 24 jogos pelo Corinthians.<\/p>\n<p>\u00abA \u00fanica proposta oficial que recebemos foi do Benfica, de 12 milh\u00f5es de euros fixos e tr\u00eas milh\u00f5es de euros em b\u00f3nus. Mas o Corinthians recusou na hora e nem quis estabelecer um valor ou fazer uma contraproposta\u00bb, disse Diogo Silva.<\/p>\n<p>Outros clubes, especialmente italianos, foram associados ao jovem m\u00e9dio do clube paulista.<\/p>\n<p>\u00abO que eu posso garantir \u00e9 que n\u00e3o h\u00e1 proposta nenhuma da Juventus\u00bb, esclareceu. O Milan \u00e9 outro clube alegadamente interessado.<\/p>\n","protected":false},"excerpt":{"rendered":"O empres\u00e1rio brasileiro Diogo Silva revelou, em entrevista ao jornal Esportes R7, que o Benfica enviou uma oferta&hellip;\n","protected":false},"author":2,"featured_media":289838,"comment_status":"","ping_status":"","sticky":false,"template":"","format":"standard","meta":{"footnotes":"","_share_on_mastodon":"0"},"categories":[87],"tags":[6472,51,726,7184,135,52429,82,46,42,41,32,33,47,134,35],"class_list":["post-289837","post","type-post","status-publish","format-standard","has-post-thumbnail","category-desporto","tag-andre","tag-benfica","tag-brasil","tag-corinthians","tag-desporto","tag-diogo-silva","tag-internacional","tag-maisfutebol","tag-mercado","tag-mercado-de-transferencias","tag-portugal","tag-pt","tag-pura-paixao","tag-sports","tag-transferencias"],"share_on_mastodon":{"url":"https:\/\/pubeurope.com\/@pt\/116161849999967583","error":""},"_links":{"self":[{"href":"https:\/\/www.europesays.com\/pt\/wp-json\/wp\/v2\/posts\/289837","targetHints":{"allow":["GET"]}}],"collection":[{"href":"https:\/\/www.europesays.com\/pt\/wp-json\/wp\/v2\/posts"}],"about":[{"href":"https:\/\/www.europesays.com\/pt\/wp-json\/wp\/v2\/types\/post"}],"author":[{"embeddable":true,"href":"https:\/\/www.europesays.com\/pt\/wp-json\/wp\/v2\/users\/2"}],"replies":[{"embeddable":true,"href":"https:\/\/www.europesays.com\/pt\/wp-json\/wp\/v2\/comments?post=289837"}],"version-history":[{"count":0,"href":"https:\/\/www.europesays.com\/pt\/wp-json\/wp\/v2\/posts\/289837\/revisions"}],"wp:featuredmedia":[{"embeddable":true,"href":"https:\/\/www.europesays.com\/pt\/wp-json\/wp\/v2\/media\/289838"}],"wp:attachment":[{"href":"https:\/\/www.europesays.com\/pt\/wp-json\/wp\/v2\/media?parent=289837"}],"wp:term":[{"taxonomy":"category","embeddable":true,"href":"https:\/\/www.europesays.com\/pt\/wp-json\/wp\/v2\/categories?post=289837"},{"taxonomy":"post_tag","embeddable":true,"href":"https:\/\/www.europesays.com\/pt\/wp-json\/wp\/v2\/tags?post=289837"}],"curies":[{"name":"wp","href":"https:\/\/api.w.org\/{rel}","templated":true}]}}