{"id":28999,"date":"2025-08-14T12:52:16","date_gmt":"2025-08-14T12:52:16","guid":{"rendered":"https:\/\/www.europesays.com\/pt\/28999\/"},"modified":"2025-08-14T12:52:16","modified_gmt":"2025-08-14T12:52:16","slug":"novo-servico-exclusivo-para-mulheres-da-uber-chega-a-mais-regioes-do-pais-nit","status":"publish","type":"post","link":"https:\/\/www.europesays.com\/pt\/28999\/","title":{"rendered":"Novo servi\u00e7o exclusivo para mulheres da Uber chega a mais regi\u00f5es do Pa\u00eds \u2014 NiT"},"content":{"rendered":"<p>A Uber anunciou esta quarta-feira, 13 de agosto, a expans\u00e3o do novo servi\u00e7o Women Drivers para as regi\u00f5es do Algarve, Aveiro, Leiria, Braga e Coimbra. At\u00e9 \u00e0 data, s\u00f3 era poss\u00edvel utilizar esta modalidade, apresentada em julho, em Lisboa, onde surgiu em modo projeto-piloto.<\/p>\n<p>\u00c0 semelhan\u00e7a do lan\u00e7amento na capital, a empresa revelou que a expans\u00e3o para as novas cidades ser\u00e1 \u201cgradual ao longo das pr\u00f3ximas semanas.\u201d<\/p>\n<p>\u201cEstamos muito entusiasmados com a expans\u00e3o do servi\u00e7o Women Drivers para novas zonas do Pa\u00eds. Queremos continuar a dar resposta a uma necessidade clara de muitas passageiras e motoristas, a possibilidade de escolher com quem viajam\u201d, afirma Francisco Vila\u00e7a, diretor-geral da empresa em Portugal.<\/p>\n<p>O servi\u00e7o, dispon\u00edvel na aplica\u00e7\u00e3o da Uber, permite que as passageiras tenham a op\u00e7\u00e3o de escolher serem transportadas apenas por motoristas do sexo feminino, tal como as pr\u00f3prias condutoras podem optar, a qualquer momento, receber apenas pedidos de viagem de mulheres.\u00a0<\/p>\n<p>Vai funcionar todos os dias da semana, sem custos adicionais. No entanto, estar\u00e1 dependente da disponibilidade de motoristas mulheres nas regi\u00f5es abrangidas.<\/p>\n<p>Como a NiT lhe contou, o <a href=\"https:\/\/www.nit.pt\/fora-de-casa\/na-cidade\/passageiras-e-motoristas-uber-tem-um-novo-servico-exclusivo-para-mulheres\" target=\"_blank\" rel=\"noopener nofollow\">lan\u00e7amento<\/a> do servi\u00e7o em territ\u00f3rio nacional surge ap\u00f3s a implementa\u00e7\u00e3o em mercados como Fran\u00e7a, Alemanha e Pol\u00f3nia, e, ainda, na \u00c1frica do Sul, Argentina e Austr\u00e1lia.<\/p>\n<p>Em 2024, uma plataforma que defendia o mesmo conceito \u2014 a <a href=\"https:\/\/www.nit.pt\/fora-de-casa\/na-cidade\/passageiras-e-motoristas-uber-tem-um-novo-servico-exclusivo-para-mulheres\" target=\"_blank\" rel=\"noopener nofollow\">Pinker<\/a> \u2014 foi impedida de entrar no mercado portugu\u00eas, ap\u00f3s o Instituto da Mobilidade e dos Transportes suspender a opera\u00e7\u00e3o. Justificou que, segundo a lei, \u201cn\u00e3o pode haver discrimina\u00e7\u00e3o na atividade de transporte individual e remunerado de passageiros\u201d.<\/p>\n<p>A Uber \u00e9 uma empresa norte-americana, que presta servi\u00e7os de transporte privado nos meios urbanos atrav\u00e9s de uma aplica\u00e7\u00e3o. Desde julho de 2014, j\u00e1 realizou mais de 200 milh\u00f5es de viagens em 195 cidades do Pa\u00eds.\u00a0<\/p>\n","protected":false},"excerpt":{"rendered":"A Uber anunciou esta quarta-feira, 13 de agosto, a expans\u00e3o do novo servi\u00e7o Women Drivers para as regi\u00f5es&hellip;\n","protected":false},"author":2,"featured_media":29000,"comment_status":"","ping_status":"","sticky":false,"template":"","format":"standard","meta":{"footnotes":""},"categories":[10],"tags":[27,28,15,16,14,25,26,21,22,12,13,19,20,32,23,24,33,17,18,29,30,31],"class_list":{"0":"post-28999","1":"post","2":"type-post","3":"status-publish","4":"format-standard","5":"has-post-thumbnail","7":"category-portugal","8":"tag-breaking-news","9":"tag-breakingnews","10":"tag-featured-news","11":"tag-featurednews","12":"tag-headlines","13":"tag-latest-news","14":"tag-latestnews","15":"tag-main-news","16":"tag-mainnews","17":"tag-news","18":"tag-noticias","19":"tag-noticias-principais","20":"tag-noticiasprincipais","21":"tag-portugal","22":"tag-principais-noticias","23":"tag-principaisnoticias","24":"tag-pt","25":"tag-top-stories","26":"tag-topstories","27":"tag-ultimas","28":"tag-ultimas-noticias","29":"tag-ultimasnoticias"},"share_on_mastodon":{"url":"","error":""},"_links":{"self":[{"href":"https:\/\/www.europesays.com\/pt\/wp-json\/wp\/v2\/posts\/28999","targetHints":{"allow":["GET"]}}],"collection":[{"href":"https:\/\/www.europesays.com\/pt\/wp-json\/wp\/v2\/posts"}],"about":[{"href":"https:\/\/www.europesays.com\/pt\/wp-json\/wp\/v2\/types\/post"}],"author":[{"embeddable":true,"href":"https:\/\/www.europesays.com\/pt\/wp-json\/wp\/v2\/users\/2"}],"replies":[{"embeddable":true,"href":"https:\/\/www.europesays.com\/pt\/wp-json\/wp\/v2\/comments?post=28999"}],"version-history":[{"count":0,"href":"https:\/\/www.europesays.com\/pt\/wp-json\/wp\/v2\/posts\/28999\/revisions"}],"wp:featuredmedia":[{"embeddable":true,"href":"https:\/\/www.europesays.com\/pt\/wp-json\/wp\/v2\/media\/29000"}],"wp:attachment":[{"href":"https:\/\/www.europesays.com\/pt\/wp-json\/wp\/v2\/media?parent=28999"}],"wp:term":[{"taxonomy":"category","embeddable":true,"href":"https:\/\/www.europesays.com\/pt\/wp-json\/wp\/v2\/categories?post=28999"},{"taxonomy":"post_tag","embeddable":true,"href":"https:\/\/www.europesays.com\/pt\/wp-json\/wp\/v2\/tags?post=28999"}],"curies":[{"name":"wp","href":"https:\/\/api.w.org\/{rel}","templated":true}]}}