{"id":291078,"date":"2026-03-04T00:24:08","date_gmt":"2026-03-04T00:24:08","guid":{"rendered":"https:\/\/www.europesays.com\/pt\/291078\/"},"modified":"2026-03-04T00:24:08","modified_gmt":"2026-03-04T00:24:08","slug":"irao-espanha-lembra-a-trump-que-acordos-comerciais-sao-negociados-com-a-ue-operacao-furia-epica","status":"publish","type":"post","link":"https:\/\/www.europesays.com\/pt\/291078\/","title":{"rendered":"Ir\u00e3o: Espanha lembra a Trump que acordos comerciais s\u00e3o negociados com a UE | Opera\u00e7\u00e3o F\u00faria \u00c9pica"},"content":{"rendered":"<p>O Governo espanhol reiterou esta ter\u00e7a-feira que os acordos comerciais que tem com os Estados Unidos da Am\u00e9rica (EUA) s\u00e3o feitos no quadro da Uni\u00e3o Europeia (UE), em resposta \u00e0 amea\u00e7a de embargo por parte do Presidente norte-americano, Donald Trump.<\/p>\n<p>Espanha &#8220;\u00e9 uma pot\u00eancia exportadora da Uni\u00e3o Europeia e um parceiro comercial fi\u00e1vel para 195 pa\u00edses do mundo, entre eles, os EUA&#8221;, com quem mant\u00e9m &#8220;uma rela\u00e7\u00e3o comercial hist\u00f3rica mutuamente ben\u00e9fica&#8221;, disseram fontes oficiais do executivo espanhol aos meios de comunica\u00e7\u00e3o social.<\/p>\n<p>&#8220;Se a administra\u00e7\u00e3o norte-americana quiser rever&#8221; essa rela\u00e7\u00e3o comercial com Espanha &#8220;ter\u00e1 de o fazer respeitando a autonomia das empresas privadas, a legalidade internacional e os acordos bilaterais entre a Uni\u00e3o Europeia e os EUA&#8221;, sublinharam as mesmas fontes, que acrescentaram que, de qualquer forma, Espanha &#8220;conta com os recursos necess\u00e1rios&#8221; para responder a &#8220;poss\u00edveis impactos&#8221; de eventuais decis\u00f5es norte-americanas, tanto para &#8220;ajudar sectores&#8221; afectados como para &#8220;diversificar cadeias de abastecimento&#8221;.<\/p>\n<p>        &#13;<\/p>\n<blockquote><p>&#13;<\/p>\n<p>&#8220;Se a administra\u00e7\u00e3o norte-americana quiser rever&#8221; essa rela\u00e7\u00e3o comercial com Espanha &#8220;ter\u00e1 de o fazer respeitando a autonomia das empresas privadas, a legalidade internacional e os acordos bilaterais entre a Uni\u00e3o Europeia e os EUA&#8221;<\/p>\n<p>&#13;<br \/>\n                &#13;<br \/>\nFontes oficiais do executivo espanhol                &#13;\n            <\/p><\/blockquote>\n<p>&#13;<br \/>\n&#13;<br \/>\n            &#13;<\/p>\n<p>&#8220;De qualquer forma, a vontade do Governo de Espanha \u00e9 e ser\u00e1 sempre trabalhar em prol do livre com\u00e9rcio e da coopera\u00e7\u00e3o econ\u00f3mica entre pa\u00edses&#8221;, com &#8220;respeito m\u00fatuo e cumprindo a legalidade internacional&#8221;, disse ainda o executivo espanhol.<\/p>\n<p>O Governo real\u00e7ou, em paralelo, que &#8220;Espanha \u00e9 um membro chave da NATO, que cumpre com os seus compromissos e contribuiu de forma destacada para a defesa do territ\u00f3rio europeu&#8221;.<\/p>\n<p>EUA amea\u00e7am Madrid com embargo comercial<\/p>\n<p>O Presidente dos EUA amea\u00e7ou hoje &#8220;cortar todo o com\u00e9rcio com Espanha&#8221; por causa da posi\u00e7\u00e3o do Governo espanhol em rela\u00e7\u00e3o \u00e0 <a href=\"https:\/\/www.publico.pt\/operacao-furia-epica\" target=\"_blank\" rel=\"nofollow noopener\">ofensiva militar norte-americana contra o Ir\u00e3o<\/a>.<\/p>\n<p>&#8220;Espanha tem sido terr\u00edvel. Vamos cortar todo o com\u00e9rcio com Espanha. N\u00e3o queremos ter nada a ver com Espanha&#8221;, disse Trump.<\/p>\n<p>Espanha rejeitou a utiliza\u00e7\u00e3o por parte dos EUA das bases militares de Rota e Mor\u00f3n, no sul do pa\u00eds, para as opera\u00e7\u00f5es relacionadas com os ataques ao Ir\u00e3o lan\u00e7ados no s\u00e1bado, o que levou os norte-americanos a deslocar os avi\u00f5es cisterna de abastecimento de outras aeronaves que tinham em territ\u00f3rio espanhol para bases noutros pa\u00edses da Europa.<\/p>\n<p>Al\u00e9m da postura de Espanha sobre os ataques ao Ir\u00e3o, Trump voltou hoje a criticar tamb\u00e9m a decis\u00e3o do Governo espanhol, presidido por Pedro S\u00e1nchez, de recusar subir para 5% do Produto Interno Bruto (PIB) nacional o or\u00e7amento dedicado \u00e0 defesa, como os restantes pa\u00edses-membros da NATO.<\/p>\n<p>Por causa desta quest\u00e3o, Trump amea\u00e7ou h\u00e1 meses Espanha com tarifas comerciais extraordin\u00e1rias, com o Governo espanhol a lembrar tamb\u00e9m na altura que os acordos comerciais com os EUA s\u00e3o negociados em bloco pela UE.<\/p>\n<p>O Governo de Espanha disse esta ter\u00e7a-feira, antes destas declara\u00e7\u00f5es de Trump, que n\u00e3o esperava consequ\u00eancias por recusar a utiliza\u00e7\u00e3o de bases militares pelos EUA para os ataques ao Ir\u00e3o.<\/p>\n<p>Numa confer\u00eancia de imprensa em Madrid, o ministro dos Neg\u00f3cios Estrangeiros (MNE), Jos\u00e9 Manuel Albares, reiterou a condena\u00e7\u00e3o de Espanha aos ataques dos EUA e de Israel ao Ir\u00e3o, lan\u00e7ados no s\u00e1bado, por ser uma opera\u00e7\u00e3o unilateral, \u00e0 margem do direito internacional e da Carta das Na\u00e7\u00f5es Unidas.<\/p>\n<p>Segundo o ministro, os ataques n\u00e3o se enquadram, assim, no acordo bilateral entre Espanha e os EUA para a utiliza\u00e7\u00e3o de duas bases militares espanholas (Rota e Mor\u00f3n) pelos norte-americanos.<\/p>\n<p>O MNE real\u00e7ou que Espanha condena tamb\u00e9m a retalia\u00e7\u00e3o do Ir\u00e3o e considerou &#8220;injustificados&#8221; os ataques de Teer\u00e3o a diversos pa\u00edses no M\u00e9dio Oriente e a uma base militar brit\u00e2nica em Chipre, pa\u00eds-membro da UE.<\/p>\n","protected":false},"excerpt":{"rendered":"O Governo espanhol reiterou esta ter\u00e7a-feira que os acordos comerciais que tem com os Estados Unidos da Am\u00e9rica&hellip;\n","protected":false},"author":2,"featured_media":291079,"comment_status":"","ping_status":"","sticky":false,"template":"","format":"standard","meta":{"footnotes":"","_share_on_mastodon":"0"},"categories":[8],"tags":[27,28,2888,92,476,640,7618,15,16,14,5453,259,25,26,21,22,432,12,13,19,20,52318,17553,32,23,24,33,17,18,29,30,31,636],"class_list":["post-291078","post","type-post","status-publish","format-standard","has-post-thumbnail","category-principais-noticias","tag-breaking-news","tag-breakingnews","tag-comercio-internacional","tag-donald-trump","tag-economia","tag-espanha","tag-estados-unidos-da-america","tag-featured-news","tag-featurednews","tag-headlines","tag-irao","tag-israel","tag-latest-news","tag-latestnews","tag-main-news","tag-mainnews","tag-medio-oriente","tag-news","tag-noticias","tag-noticias-principais","tag-noticiasprincipais","tag-operacao-furia-epica","tag-pedro-sanchez","tag-portugal","tag-principais-noticias","tag-principaisnoticias","tag-pt","tag-top-stories","tag-topstories","tag-ultimas","tag-ultimas-noticias","tag-ultimasnoticias","tag-uniao-europeia"],"share_on_mastodon":{"url":"","error":"Validation failed: Text character limit of 500 exceeded"},"_links":{"self":[{"href":"https:\/\/www.europesays.com\/pt\/wp-json\/wp\/v2\/posts\/291078","targetHints":{"allow":["GET"]}}],"collection":[{"href":"https:\/\/www.europesays.com\/pt\/wp-json\/wp\/v2\/posts"}],"about":[{"href":"https:\/\/www.europesays.com\/pt\/wp-json\/wp\/v2\/types\/post"}],"author":[{"embeddable":true,"href":"https:\/\/www.europesays.com\/pt\/wp-json\/wp\/v2\/users\/2"}],"replies":[{"embeddable":true,"href":"https:\/\/www.europesays.com\/pt\/wp-json\/wp\/v2\/comments?post=291078"}],"version-history":[{"count":0,"href":"https:\/\/www.europesays.com\/pt\/wp-json\/wp\/v2\/posts\/291078\/revisions"}],"wp:featuredmedia":[{"embeddable":true,"href":"https:\/\/www.europesays.com\/pt\/wp-json\/wp\/v2\/media\/291079"}],"wp:attachment":[{"href":"https:\/\/www.europesays.com\/pt\/wp-json\/wp\/v2\/media?parent=291078"}],"wp:term":[{"taxonomy":"category","embeddable":true,"href":"https:\/\/www.europesays.com\/pt\/wp-json\/wp\/v2\/categories?post=291078"},{"taxonomy":"post_tag","embeddable":true,"href":"https:\/\/www.europesays.com\/pt\/wp-json\/wp\/v2\/tags?post=291078"}],"curies":[{"name":"wp","href":"https:\/\/api.w.org\/{rel}","templated":true}]}}