{"id":291129,"date":"2026-03-04T01:14:13","date_gmt":"2026-03-04T01:14:13","guid":{"rendered":"https:\/\/www.europesays.com\/pt\/291129\/"},"modified":"2026-03-04T01:14:13","modified_gmt":"2026-03-04T01:14:13","slug":"sporting-contou-com-apoio-de-mathieu-e-sa-pinto-no-classico","status":"publish","type":"post","link":"https:\/\/www.europesays.com\/pt\/291129\/","title":{"rendered":"Sporting contou com apoio de Mathieu e S\u00e1 Pinto no Cl\u00e1ssico"},"content":{"rendered":"<p>O Sporting-FC Porto desta ter\u00e7a-feira contou com um adepto especial: Jeremy Mathieu esteve nas bancadas de Alvalade, para acompanhar o Cl\u00e1ssico, a convite da dire\u00e7\u00e3o leonina.<\/p>\n<p>Ap\u00f3s realizar 106 jogos em tr\u00eas temporadas de verde e branco, durante os quais apontou nove golos, Mathieu pendurou as chuteiras no final da \u00e9poca 2019\/20, ao servi\u00e7o do Sporting.<\/p>\n<p>Desde ent\u00e3o, o franc\u00eas passou por v\u00e1rias dificuldades e come\u00e7ou inclusivamente a trabalhar numa loja de desporto, enquanto &#8211; disse ele &#8211; organizava a sua vida social. Isto depois de ter enfrentado uma depress\u00e3o, por causa do isolamento p\u00f3s-final da carreira, ao que se junta tamb\u00e9m um processo judicial.<\/p>\n<p>Tamb\u00e9m em Alvalade a assistir ao cl\u00e1ssico, mas na bancada, com cachecol e como um adepto mais, esteve Ricardo S\u00e1 Pinto. A antiga gl\u00f3ria leonina est\u00e1 sem clube, desde que foi demitido de treinador do Esteghal, do Ir\u00e3o, h\u00e1 cerca de dez dias.<\/p>\n<p style=\"text-align:center\"><img loading=\"lazy\" decoding=\"async\" alt=\"\" height=\"709\" src=\"https:\/\/www.europesays.com\/pt\/wp-content\/uploads\/2026\/03\/1772586853_243_1000.webp\" width=\"1000\"\/><\/p>\n","protected":false},"excerpt":{"rendered":"O Sporting-FC Porto desta ter\u00e7a-feira contou com um adepto especial: Jeremy Mathieu esteve nas bancadas de Alvalade, para&hellip;\n","protected":false},"author":2,"featured_media":291130,"comment_status":"","ping_status":"","sticky":false,"template":"","format":"standard","meta":{"footnotes":"","_share_on_mastodon":"0"},"categories":[87],"tags":[135,52579,46,52578,32,33,47,34,134,2690,13676],"class_list":["post-291129","post","type-post","status-publish","format-standard","has-post-thumbnail","category-desporto","tag-desporto","tag-jeremy-mathieu","tag-maisfutebol","tag-mathieu","tag-portugal","tag-pt","tag-pura-paixao","tag-sporting","tag-sports","tag-taca","tag-taca-portugal"],"share_on_mastodon":{"url":"https:\/\/pubeurope.com\/@pt\/116168259190449299","error":""},"_links":{"self":[{"href":"https:\/\/www.europesays.com\/pt\/wp-json\/wp\/v2\/posts\/291129","targetHints":{"allow":["GET"]}}],"collection":[{"href":"https:\/\/www.europesays.com\/pt\/wp-json\/wp\/v2\/posts"}],"about":[{"href":"https:\/\/www.europesays.com\/pt\/wp-json\/wp\/v2\/types\/post"}],"author":[{"embeddable":true,"href":"https:\/\/www.europesays.com\/pt\/wp-json\/wp\/v2\/users\/2"}],"replies":[{"embeddable":true,"href":"https:\/\/www.europesays.com\/pt\/wp-json\/wp\/v2\/comments?post=291129"}],"version-history":[{"count":0,"href":"https:\/\/www.europesays.com\/pt\/wp-json\/wp\/v2\/posts\/291129\/revisions"}],"wp:featuredmedia":[{"embeddable":true,"href":"https:\/\/www.europesays.com\/pt\/wp-json\/wp\/v2\/media\/291130"}],"wp:attachment":[{"href":"https:\/\/www.europesays.com\/pt\/wp-json\/wp\/v2\/media?parent=291129"}],"wp:term":[{"taxonomy":"category","embeddable":true,"href":"https:\/\/www.europesays.com\/pt\/wp-json\/wp\/v2\/categories?post=291129"},{"taxonomy":"post_tag","embeddable":true,"href":"https:\/\/www.europesays.com\/pt\/wp-json\/wp\/v2\/tags?post=291129"}],"curies":[{"name":"wp","href":"https:\/\/api.w.org\/{rel}","templated":true}]}}