{"id":29123,"date":"2025-08-14T14:43:17","date_gmt":"2025-08-14T14:43:17","guid":{"rendered":"https:\/\/www.europesays.com\/pt\/29123\/"},"modified":"2025-08-14T14:43:17","modified_gmt":"2025-08-14T14:43:17","slug":"ja-a-espera-do-salario-ha-trabalhadores-que-nao-descontam-irs-este-mes","status":"publish","type":"post","link":"https:\/\/www.europesays.com\/pt\/29123\/","title":{"rendered":"J\u00e1 \u00e0 espera do sal\u00e1rio? H\u00e1 trabalhadores que n\u00e3o descontam IRS este m\u00eas"},"content":{"rendered":"<p>O m\u00eas vai a meio e se j\u00e1 est\u00e1 \u00e0 espera do sal\u00e1rio deve saber que quem ganha at\u00e9 1.136 euros n\u00e3o vai descontar Imposto sobre o Rendimento das Pessoas Singulares (IRS) em agosto e setembro, no \u00e2mbito das novas tabelas deste imposto.<\/p>\n<p>\u00a0<\/p>\n<p>Vale recordar que as novas tabelas do IRS reduzem o desconto mensal do imposto at\u00e9 ao fim do ano e, nos meses de agosto e setembro, quem ganha at\u00e9 1.136 euros n\u00e3o entregar\u00e1 imposto ao Estado, uma vez que a taxa \u00e9 de 0%.<\/p>\n<p>Contas feitas, quanto vai poupar com o ajuste das tabelas do IRS? Vamos aos c\u00e1lculos.\u00a0<\/p>\n<p>Aten\u00e7\u00e3o aos sal\u00e1rios dos pr\u00f3ximos meses<\/p>\n<p>O despacho da secret\u00e1ria de Estado dos Assuntos Fiscais, Cl\u00e1udia Reis Duarte, inclui tabelas para dois momentos distintos.<\/p>\n<p>Umas aplicam-se em agosto e setembro, com taxas excecionalmente mais baixas, para compensar as reten\u00e7\u00f5es feitas entre janeiro e julho, em que ainda n\u00e3o era poss\u00edvel ter em conta a redu\u00e7\u00e3o do IRS entretanto aprovada pelo parlamento este m\u00eas.<\/p>\n<p>Outras tabelas dizem respeito aos meses de outubro, novembro e dezembro, refletindo a vers\u00e3o final do IRS. Nestes tr\u00eas meses do ano, as taxas s\u00e3o superiores \u00e0s de agosto e setembro, mas inferiores \u00e0s atuais.<\/p>\n<p>As entidades empregadoras <a href=\"https:\/\/www.noticiasaominuto.com\/economia\/2836138\/nao-se-esqueca-que-salario-e-diferente-este-mes-saiba-com-o-que-contar\" target=\"_blank\" rel=\"noopener nofollow\">ter\u00e3o de aplicar as novas taxas nos sal\u00e1rios de agosto<\/a>, porque o despacho produz efeitos ao dia 1 desse m\u00eas. No entanto, se n\u00e3o o fizerem, poder\u00e3o &#8220;proceder \u00e0 sua retifica\u00e7\u00e3o nas reten\u00e7\u00f5es a efetuar nos meses seguintes&#8221;, at\u00e9 dezembro, prev\u00ea o Governo no despacho divulgado.<\/p>\n<p>Simula\u00e7\u00f5es: Quanto vai descontar quem ganha 1.000\u20ac?\u00a0<\/p>\n<p>Em agosto e setembro, a taxa de reten\u00e7\u00e3o ser\u00e1 de 0% para os vencimentos brutos at\u00e9 1.136 euros quer para trabalhadores solteiros (com ou sem filhos), quer para trabalhadores casados com algu\u00e9m que tamb\u00e9m aufere rendimentos.<\/p>\n<p>No caso dos trabalhadores casados com algu\u00e9m que n\u00e3o tem quaisquer rendimentos, o patamar da isen\u00e7\u00e3o \u00e9 mais baixo, s\u00f3 abrangendo os sal\u00e1rios at\u00e9 1.081 euros brutos.\u00a0Nos \u00faltimos tr\u00eas meses do ano, a taxa de 0% s\u00f3 se aplicar\u00e1 at\u00e9 aos 870 euros brutos, o valor do sal\u00e1rio m\u00ednimo, tal como acontece atualmente.<\/p>\n<p>Por exemplo, um sal\u00e1rio de 1.000 euros brutos entregava at\u00e9 agora 58 euros por m\u00eas de IRS. Em agosto e setembro, o trabalhador n\u00e3o entregar\u00e1 nada. De outubro em diante, passa a entregar 56 euros de IRS, menos dois euros do que acontecia com as primeiras tabelas do ano (de janeiro a julho).<\/p>\n<p>As taxas distintas que ir\u00e3o vigorar em agosto e setembro t\u00eam como objetivo fazer retroagir a janeiro os efeitos da redu\u00e7\u00e3o dos escal\u00f5es do IRS aprovada a meio do ano, pelo facto de a reten\u00e7\u00e3o na fonte feita desde o in\u00edcio de 2025 estar agora desfasada da nova vers\u00e3o da tabela do IRS.<\/p>\n<p>\u00a0Tr\u00eas descontos distintos ao longo de 2025<\/p>\n<p>Com esta reformula\u00e7\u00e3o, h\u00e1 tr\u00eas descontos distintos ao longo de 2025: um primeiro momento de janeiro a julho; um segundo em agosto e setembro; um terceiro, de outubro a dezembro.<\/p>\n<p>Simulem-se esses tr\u00eas momentos ao sal\u00e1rio de um trabalhador por conta de outrem, solteiro e sem filhos, que ganhe 1.500 euros brutos por m\u00eas.<\/p>\n<p>Atualmente, o profissional leva para casa 1.149 euros l\u00edquidos. Ret\u00e9m 186 euros de IRS (uma taxa efetiva de 12,4%) que lhe d\u00e1 um sal\u00e1rio l\u00edquido de IRS de 1.314 euros. No entanto, como desconta 165 euros para a Seguran\u00e7a Social (11% do sal\u00e1rio bruto), o montante l\u00edquido final que chega \u00e0 conta banc\u00e1ria s\u00e3o 1.149 euros.<\/p>\n<p>Em agosto e setembro, o trabalhador s\u00f3 reter\u00e1 de IRS oito euros em cada m\u00eas, ao inv\u00e9s dos 186 euros (a taxa efetiva de reten\u00e7\u00e3o baixa para 0,55%, em vez de ser 12,4%). Neste per\u00edodo, o sal\u00e1rio l\u00edquido de imposto sobe para 1.492 euros e o montante l\u00edquido final (de IRS e Seguran\u00e7a Social) fica nos 1.327 euros.<\/p>\n<p>De outubro a dezembro, a reten\u00e7\u00e3o sobe, mas ser\u00e1 inferior \u00e0 dos primeiros sete meses do ano. O sal\u00e1rio l\u00edquido (de IRS e Seguran\u00e7a Social) passa a ser de 1.154 euros, aumentando cinco euros mensais em rela\u00e7\u00e3o ao valor atual (de janeiro a julho). A pessoa passa a reter mensalmente 181 euros, em vez dos 186 euros dos primeiros meses de 2025.<\/p>\n<p>Leia Tamb\u00e9m: <a href=\"https:\/\/www.noticiasaominuto.com\/economia\/2836138\/nao-se-esqueca-que-salario-e-diferente-este-mes-saiba-com-o-que-contar\" target=\"_blank\" rel=\"noopener noreferrer nofollow\">N\u00e3o se esque\u00e7a que sal\u00e1rio \u00e9 diferente este m\u00eas: Saiba com o que contar<\/a><\/p>\n","protected":false},"excerpt":{"rendered":"O m\u00eas vai a meio e se j\u00e1 est\u00e1 \u00e0 espera do sal\u00e1rio deve saber que quem ganha&hellip;\n","protected":false},"author":2,"featured_media":29124,"comment_status":"","ping_status":"","sticky":false,"template":"","format":"standard","meta":{"footnotes":""},"categories":[83],"tags":[88,89,90,32,33],"class_list":{"0":"post-29123","1":"post","2":"type-post","3":"status-publish","4":"format-standard","5":"has-post-thumbnail","7":"category-empresas","8":"tag-business","9":"tag-economy","10":"tag-empresas","11":"tag-portugal","12":"tag-pt"},"share_on_mastodon":{"url":"","error":""},"_links":{"self":[{"href":"https:\/\/www.europesays.com\/pt\/wp-json\/wp\/v2\/posts\/29123","targetHints":{"allow":["GET"]}}],"collection":[{"href":"https:\/\/www.europesays.com\/pt\/wp-json\/wp\/v2\/posts"}],"about":[{"href":"https:\/\/www.europesays.com\/pt\/wp-json\/wp\/v2\/types\/post"}],"author":[{"embeddable":true,"href":"https:\/\/www.europesays.com\/pt\/wp-json\/wp\/v2\/users\/2"}],"replies":[{"embeddable":true,"href":"https:\/\/www.europesays.com\/pt\/wp-json\/wp\/v2\/comments?post=29123"}],"version-history":[{"count":0,"href":"https:\/\/www.europesays.com\/pt\/wp-json\/wp\/v2\/posts\/29123\/revisions"}],"wp:featuredmedia":[{"embeddable":true,"href":"https:\/\/www.europesays.com\/pt\/wp-json\/wp\/v2\/media\/29124"}],"wp:attachment":[{"href":"https:\/\/www.europesays.com\/pt\/wp-json\/wp\/v2\/media?parent=29123"}],"wp:term":[{"taxonomy":"category","embeddable":true,"href":"https:\/\/www.europesays.com\/pt\/wp-json\/wp\/v2\/categories?post=29123"},{"taxonomy":"post_tag","embeddable":true,"href":"https:\/\/www.europesays.com\/pt\/wp-json\/wp\/v2\/tags?post=29123"}],"curies":[{"name":"wp","href":"https:\/\/api.w.org\/{rel}","templated":true}]}}