{"id":29125,"date":"2025-08-14T14:44:15","date_gmt":"2025-08-14T14:44:15","guid":{"rendered":"https:\/\/www.europesays.com\/pt\/29125\/"},"modified":"2025-08-14T14:44:15","modified_gmt":"2025-08-14T14:44:15","slug":"municipio-frances-cancelou-projeccao-de-barbie-devido-a-ameacas-do-fundamentalismo-cinema","status":"publish","type":"post","link":"https:\/\/www.europesays.com\/pt\/29125\/","title":{"rendered":"Munic\u00edpio franc\u00eas cancelou projec\u00e7\u00e3o de Barbie devido a amea\u00e7as do \u201cfundamentalismo\u201d | Cinema"},"content":{"rendered":"<p>Aconteceu na sexta-feira ao final do dia, mas s\u00f3 na quarta-feira a comunica\u00e7\u00e3o social francesa deu conta: a c\u00e2mara municipal de Noisy-le-Sec, na regi\u00e3o de Seine-Saint-Denis (\u00e0 entrada de Paris), anulou uma projec\u00e7\u00e3o de Barbie ao ar livre por &#8220;press\u00e3o&#8221; de um grupo de habitantes \u2014 quatro, dez ou 15, os relatos variam \u2014 que v\u00eaem no filme de <a href=\"https:\/\/www.publico.pt\/2023\/12\/14\/culturaipsilon\/noticia\/greta-gergwig-presidente-corderosa-juri-cannes-2024-2073652\" rel=\"nofollow noopener\" target=\"_blank\">Greta Gerwig<\/a> uma &#8220;apologia da homossexualidade&#8221; que &#8220;viola a integridade da mulher&#8221;.<\/p>\n<p>A &#8220;press\u00e3o&#8221; ter\u00e1 acontecido nestes termos, de acordo com o comunicado, publicado no site oficial do munic\u00edpio, do presidente da c\u00e2mara, Olivier Sarrabeyrouse, um militante comunista: quando os funcion\u00e1rios municipais montavam o grande ecr\u00e3 para uma sess\u00e3o gratuita, a iniciativa Cin\u00e9 sous les \u00e9toiles (&#8220;Cinema debaixo das estrelas&#8221;), destinada a animar o Ver\u00e3o dos mun\u00edcipes que n\u00e3o quiseram ou n\u00e3o puderam viajar nas suas f\u00e9rias, aquele grupo de indiv\u00edduos aproximou-se e amea\u00e7ou desmantelar tudo, pondo fim \u00e0 sess\u00e3o. O filme a projectar \u00e0s 21h dessa noite fora escolhido mediante uma vota\u00e7\u00e3o promovida pela edilidade, que recaiu na <a href=\"https:\/\/www.publico.pt\/2023\/07\/19\/culturaipsilon\/critica\/barbie-boneca-luxo-2057443\" rel=\"nofollow noopener\" target=\"_blank\">s\u00e1tira feminista<\/a> de Greta Gerwig, o grande <a href=\"https:\/\/www.publico.pt\/2023\/07\/21\/culturaipsilon\/cronica\/queria-hoje-barbie-anorectica-2057643\" rel=\"nofollow noopener\" target=\"_blank\">blockbuster de 2023<\/a> (1,4 mil milh\u00f5es de d\u00f3lares de receitas).<\/p>\n<p>Sarrabeyrouse diz n\u00e3o ter cedido a uma &#8220;censura moral&#8221;, apenas colocou em primeiro lugar a seguran\u00e7a dos funcion\u00e1rios e das fam\u00edlias do bairro de Londeau \u2014 est\u00e1 a ser elogiado por isso, mas tamb\u00e9m criticado, cada um fazendo valer a sua agenda (e a direita, extrema ou n\u00e3o, tem estado activa), por ter permitido que Noisy-le Sec figure agora ao lado do Kuwait, do L\u00edbano, da Arg\u00e9lia ou do Vietname, pa\u00edses que proibiram a difus\u00e3o do filme.<\/p>\n<p>                &#13;<br \/>\n                    &#13;<br \/>\n                    &#13;<br \/>\n                        Os comentadores insinuam ou explicitam que o j\u00e1 denominado &#8220;affaire Barbie&#8221; ter\u00e1 ao menos o efeito positivo de revelar a &#8220;factura cultural&#8221; que as cidades da banlieue est\u00e3o a pagar, e com isso toda a Fran\u00e7a&#13;<br \/>\n                    &#13;<\/p>\n<p>Continuava o autarca no seu comunicado: &#8220;N\u00e3o \u00e9 uma primeira vez neste bairro, e isso \u00e9 inadmiss\u00edvel porque a maioria dos habitantes aspira a beneficiar das ac\u00e7\u00f5es da c\u00e2mara municipal. Estas amea\u00e7as foram motivadas por argumentos falaciosos que traduzem o obscurantismo e o fundamentalismo instrumentalizados para fins pol\u00edticos. \u00c9 uma minoria muito pequena de delinquentes que, obviamente n\u00e3o tendo visto o filme, transformou uma simples sess\u00e3o ao ar livre gratuita e aberta a todos num movimento de oposi\u00e7\u00e3o violento.&#8221;<\/p>\n<p>Precisou depois \u00e0 imprensa, por exemplo ao di\u00e1rio Le Parisien: os seus funcion\u00e1rios tentaram argumentar com o grupo &#8220;de jovens&#8221;, mas o ambiente tornou-se &#8220;muito agressivo&#8221; e &#8220;como eles se sentiram em perigo&#8221; telefonaram ao presidente da c\u00e2mara. Que ent\u00e3o decidiu anular a sess\u00e3o.<\/p>\n<p>A &#8220;factura cultural&#8221; dos sub\u00farbios<\/p>\n<p>Os comentadores insinuam ou explicitam mesmo que o j\u00e1 denominado &#8220;affaire Barbie&#8221; ter\u00e1 ao menos o efeito positivo de revelar a &#8220;factura cultural&#8221; que as cidades dos sub\u00farbios est\u00e3o a pagar, e com isso toda a Fran\u00e7a, e como o que aconteceu \u00e9 exemplar do &#8220;arroseur arros\u00e9&#8221;, isto \u00e9, numa tradu\u00e7\u00e3o livre, do feiti\u00e7o virado contra o feiticeiro: Sarrabeyrouse ter-se-\u00e1 &#8220;dobrado perante um grupo isl\u00e2mico&#8221;.<\/p>\n<p>\u00c9 essa a tese de um site identificado como sendo de extrema-direita, Riposte La\u00efque, que num texto de opini\u00e3o faz eco, afinal, de um debate que est\u00e1 a ser transversal a toda a sociedade francesa e \u00e0 tens\u00e3o e \u00e0 revolta que nela grassa \u2014 e que a Frente Nacional est\u00e1 a conseguir representar sem concorr\u00eancia \u00e0 vista: a do &#8220;insensato acordo&#8221; da esquerda com o isl\u00e3o, que \u00e9 &#8220;particularmente insuport\u00e1vel&#8221; num pa\u00eds laico como a Fran\u00e7a.<\/p>\n<p>Esse texto de opini\u00e3o, representativo de outros coment\u00e1rios em canais de televis\u00e3o que n\u00e3o empunham a sua ideologia de forma t\u00e3o afrontosa, come\u00e7a por acusar o presidente da c\u00e2mara de ter utilizado um eufemismo, o termo voyou (&#8220;delinquente&#8221;), mas nunca a palavra &#8220;isl\u00e3o, que, contudo&#8221;, argumentam, &#8220;\u00e9 o que est\u00e1 por tr\u00e1s desta censura&#8221;. Foi essa &#8220;terminologia wokista&#8221;, acrescentam ainda, que &#8220;deu plenos poderes aos que agora amea\u00e7am&#8221; Sarrabeyrouse e seus colaboradores, numa cidade onde &#8220;a maioria das pessoas n\u00e3o se interessa pela coisa cultural ou permanece fiel \u00e0 cultura dos seus pa\u00edses de origem ou, caso dos jovens, s\u00f3 ouve rap&#8221;.<\/p>\n<p>Quer o presidente da c\u00e2mara, quer a ministra da Cultura apresentaram queixa em tribunal contra o que aconteceu na sexta-feira. &#8220;H\u00e1 um ano&#8221;, declarou Rachida Dati na sua conta da rede social X, &#8220;que tomo medidas firmes contra este tipo de actos graves que se tornaram uma nova forma de delinqu\u00eancia&#8221;. A queixa que apresentou tipifica os actos de Noisy-le-Sec como um &#8220;entrave ao exerc\u00edcio da liberdade de difus\u00e3o e de cria\u00e7\u00e3o art\u00edstica&#8221;.<\/p>\n","protected":false},"excerpt":{"rendered":"Aconteceu na sexta-feira ao final do dia, mas s\u00f3 na quarta-feira a comunica\u00e7\u00e3o social francesa deu conta: a&hellip;\n","protected":false},"author":2,"featured_media":29126,"comment_status":"","ping_status":"","sticky":false,"template":"","format":"standard","meta":{"footnotes":""},"categories":[50],"tags":[27,28,2766,470,315,1413,15,16,208,9793,9792,14,25,26,21,22,62,12,13,19,20,23,24,17,18,29,30,31,63,64,65],"class_list":{"0":"post-29125","1":"post","2":"type-post","3":"status-publish","4":"format-standard","5":"has-post-thumbnail","7":"category-mundo","8":"tag-breaking-news","9":"tag-breakingnews","10":"tag-censura","11":"tag-cinema","12":"tag-cultura","13":"tag-cultura-ipsilon","14":"tag-featured-news","15":"tag-featurednews","16":"tag-franca","17":"tag-frente-nacional","18":"tag-greta-gerwig","19":"tag-headlines","20":"tag-latest-news","21":"tag-latestnews","22":"tag-main-news","23":"tag-mainnews","24":"tag-mundo","25":"tag-news","26":"tag-noticias","27":"tag-noticias-principais","28":"tag-noticiasprincipais","29":"tag-principais-noticias","30":"tag-principaisnoticias","31":"tag-top-stories","32":"tag-topstories","33":"tag-ultimas","34":"tag-ultimas-noticias","35":"tag-ultimasnoticias","36":"tag-world","37":"tag-world-news","38":"tag-worldnews"},"share_on_mastodon":{"url":"","error":""},"_links":{"self":[{"href":"https:\/\/www.europesays.com\/pt\/wp-json\/wp\/v2\/posts\/29125","targetHints":{"allow":["GET"]}}],"collection":[{"href":"https:\/\/www.europesays.com\/pt\/wp-json\/wp\/v2\/posts"}],"about":[{"href":"https:\/\/www.europesays.com\/pt\/wp-json\/wp\/v2\/types\/post"}],"author":[{"embeddable":true,"href":"https:\/\/www.europesays.com\/pt\/wp-json\/wp\/v2\/users\/2"}],"replies":[{"embeddable":true,"href":"https:\/\/www.europesays.com\/pt\/wp-json\/wp\/v2\/comments?post=29125"}],"version-history":[{"count":0,"href":"https:\/\/www.europesays.com\/pt\/wp-json\/wp\/v2\/posts\/29125\/revisions"}],"wp:featuredmedia":[{"embeddable":true,"href":"https:\/\/www.europesays.com\/pt\/wp-json\/wp\/v2\/media\/29126"}],"wp:attachment":[{"href":"https:\/\/www.europesays.com\/pt\/wp-json\/wp\/v2\/media?parent=29125"}],"wp:term":[{"taxonomy":"category","embeddable":true,"href":"https:\/\/www.europesays.com\/pt\/wp-json\/wp\/v2\/categories?post=29125"},{"taxonomy":"post_tag","embeddable":true,"href":"https:\/\/www.europesays.com\/pt\/wp-json\/wp\/v2\/tags?post=29125"}],"curies":[{"name":"wp","href":"https:\/\/api.w.org\/{rel}","templated":true}]}}