{"id":291273,"date":"2026-03-04T05:21:21","date_gmt":"2026-03-04T05:21:21","guid":{"rendered":"https:\/\/www.europesays.com\/pt\/291273\/"},"modified":"2026-03-04T05:21:21","modified_gmt":"2026-03-04T05:21:21","slug":"e-patetico-acreditar-no-conto-de-fadas-do-derrube-do-regime-iraniano-para-instaurar-uma-democracia-viriato-soromenho-marques","status":"publish","type":"post","link":"https:\/\/www.europesays.com\/pt\/291273\/","title":{"rendered":"&#8220;\u00c9 pat\u00e9tico acreditar no conto de fadas do derrube do regime iraniano para instaurar uma democracia&#8221;: Viriato Soromenho-Marques"},"content":{"rendered":"<p>\t                ENTREVISTA || O que est\u00e1 a acontecer no Ir\u00e3o n\u00e3o anuncia uma abertura pol\u00edtica trazida de fora, diz Viriato Para Soromenho-Marques, mas antes o risco de um pa\u00eds empurrado para o caos, para a fragmenta\u00e7\u00e3o e para uma guerra de consequ\u00eancias incalcul\u00e1veis. &#8220;A mudan\u00e7a pretendida por Israel e pelos EUA consiste na destrui\u00e7\u00e3o do Ir\u00e3o como Estado funcional.&#8221; Nesta entrevista, o fil\u00f3sofo argumenta que \u00e9 Israel que domina os EUA e n\u00e3o o inverso, mas independentemente de quem lidera quem: &#8220;O terrorismo de Estado israelita e norte-americano \u00e9 de uma sinistra efic\u00e1cia&#8221;<\/p>\n<p data-end=\"1303\" data-start=\"736\">No Ir\u00e3o, o presente chega sempre carregado de passado. Ali Khamenei, l\u00edder supremo desde 1989, morreu este s\u00e1bado num ataque conjunto dos Estados Unidos e de Israel ao complexo onde se encontrava em Teer\u00e3o, depois do colapso de novas negocia\u00e7\u00f5es sobre o programa nuclear iraniano. A morte abre um per\u00edodo de transi\u00e7\u00e3o incerto, num sistema em que o l\u00edder supremo concentra a \u00faltima palavra sobre o Estado, as For\u00e7as Armadas e o aparelho judicial, e em que um conselho interino dever\u00e1 segurar o poder at\u00e9 ser escolhido um sucessor.<\/p>\n<p data-end=\"1919\" data-start=\"1305\">Mas o Ir\u00e3o raramente cabe apenas na urg\u00eancia do dia. A mem\u00f3ria do derrube de Mohammed Mossadegh, em 1953, num golpe apoiado por Londres e Washington, e a revolu\u00e7\u00e3o de 1979 que instituiu a Rep\u00fablica Isl\u00e2mica continuam a atravessar tudo: o modo como o pa\u00eds se pensa, o modo como olha para o Ocidente, o modo como reage quando a press\u00e3o externa regressa com linguagem de salva\u00e7\u00e3o. \u00c9 nesse fio longo que Viriato Soromenho-Marques l\u00ea a ofensiva atual: n\u00e3o como atalho para uma democratiza\u00e7\u00e3o, mas como mais um cap\u00edtulo de uma hist\u00f3ria de viol\u00eancia, tutela e disputa pela soberania.<\/p>\n<p data-end=\"2545\" data-start=\"1921\">Fil\u00f3sofo e professor catedr\u00e1tico da Universidade de Lisboa, Viriato Soromenho-Marques descreve uma sociedade \u201cmuito complexa e sofisticada\u201d, com elevada capacidade tecnocient\u00edfica, que coabita com o regime sem lhe entregar \u201cnem particular simpatia, nem um apoio incondicional\u201d. Em entrevista \u00e0 CNN Portugal, rejeita a ideia de uma transforma\u00e7\u00e3o imposta a partir do exterior, acusa o \u201cpaternalismo democr\u00e1tico de Washington\u201d de prolongar uma velha gram\u00e1tica imperial e deixa um aviso: destruir um Estado funcional n\u00e3o \u00e9 libertar um povo. \u00c9 abrir espa\u00e7o a mais ru\u00edna, mais medo e mais arbitrariedade.<\/p>\n<p><img loading=\"lazy\" decoding=\"async\" alt=\"\" height=\"666\" src=\"https:\/\/www.europesays.com\/pt\/wp-content\/uploads\/2026\/03\/1772601678_942_1000.webp\" width=\"1000\"\/><\/p>\n<p><b>Quando Washington e Telavive falam em \u201cmudan\u00e7a de regime\u201d, de que falam exatamente no caso iraniano: da queda de um homem, o aiatola Khamenei; da queda do seu c\u00edrculo dirigente; da desmontagem de uma arquitetura de poder religioso, militar, econ\u00f3mico e simb\u00f3lico que levou d\u00e9cadas a consolidar-se? Pode mesmo haver uma mudan\u00e7a de regime? <\/b><\/p>\n<p>Para come\u00e7ar o nosso di\u00e1logo, gostaria de assinalar a gravidade do momento que estamos a viver. Este ataque conjunto de Israel e dos Estados Unidos, com o que me parece ser a lideran\u00e7a de Telavive sobre Washington, tem todos os ingredientes para, no menor dos casos, atirar o nosso mundo para um turbilh\u00e3o econ\u00f3mico \u2014 imaginemos uma longa priva\u00e7\u00e3o do mercado mundial relativamente ao fluxo de petr\u00f3leo que sai pelo estreito de Ormuz, ou pior ainda \u2014 ou para uma guerra generalizada, se n\u00e3o existir um recuo dos agressores. Neste terceiro dia de guerra j\u00e1 \u00e9 poss\u00edvel ver o impacto do conflito sobre as bolsas e a subida vertiginosa do pre\u00e7o dos combust\u00edveis f\u00f3sseis no mercado mundial, em particular o petr\u00f3leo e o g\u00e1s natural.<\/p>\n<p>A mudan\u00e7a pretendida por Israel e pelos Estados Unidos consiste na destrui\u00e7\u00e3o do Ir\u00e3o como Estado funcional. \u00c9 pat\u00e9tico acreditar no conto de fadas do derrube do regime nascido da Revolu\u00e7\u00e3o de 1979 para instaurar uma democracia. Como muito bem escreveu o jornalista norte-americano Stephen Kinzer \u2014 veja-se o seu livro de 2006 \u201cDerrube: o s\u00e9culo dos Estados Unidos a mudar regimes, do Havai ao Iraque\u201d \u2014, veterano premiado em estudos sobre rela\u00e7\u00f5es internacionais, o Ir\u00e3o j\u00e1 teve uma democracia representativa constitucional, com um primeiro-ministro culto, honesto e amado pelo povo, que teve a coragem de devolver os recursos petrol\u00edferos persas \u00e0 sua na\u00e7\u00e3o atrav\u00e9s da nacionaliza\u00e7\u00e3o da Anglo-Persian Oil Company [APOC, hoje BP], que desde o in\u00edcio do s\u00e9culo XX sugava essa riqueza para o imp\u00e9rio brit\u00e2nico.\u00a0<\/p>\n<p><b>Esse primeiro-ministro foi Mohammed Mossadegh. <\/b><\/p>\n<p>Que governou entre 1951 e 1953. Foi derrubado por um golpe organizado pelo MI6 brit\u00e2nico \u2014 preparado pelo governo trabalhista de Clement Attlee, mas realizado no tempo do \u00faltimo governo de Winston Churchill \u2013 e pela CIA, no tempo do presidente norte-americano Dwight D. Eisenhower. Como? Usando os instrumentos do costume: san\u00e7\u00f5es econ\u00f3micas; suborno de altos funcion\u00e1rios e militares; organiza\u00e7\u00e3o de grupos de civis armados, muitos deles delinquentes comuns, e, sobretudo, oferecendo ao X\u00e1 Reza Pahlavi poderes absolutos, em viola\u00e7\u00e3o clara da Constitui\u00e7\u00e3o ent\u00e3o vigente.<\/p>\n<p><b>E a democracia no Ir\u00e3o \u201cdesapareceria\u201d \u2014 defendem muitos polit\u00f3logos. Porque a seguir ao regime autorit\u00e1rio dos Pahlavi emergiu, em 1979, na Revolu\u00e7\u00e3o de 1979, a Rep\u00fablica Isl\u00e2mica \u2014 liderada pelos aiatolas.<\/b><\/p>\n<p>Os Estados Unidos destru\u00edram a \u00fanica democracia liberal iraniana.<\/p>\n<p><img loading=\"lazy\" decoding=\"async\" alt=\"\" height=\"563\" src=\"https:\/\/www.europesays.com\/pt\/wp-content\/uploads\/2026\/03\/1772601679_842_1000.webp\" width=\"1000\"\/><\/p>\n<p><img loading=\"lazy\" decoding=\"async\" alt=\"\" height=\"667\" src=\"https:\/\/www.europesays.com\/pt\/wp-content\/uploads\/2026\/03\/1772601679_656_1000.webp\" width=\"1000\"\/><\/p>\n<p><b>Voltando ao princ\u00edpio\u00a0\u2014 ou ao presente. A morte de Ali Khamenei abre automaticamente uma sucess\u00e3o ou abre, antes de mais, uma luta pelo controlo da sucess\u00e3o \u2014 entre o clero, a Guarda Revolucion\u00e1ria, o aparelho de seguran\u00e7a e as elites que vivem \u00e0 sombra do regime? <\/b><\/p>\n<p>Teer\u00e3o j\u00e1 revelou o caminho da sucess\u00e3o. O que importa \u00e9 perceber como os pormenores do assass\u00ednio de Khamenei s\u00e3o horr\u00edveis. Parece que ter\u00e1 sa\u00eddo sexta-feira do seu abrigo para falar com os negociadores sobre as promessas das conversa\u00e7\u00f5es com os Estados Unidos. Apesar da armadilha montada por Washington\u00a0e Telaviv aos negociadores iranianos antes da Guerra dos 12 Dias, em junho passado, Khamenei continuou a acreditar na bondade de um acordo com os Estados Unidos que trocasse a ren\u00fancia ao nuclear pelo fim das san\u00e7\u00f5es e rela\u00e7\u00f5es pac\u00edficas com Washington. Ter\u00e1 sido isto que o fez perder a vida.\u00a0. Importa salientar, tamb\u00e9m, que este ataque mort\u00edfero foi premeditado com anteced\u00eancia, e a acreditar na sombr\u00eda alegria manifestada por Trump na sua mais recente mensagem, ter\u00e1 ceifado a vida a mais de quarenta l\u00edderes religiosos e militares iranianos. Nessa mesma interven\u00e7\u00e3o de Trump, ele falava em retomar as negocia\u00e7\u00f5es. \u00c9 inqualific\u00e1vel pedir di\u00e1logo depois de ter trucidado a coluna vertebral da confian\u00e7a que lhe serve de base<\/p>\n<p>O terrorismo de Estado israelita e norte-americano \u00e9 de uma sinistra efic\u00e1cia. Contudo, s\u00f3 quem n\u00e3o conhece o valor do mart\u00edrio na cultura xiita \u00e9 que n\u00e3o percebe que este abomin\u00e1vel assass\u00ednio de um chefe religioso n\u00e3o ir\u00e1 unir apenas o xiismo.\u00a0<\/p>\n<p><b>Ent\u00e3o?<\/b><\/p>\n<p>O mundo sunita pensar\u00e1 mais do que duas vezes no modo desprez\u00edvel como o Ocidente trata o mundo isl\u00e2mico. Estou \u00e0 espera de uma declara\u00e7\u00e3o condenat\u00f3ria deste ato terrorista por parte do Papa Le\u00e3o XIV, l\u00edder de mais de mil e quatrocentos milh\u00f5es de cat\u00f3licos. Espero que o ecumenismo n\u00e3o tenha morrido com o Papa Francisco.<\/p>\n<p><b>Mesmo entre iranianos que \u201codeiam\u201d a Rep\u00fablica Isl\u00e2mica, pode haver aceita\u00e7\u00e3o de uma mudan\u00e7a trazida por bombardeiros americanos e israelitas? Ou a origem externa da viol\u00eancia contamina \u00e0 partida qualquer futuro pol\u00edtico que saia daqui?<\/b><\/p>\n<p>Importa recordar que esta guerra est\u00e1 a ser preparada h\u00e1 muito tempo, em particular depois do fracasso da Guerra dos 12 Dias, em junho de 2025. Os meios de comunica\u00e7\u00e3o social aqui no Ocidente tendem a apresentar a morte violenta de milhares de manifestantes nas ruas de Teer\u00e3o e outras cidades\u00a0\u2014 mais de 3000 vidas perdidas, cujos nomes foram divulgados pelo governo de Teer\u00e3o\u00a0 \u2014 nos confrontos de 6 a 10 de janeiro, que aparentavam ser manifesta\u00e7\u00f5es pac\u00edficas iniciadas em 28 de dezembro de 2025, num surto revolucion\u00e1rio popular contra o regime.<\/p>\n<p><b>E n\u00e3o o foi? Uma tentativa de revolu\u00e7\u00e3o?\u00a0<\/b><\/p>\n<p>Tudo indica que, \u00e0 semelhan\u00e7a do ocorrido em agosto de 1953 em Teer\u00e3o [quando Mossadegh foi derrubado num golpe apoiado pelos Estados Unidos e pelo Reino Unido], e noutros pa\u00edses, como em fevereiro de 2014, na morte de quase 100 pessoas na pra\u00e7a Maidan, em Kiev, houve a presen\u00e7a de agentes armados externos, neste caso ligados \u00e0 Mossad e a ag\u00eancias dos Estados Unidos, incluindo o apoio da Starlink, de Elon Musk, o que foi fundamental para transformar um protesto pac\u00edfico contra a perda do poder de compra, devido sobretudo \u00e0s san\u00e7\u00f5es norte-americanas, num massacre.\u00a0<\/p>\n<p>O que \u00e9 incr\u00edvel \u00e9 a exist\u00eancia de uma narrativa condenat\u00f3ria do regime j\u00e1 estar pronta antes mesmo de os acontecimentos sangrentos estarem consumados. A repeti\u00e7\u00e3o de 1953 \u00e9 t\u00e3o grosseira que at\u00e9 foram buscar Reza Pahlavi, o filho j\u00e1 idoso do antigo X\u00e1, como se da\u00ed viesse alguma melhoria para o povo iraniano.<\/p>\n<p>A opera\u00e7\u00e3o militar, incompetente e mal-organizada dos Estados Unidos, pode matar muitos milhares de pessoas, sobretudo se os israelitas usarem o m\u00e9todo de Gaza, como j\u00e1 o fizeram no primeiro dia matando cerca de 150 estudantes numa escola prim\u00e1ria feminina em Minab, que \u00e9 o exterm\u00ednio sem contempla\u00e7\u00f5es de civis. Mas, internamente, acabar\u00e1 por unir a resist\u00eancia em torno do regime.<\/p>\n<p><img loading=\"lazy\" decoding=\"async\" alt=\"\" height=\"651\" src=\"https:\/\/www.europesays.com\/pt\/wp-content\/uploads\/2026\/03\/1772601679_906_1000.webp\" width=\"1000\"\/><\/p>\n<p><img loading=\"lazy\" decoding=\"async\" alt=\"\" height=\"563\" src=\"https:\/\/www.europesays.com\/pt\/wp-content\/uploads\/2026\/03\/1772601680_314_1000.webp\" width=\"1000\"\/><\/p>\n<p><b>Quando Donald Trump justifica a ofensiva com a amea\u00e7a nuclear e com a defesa da seguran\u00e7a americana, estamos perante um perigo iminente e demonstr\u00e1vel ou perante uma formula\u00e7\u00e3o pol\u00edtica que mistura factos, perce\u00e7\u00f5es e oportunidade estrat\u00e9gica? A Ag\u00eancia Internacional de Energia At\u00f3mica vinha reportando enriquecimento de ur\u00e2nio at\u00e9 60%: isso, para si, aponta para uma arma em prepara\u00e7\u00e3o, para uma l\u00f3gica de dissuas\u00e3o ou para uma moeda de negocia\u00e7\u00e3o levada ao limite? <\/b><\/p>\n<p>Horas antes do in\u00edcio do ataque ao Ir\u00e3o, o ministro dos Neg\u00f3cios Estrangeiros do Sultanato de Om\u00e3, Badr al-Busaudi, explicou, com vis\u00edvel satisfa\u00e7\u00e3o, perante as c\u00e2maras da Al Jazeera, os pormenores, considerados positivos por iranianos e americanos, atingidos nas negocia\u00e7\u00f5es nesse dia e que deviam prosseguir esta\u00a0 segunda-feira.\u00a0<\/p>\n<p>No essencial, Teer\u00e3o iria renunciar \u00e0 produ\u00e7\u00e3o de armas nucleares, neutralizando o ur\u00e2nio enriquecido que j\u00e1 tinha em seu poder, recusando-se tamb\u00e9m a manter reservas futuras. Ficaria apenas com as instala\u00e7\u00f5es nucleares para fins civis, nomeadamente para usos m\u00e9dicos.\u00a0<\/p>\n<p><b>O que \u00e9 que isso significava?\u00a0<\/b><\/p>\n<p>Isso significava que o Ir\u00e3o respondia positivamente \u00e0 \u00fanica exig\u00eancia de Trump no seu recente discurso sobre o Estado da Na\u00e7\u00e3o, onde pedia ao Ir\u00e3o que nunca produzisse armas nucleares. Trump n\u00e3o falou nos m\u00edsseis convencionais, apenas nos nucleares.\u00a0<\/p>\n<p>Imagino que este avan\u00e7o nas negocia\u00e7\u00f5es precipitou a agress\u00e3o de Trump e Netanyahu. Na verdade, as negocia\u00e7\u00f5es foram um pretexto para dar tempo \u00e0 mobiliza\u00e7\u00e3o de for\u00e7as e, pelos vistos, um isco para fazer Khameni sair do seu abrigo, para ser imolado na sua pr\u00f3pria credulidade.\u00a0<\/p>\n<p>Uma palavra, ainda, sobre o diretor da AIEA [Ag\u00eancia Internacional de Energia At\u00f3mica], Rafael Grossi: o seu comportamento tanto no dossi\u00ea do Ir\u00e3o como no caso da central de Zaporizhzhia, na Ucr\u00e2nia, mostram-no mais interessado em ser o sucessor de Ant\u00f3nio Guterres nas Na\u00e7\u00f5es Unidas, com apoio de Washington, do que na busca da verdade objetiva, como \u00e9 seu dever na lideran\u00e7a da AIEA.<\/p>\n<p><img loading=\"lazy\" decoding=\"async\" alt=\"\" height=\"563\" src=\"https:\/\/www.europesays.com\/pt\/wp-content\/uploads\/2026\/03\/1772601680_648_1000.webp\" width=\"1000\"\/><\/p>\n<p><img loading=\"lazy\" decoding=\"async\" alt=\"\" height=\"563\" src=\"https:\/\/www.europesays.com\/pt\/wp-content\/uploads\/2026\/03\/1772601680_166_1000.webp\" width=\"1000\"\/><\/p>\n<p><b>Mas quero voltar a Teer\u00e3o. Fala-se muito do regime como se fosse um bloco \u00fanico. Mas o que \u00e9 hoje, na pr\u00e1tica, o cora\u00e7\u00e3o do poder iraniano: o princ\u00edpio religioso da Rep\u00fablica Isl\u00e2mica, a m\u00e1quina coerciva da Guarda Revolucion\u00e1ria ou a fus\u00e3o entre ideologia, neg\u00f3cios, repress\u00e3o e sobreviv\u00eancia?<\/b><\/p>\n<p>A sociedade iraniana \u00e9 muito complexa e sofisticada. O grau de instru\u00e7\u00e3o da popula\u00e7\u00e3o, incluindo a feminina, \u00e9 muito elevado. A rela\u00e7\u00e3o com o Ocidente, apesar de todos os motivos de queixa, est\u00e1 longe de ser hostil, como qualquer turista europeu disso tem experi\u00eancia como turista. Estudos de opin\u00e3o revelam que at\u00e9 os Estados Unidos s\u00e3o mais populares no Ir\u00e3o do que, por exemplo, em Fran\u00e7a. Os autores ocidentais, modernos e cl\u00e1ssicos, s\u00e3o apreciados. A cinematografia iraniana \u00e9 uma das melhores do mundo. Ao contr\u00e1rio do mundo \u00e1rabe, que se ressentiu asperamente contra as brutalidades do imperialismo europeu e ocidental \u2014 da Espanha, Fran\u00e7a, Reino Unido e Estados Unidos \u2014, os persas e os xiitas em geral t\u00eam uma aproxima\u00e7\u00e3o cr\u00edtica, mas mais moderada. Isso traduz-se no facto de as maiores organiza\u00e7\u00f5es isl\u00e2micas que praticam a\u00e7\u00f5es terroristas serem sunitas, como \u00e9 o caso da Al Qaeda ou do ISIS, e n\u00e3o xiitas.<\/p>\n<p><b>Num pa\u00eds onde 17% da popula\u00e7\u00e3o com 25 anos ou mais j\u00e1 tem pelo menos uma licenciatura \u2014 ou equivalente \u2014 e onde h\u00e1 mais de 3,2 milh\u00f5es de estudantes universit\u00e1rios, reduzir o Ir\u00e3o a um retrato de atraso \u00e9, no m\u00ednimo, \u201cpregui\u00e7oso\u201d?<\/b><\/p>\n<p>Sim. A sua capacidade tecnocient\u00edfica faz inveja \u00e0 maioria dos pa\u00edses europeus. Em 2024, um estudo do Australian Strategic Policy Institute indicava que o Ir\u00e3o estava entre os primeiros cinco pa\u00edses mais avan\u00e7ados em oito tecnologias, de entre as 64 mais cr\u00edticas na atualidade. \u00c9 uma sociedade que coabita com o regime, sem lhe dar nem particular simpatia, nem um apoio incondicional. Contudo, julgo que Washington e Telavive nunca podem ser \u201cpadrinhos democr\u00e1ticos\u201d de um povo que querem lan\u00e7ar no caos e na mis\u00e9ria, como t\u00eam feito por todo o M\u00e9dio Oriente.<\/p>\n<p>O paternalismo democr\u00e1tico de Washington \u00e9 hoje a vers\u00e3o mais hip\u00f3crita do argument\u00e1rio neocolonial e imperialista. A \u201canomalia\u201d iraniana de um regime teocr\u00e1tico apenas se explica pela ditadura sangrenta do X\u00e1 e pela continuada persegui\u00e7\u00e3o dos Estados Unidos a um pa\u00eds e um povo que querem preservar a sua soberania. Nos anos da ditadura do X\u00e1, os cl\u00e9rigos foram os setores de resist\u00eancia mais poupados \u00e0 viol\u00eancia da repress\u00e3o policial, e com uma capacidade de ecoar, transversalmente a toda a sociedade, uma mem\u00f3ria de identidade cultural profunda. Lembremo-nos, tamb\u00e9m, como os Estados Unidos lan\u00e7aram o Iraque de Saddam Hussein contra o Ir\u00e3o numa sangrenta guerra entre 1980 e 1988. Sem a press\u00e3o externa dos Estados Unidos, com o acesso aos seus recursos naturais, sem a amea\u00e7a do outro regime teocr\u00e1tico, que capturou a democracia israelita, o povo iraniano encontraria \u2014 encontrar\u00e1?\u00a0\u2014 o caminho interno e livre para reformar o seu sistema constitucional e pol\u00edtico.<\/p>\n<p><img loading=\"lazy\" decoding=\"async\" alt=\"\" height=\"563\" src=\"https:\/\/www.europesays.com\/pt\/wp-content\/uploads\/2026\/03\/1772601681_834_1000.webp\" width=\"1000\"\/><\/p>\n<p><img loading=\"lazy\" decoding=\"async\" alt=\"\" height=\"563\" src=\"https:\/\/www.europesays.com\/pt\/wp-content\/uploads\/2026\/03\/1772601681_50_1000.webp\" width=\"1000\"\/><\/p>\n<p><b>No fundo, quem quer o qu\u00ea no Ir\u00e3o de amanh\u00e3? Os Estados Unidos querem neutralizar uma amea\u00e7a e redesenhar o equil\u00edbrio regional. Isso \u00e9 algo muito claro. Israel quer remover um inimigo estrat\u00e9gico. O que \u00e9 tamb\u00e9m algo \u00f3bvio. Parte da oposi\u00e7\u00e3o quer aproveitar a brecha \u2014 quando falamos de Reza Pahlavi, filho mais velho do \u00faltimo x\u00e1 do Ir\u00e3o. Mas o que querem os iranianos comuns, depois de anos de san\u00e7\u00f5es, medo, repress\u00e3o e morte: reforma, rutura, vingan\u00e7a, ordem ou simplesmente voltar a ter um pa\u00eds habit\u00e1vel? <\/b><\/p>\n<p>Vou responder isto. Os Estados Unidos querem continuar a manter o mais poss\u00edvel a sua hegemonia, usando o \u00fanico argumento que lhes resta: a for\u00e7a b\u00e9lica e a influ\u00eancia no sistema financeiro internacional. Ao lan\u00e7ar o Ir\u00e3o no caos, os Estados Unidos atingem, tamb\u00e9m, a China, que \u00e9 um important\u00edssimo cliente do petr\u00f3leo iraniano.<\/p>\n<p>Por seu turno, Israel quer realizar a \u00faltima etapa que falta de um projeto com 30 anos, uma nova estrat\u00e9gia desenhada a pedido de Netanyahu, na primeira vez que assumiu a lideran\u00e7a do governo de Telavive, em 1996. Esse documento, coordenado pelo neoconservador norte-americano Robert Perle, intitula-se \u201cUma rutura limpa: uma nova estrat\u00e9gia para proteger o reino&#8221;.\u00a0<\/p>\n<p>Ao contr\u00e1rio da estrat\u00e9gia de pacifica\u00e7\u00e3o com os palestinianos e de troca de \u201cterra pela paz\u201d, impedindo mais colonatos \u2013 que foi o caminho que levou ao assass\u00ednio de Isaac Rabin por um terrorista sionista em 1995 \u2014, a nova estrat\u00e9gia prop\u00f4s replicar com Israel no M\u00e9dio Oriente aquilo que os Estados Unidos pretendiam \u00e0 escala mundial: hegemonia unipolar exclusiva e sem rivais que a pudessem desafiar.\u00a0<\/p>\n<p>O que \u00e9 surpreendente \u00e9 o modo como os Estados Unidos se identificaram com a causa de Israel, como \u00e9 o caso agora, mesmo quando ela \u00e9 contr\u00e1ria aos pr\u00f3prios interesses de Washington. Em 1996 foram identificados uma s\u00e9rie de pa\u00edses a abater: Iraque, L\u00edbano, L\u00edbia, S\u00edria, Ir\u00e3o. S\u00f3 falta mesmo o Ir\u00e3o.<\/p>\n<p>Recomendo, para quem queira aprofundar a bizarra subordina\u00e7\u00e3o das elites pol\u00edticas e mesmo econ\u00f3micas dos Estados Unidos aos interesses dos sionistas mais extremos em Israel, a leitura de um livro extremamente revelador da autoria de duas personalidades maiores do universo acad\u00e9mico dos Estados Unidos, pela intelig\u00eancia e independ\u00eancia: \u201cO Lobby de Israel e a Pol\u00edtica Externa dos EUA\u201d, de 2007, da autoria de John J. Mearsheimer e Stephen M. Walt.<\/p>\n<p>Mas regresso ao in\u00edcio da nossa conversa. O Ir\u00e3o est\u00e1 motivado para resistir, e tem os meios para isso. Neste terceiro dia da guerra, j\u00e1 foram atingidas 14 bases e instala\u00e7\u00f5es dos Estados Unidos e afetados 12 pa\u00edses e territ\u00f3rios, onde Teer\u00e3o tem visado interesses americanos, diretos e indiretos. Os Estados Unidos podem decidir fazer uma guerra total ao Ir\u00e3o. Trump pode tentar usar a guerra, qual C\u00e9sar embriagado, para enterrar o que sobra da democracia americana, cada vez mais infetada pelo cancro da plutocracia. Mas, nesse caso, o pre\u00e7o a pagar poder\u00e1 ser a destrui\u00e7\u00e3o da infraestrutura energ\u00e9tica de todo o M\u00e9dio Oriente. N\u00e3o se trata apenas de fechar o Estreito de Ormuz \u2014 o que j\u00e1 foi feito. Trata-se de destruir materialmente todos os sistemas de explora\u00e7\u00e3o, produ\u00e7\u00e3o, transporte e exporta\u00e7\u00e3o de petr\u00f3leo e g\u00e1s natural, deixando o mundo privado durante meses ou at\u00e9 anos de mais de 20% da energia f\u00f3ssil que continua a ser a alavanca maior que faz mover a economia mundial.<\/p>\n<p><strong>Muito bem.<\/strong><\/p>\n<p>E, j\u00e1 agora, deixo uma palavra final para expressar a minha profunda tristeza pelo colapso pol\u00edtico, para n\u00e3o dizer \u00e9tico, da Uni\u00e3o Europeia. Tenho desgosto em diz\u00ea-lo, mas parece que somos governados por vultos e sombras, quase indistintos entre si, tal a aus\u00eancia de pensamento, para j\u00e1 n\u00e3o falar de car\u00e1cter, que campeia. Esses vultos, em vez de condenarem o ataque, juntam-se aos lobos.<\/p>\n<p>Contudo, essas sombras n\u00e3o produzem os poderosos uivos de predador, mas sim latidos suaves de obedi\u00eancia e submiss\u00e3o ao chefe da alcateia.<\/p>\n","protected":false},"excerpt":{"rendered":"ENTREVISTA || O que est\u00e1 a acontecer no Ir\u00e3o n\u00e3o anuncia uma abertura pol\u00edtica trazida de fora, diz&hellip;\n","protected":false},"author":2,"featured_media":291274,"comment_status":"","ping_status":"","sticky":false,"template":"","format":"standard","meta":{"footnotes":"","_share_on_mastodon":"0"},"categories":[50],"tags":[609,43059,836,611,79,258,27,28,607,608,333,832,604,135,610,92,476,413,15,16,301,830,14,5453,259,603,25,26,570,21,22,831,833,62,834,12,13,19,20,835,602,52,32,23,24,1115,17,18,29,30,31,38313,63,64,65],"class_list":["post-291273","post","type-post","status-publish","format-standard","has-post-thumbnail","category-mundo","tag-alerta","tag-ali-khamenei","tag-analise","tag-ao-minuto","tag-ataque","tag-benjamin-netanyahu","tag-breaking-news","tag-breakingnews","tag-cnn","tag-cnn-portugal","tag-comentadores","tag-costa","tag-crime","tag-desporto","tag-direto","tag-donald-trump","tag-economia","tag-eua","tag-featured-news","tag-featurednews","tag-governo","tag-guerra","tag-headlines","tag-irao","tag-israel","tag-justica","tag-latest-news","tag-latestnews","tag-live","tag-main-news","tag-mainnews","tag-mais-vistas","tag-marcelo","tag-mundo","tag-negocios","tag-news","tag-noticias","tag-noticias-principais","tag-noticiasprincipais","tag-opiniao","tag-pais","tag-politica","tag-portugal","tag-principais-noticias","tag-principaisnoticias","tag-regime","tag-top-stories","tag-topstories","tag-ultimas","tag-ultimas-noticias","tag-ultimasnoticias","tag-viriato-soromenho-marques","tag-world","tag-world-news","tag-worldnews"],"share_on_mastodon":{"url":"","error":"Validation failed: Text character limit of 500 exceeded"},"_links":{"self":[{"href":"https:\/\/www.europesays.com\/pt\/wp-json\/wp\/v2\/posts\/291273","targetHints":{"allow":["GET"]}}],"collection":[{"href":"https:\/\/www.europesays.com\/pt\/wp-json\/wp\/v2\/posts"}],"about":[{"href":"https:\/\/www.europesays.com\/pt\/wp-json\/wp\/v2\/types\/post"}],"author":[{"embeddable":true,"href":"https:\/\/www.europesays.com\/pt\/wp-json\/wp\/v2\/users\/2"}],"replies":[{"embeddable":true,"href":"https:\/\/www.europesays.com\/pt\/wp-json\/wp\/v2\/comments?post=291273"}],"version-history":[{"count":0,"href":"https:\/\/www.europesays.com\/pt\/wp-json\/wp\/v2\/posts\/291273\/revisions"}],"wp:featuredmedia":[{"embeddable":true,"href":"https:\/\/www.europesays.com\/pt\/wp-json\/wp\/v2\/media\/291274"}],"wp:attachment":[{"href":"https:\/\/www.europesays.com\/pt\/wp-json\/wp\/v2\/media?parent=291273"}],"wp:term":[{"taxonomy":"category","embeddable":true,"href":"https:\/\/www.europesays.com\/pt\/wp-json\/wp\/v2\/categories?post=291273"},{"taxonomy":"post_tag","embeddable":true,"href":"https:\/\/www.europesays.com\/pt\/wp-json\/wp\/v2\/tags?post=291273"}],"curies":[{"name":"wp","href":"https:\/\/api.w.org\/{rel}","templated":true}]}}