{"id":291369,"date":"2026-03-04T09:16:26","date_gmt":"2026-03-04T09:16:26","guid":{"rendered":"https:\/\/www.europesays.com\/pt\/291369\/"},"modified":"2026-03-04T09:16:26","modified_gmt":"2026-03-04T09:16:26","slug":"rolling-stones-negam-permissao-de-uso-de-musica-em-documentario-de-melania-trump-diz-jornal","status":"publish","type":"post","link":"https:\/\/www.europesays.com\/pt\/291369\/","title":{"rendered":"Rolling Stones negam permiss\u00e3o de uso de m\u00fasica em document\u00e1rio de Melania Trump, diz jornal"},"content":{"rendered":"\n<p class=\" content-text__container theme-color-primary-first-letter\" data-track-category=\"Link no Texto\" data-track-links=\"\"> O document\u00e1rio &#8216;Melania&#8217; (2026), sobre a primeira-dama dos Estados Unidos, Melania Trump, enfrentou negativas durante a produ\u00e7\u00e3o por parte de artistas contatados para autorizarem o uso de m\u00fasicas no longa-metragem. O filme, que estreou no in\u00edcio de fevereiro, traz em sua trilha &#8220;Gimme Shelter&#8221;, dos Rolling Stones. A faixa foi autorizada a estar na produ\u00e7\u00e3o, no entanto, diferente do que o produtor Marc Beckman vem afirmando, n\u00e3o foi a banda inglesa que permitiu o uso e os integrantes ainda negam qualquer envolvimento com as negocia\u00e7\u00f5es e com a permiss\u00e3o. Isso ocorreu porque a m\u00fasica \u201cGimme Shelter\u201d \u00e9 propriedade da ABKCO, empresa dona de todas as grava\u00e7\u00f5es dos Rolling Stones at\u00e9 1971, destacaram uma pessoa pr\u00f3xima \u00e0 banda e um produtor do grupo ao jornal ingl\u00eas The Guardian. <\/p>\n<ul class=\"content-unordered-list\">\n<li><strong>Sess\u00e3o &#8216;black-tie&#8217;:<\/strong> <a class=\"\" href=\"https:\/\/oglobo.globo.com\/cultura\/noticia\/2026\/01\/25\/melania-trump-transforma-a-casa-branca-em-cinema-para-pre-estreia-de-documentario.ghtml\" rel=\"nofollow noopener\" target=\"_blank\">Melania Trump transforma a Casa Branca em cinema para pr\u00e9-estreia de gala de document\u00e1rio<\/a><\/li>\n<li><strong>Com filme sobre Melania Trump<\/strong>, <a class=\"\" href=\"https:\/\/oglobo.globo.com\/cultura\/filmes\/noticia\/2026\/02\/02\/com-filme-sobre-melania-trump-brett-ratner-tenta-retomada-apos-cancelamento-por-acusacoes-de-assedio.ghtml\" rel=\"nofollow noopener\" target=\"_blank\">Brett Ratner tenta retomada ap\u00f3s &#8216;cancelamento&#8217; por acusa\u00e7\u00f5es de ass\u00e9dio<\/a><\/li>\n<\/ul>\n<p class=\" content-text__container \" data-track-category=\"Link no Texto\" data-track-links=\"\"> A faixa est\u00e1 no \u00e1lbum &#8220;Let It Bleed&#8221; (1969), o que faz com que a banda n\u00e3o tenha controle sobre licenciamento. A ABKCO foi fundada pelo empres\u00e1rio Allen Klein, manager respons\u00e1vel pelas maiores bandas de rock da \u00e9poca, como <a class=\"\" href=\"https:\/\/oglobo.globo.com\/tudo-sobre\/grupo-musical\/the-beatles\/\" rel=\"nofollow noopener\" target=\"_blank\">The Beatles<\/a>. <\/p>\n<p class=\" content-text__container \" data-track-category=\"Link no Texto\" data-track-links=\"\"> A hist\u00f3ria de que a banda teria aprovado o uso da m\u00fasica no document\u00e1rio teve in\u00edcio a partir de uma entrevista de Marc Beckman \u00e0 Variety em que afirmava que a banda havia autorizado o uso. Um porta-voz do grupo negou a informa\u00e7\u00e3o ao Guardian. O produtor ainda destacou, na ocasi\u00e3o, que <a class=\"\" href=\"https:\/\/oglobo.globo.com\/tudo-sobre\/personalidade\/mick-jagger\/\" rel=\"nofollow noopener\" target=\"_blank\">Mick Jagger<\/a> teria se envolvido diretamente no processo, afirmando que o m\u00fasico &#8220;deu sua b\u00ean\u00e7\u00e3o&#8221;. Uma pessoa pr\u00f3xima ao cantor negou, em entrevista ao jornal ingl\u00eas, que tenha acontecido. <\/p>\n<p class=\" content-text__container \" data-track-category=\"Link no Texto\" data-track-links=\"\"> \u2014 Trabalhamos em estreita colabora\u00e7\u00e3o com eles nisso \u2014 disse Marc Beckman \u00e0 Variety. \u2014 E n\u00e3o era uma quest\u00e3o pol\u00edtica. Com os Stones, eles simplesmente disseram: &#8220;Ah, voc\u00eas est\u00e3o fazendo um bom filme&#8221;. Eles conseguiram superar esse obst\u00e1culo. N\u00e3o se trata de pol\u00edtica \u2013 \u00e9 apenas a hist\u00f3ria de uma mulher que est\u00e1 saindo da vida civil e voltando para a Casa Branca, e o filme parece legal, Brett [Ratner] est\u00e1 fazendo um \u00f3timo trabalho e Melania Trump est\u00e1 focada, ent\u00e3o vamos fazer. Mostramos o filme para eles e eles ficaram impressionados. <\/p>\n<ul class=\"content-unordered-list\">\n<li><strong>Batido:<\/strong> <a class=\"\" href=\"https:\/\/oglobo.globo.com\/cultura\/filmes\/noticia\/2026\/02\/10\/filme-de-terror-feito-por-youtuber-superar-melania-na-bilheteria-americana.ghtml\" rel=\"nofollow noopener\" target=\"_blank\">Filme de terror feito por youtuber supera &#8216;Melania&#8217; na bilheteria americana<\/a><\/li>\n<\/ul>\n<p class=\" content-text__container \" data-track-category=\"Link no Texto\" data-track-links=\"\"> Uma fonte pr\u00f3xima a Mick Jagger, ouvida pelo The Guardian, questionou a afirma\u00e7\u00e3o de Marc Beckman sobre a participa\u00e7\u00e3o do cantor na decis\u00e3o. <\/p>\n<p class=\" content-text__container \" data-track-category=\"Link no Texto\" data-track-links=\"\"> A produtora nega que o filme tenha uma apelo pol\u00edtico, apesar de tratar da atual primeira-dama dos Estados Unidos no per\u00edodo de 20 dias antes de seu retorno \u00e0 Casa Branca para o in\u00edcio do segundo mandato de <a class=\"\" href=\"https:\/\/oglobo.globo.com\/tudo-sobre\/politico\/donald-trump\/\" rel=\"nofollow noopener\" target=\"_blank\">Donald Trump<\/a>, em 2025. Artistas e herdeiros que foram contatados para terem m\u00fasicas usadas no document\u00e1rio, no entanto, n\u00e3o veem dessa forma. Entre os que recusaram a participa\u00e7\u00e3o no longa est\u00e3o Guns N&#8217; Roses, Grace Jones e os herdeiros de Prince. O pr\u00f3prio Beckman confirmou que as negativas foram por motivos pol\u00edticos. <\/p>\n<ul class=\"content-unordered-list\">\n<li><strong>Document\u00e1rio sobre Melania Trump<\/strong>, <a class=\"\" href=\"https:\/\/oglobo.globo.com\/cultura\/streaming\/noticia\/2025\/12\/17\/documentario-sobre-melania-trump-do-qual-ela-mesma-e-produtora-tem-trailer-divulgado.ghtml\" rel=\"nofollow noopener\" target=\"_blank\">do qual ela mesma \u00e9 produtora, tem trailer divulgado<\/a><\/li>\n<\/ul>\n<p class=\" content-text__container \" data-track-category=\"Link no Texto\" data-track-links=\"\"> Esse argumento tamb\u00e9m levanta o questionamento sobre a vers\u00e3o de Marc Beckman de que os Rolling Stones teriam, diretamente, autorizado o uso de &#8220;Gimme Shelter&#8221;. A banda reclamou do uso de suas can\u00e7\u00f5es por Donald Trump. \u201cYou Can\u2019t Always Get What You Want\u201d, de 1968, foi tocada durante com\u00edcios pol\u00edticos em 2016. Na \u00e9poca, Trump foi notificado pela banda para parar. A faixa foi novamente adotada por Trump na elei\u00e7\u00e3o de 2020, o que levou a organiza\u00e7\u00e3o de direitos de artistas Broadcast Music, Inc. a amea\u00e7ar o comit\u00ea de campanha com uma a\u00e7\u00e3o judicial, lembra a revista Rolling Stone Brasil. <\/p>\n<p>     Mick Jagger: Veja fotos das v\u00e1rias visitas do cantor dos Rolling Stones ao Rio           <img decoding=\"async\" id=\"image-id-tumb-2e8f8a81-fbc4-4896-bca8-fbea76e835b0\" alt=\"Mick Jagger e a namorada Marianne Faithfull no Copacabana Palace em janeiro de 1968 \u2014 Foto: Eurico Dantas\/Ag\u00eancia O GLOBO\" src=\"https:\/\/www.europesays.com\/pt\/wp-content\/uploads\/2026\/03\/mick19682.png\" loading=\"lazy\" height=\"590\" width=\"736\" data-posicao=\"1\" role=\"button\" tabindex=\"0\"\/>    <img decoding=\"async\" id=\"image-id-2e8f8a81-fbc4-4896-bca8-fbea76e835b0\" class=\"gallery-photo\" alt=\"Mick Jagger e a namorada Marianne Faithfull no Copacabana Palace em janeiro de 1968 \u2014 Foto: Eurico Dantas\/Ag\u00eancia O GLOBO\" src=\"https:\/\/www.europesays.com\/pt\/wp-content\/uploads\/2026\/03\/1772615779_760_mick19682.png\" loading=\"lazy\" height=\"590\" width=\"736\"\/>  <\/p>\n<p> 1 de 11 <br \/>&#13;Mick Jagger e a namorada Marianne Faithfull no Copacabana Palace em janeiro de 1968 \u2014 Foto: Eurico Dantas\/Ag\u00eancia O GLOBO <\/p>\n<p>     <img decoding=\"async\" id=\"image-id-tumb-f403fcae-87f7-494f-a617-c024359f708e\" alt=\"Mick Jagger e Keith Richards desembarcando de um navio no Rio em dezembro de 1968 \u2014 Foto: Arquivo\/Ag\u00eancia O GLOBO\" src=\"https:\/\/www.europesays.com\/pt\/wp-content\/uploads\/2026\/03\/mick19683.png\" loading=\"lazy\" height=\"621\" width=\"887\" data-posicao=\"2\" role=\"button\" tabindex=\"0\"\/>    <img decoding=\"async\" id=\"image-id-f403fcae-87f7-494f-a617-c024359f708e\" class=\"gallery-photo\" alt=\"Mick Jagger e Keith Richards desembarcando de um navio no Rio em dezembro de 1968 \u2014 Foto: Arquivo\/Ag\u00eancia O GLOBO\" src=\"https:\/\/www.europesays.com\/pt\/wp-content\/uploads\/2026\/03\/1772615780_32_mick19683.png\" loading=\"lazy\" height=\"621\" width=\"887\"\/>  <\/p>\n<p> 2 de 11 <br \/>&#13;Mick Jagger e Keith Richards desembarcando de um navio no Rio em dezembro de 1968 \u2014 Foto: Arquivo\/Ag\u00eancia O GLOBO <\/p>\n<p>     Pular    <\/p>\n<p> X de 11 <br \/>Publicidade <\/p>\n<p>      <img decoding=\"async\" id=\"image-id-tumb-d748ddea-9031-43e0-810d-6d42e3fa7762\" alt=\"Mick Jagger (plantando bananeira) e Keith Richards no Recreio dos Bandeirantes, em 1968 \u2014 Foto: Reprodu\u00e7\u00e3o do livro 'Os Rolling Stones no Brasil'\" src=\"https:\/\/www.europesays.com\/pt\/wp-content\/uploads\/2026\/03\/mick19684.png\" loading=\"lazy\" height=\"601\" width=\"974\" data-posicao=\"3\" role=\"button\" tabindex=\"0\"\/>    <img decoding=\"async\" id=\"image-id-d748ddea-9031-43e0-810d-6d42e3fa7762\" class=\"gallery-photo\" alt=\"Mick Jagger (plantando bananeira) e Keith Richards no Recreio dos Bandeirantes, em 1968 \u2014 Foto: Reprodu\u00e7\u00e3o do livro 'Os Rolling Stones no Brasil'\" src=\"https:\/\/www.europesays.com\/pt\/wp-content\/uploads\/2026\/03\/1772615781_653_mick19684.png\" loading=\"lazy\" height=\"601\" width=\"974\"\/>  <\/p>\n<p> 3 de 11 <br \/>&#13;Mick Jagger (plantando bananeira) e Keith Richards no Recreio dos Bandeirantes, em 1968 \u2014 Foto: Reprodu\u00e7\u00e3o do livro &#8216;Os Rolling Stones no Brasil&#8217; <\/p>\n<p>      <img decoding=\"async\" id=\"image-id-e2a062c5-c9dd-4f3a-a98d-4057aa8c2425\" class=\"gallery-photo\" alt=\"Mick Jagger e a francesa Odile Marinho numa casa na Joatinga, no Rio, em 1975 \u2014 Foto: Alberto Jacob\/Ag\u00eancia O GLOBO\" src=\"https:\/\/www.europesays.com\/pt\/wp-content\/uploads\/2026\/03\/jagger1975.png\" loading=\"lazy\" height=\"677\" width=\"923\"\/>  <\/p>\n<p> 4 de 11 <br \/>&#13;Mick Jagger e a francesa Odile Marinho numa casa na Joatinga, no Rio, em 1975 \u2014 Foto: Alberto Jacob\/Ag\u00eancia O GLOBO <\/p>\n<p>     Pular    <\/p>\n<p> X de 11 <br \/>Publicidade <\/p>\n<p>      <img decoding=\"async\" id=\"image-id-6be8b58c-18d3-44bb-8dbc-9af340abf480\" class=\"gallery-photo\" alt=\"Mick Jagger durante grava\u00e7\u00e3o de clipe num pres\u00eddio de Niter\u00f3i, em 1984 \u2014 Foto: Maur\u00edcio Menezes\/Ag\u00eancia O GLOBO\" src=\"https:\/\/www.europesays.com\/pt\/wp-content\/uploads\/2026\/03\/mickpresovale.png\" loading=\"lazy\" height=\"824\" width=\"1170\"\/>  <\/p>\n<p> 5 de 11 <br \/>&#13;Mick Jagger durante grava\u00e7\u00e3o de clipe num pres\u00eddio de Niter\u00f3i, em 1984 \u2014 Foto: Maur\u00edcio Menezes\/Ag\u00eancia O GLOBO <\/p>\n<p>      <img decoding=\"async\" id=\"image-id-f3c0f740-b089-4826-ae47-83bd28011c6f\" class=\"gallery-photo\" alt=\"Mick Jagger assistindo a um Fla x Flu no Maracan\u00e3 em 1984 \u2014 Foto: Cezar Loureiro\/Ag\u00eancia O GLOBO\" src=\"https:\/\/www.europesays.com\/pt\/wp-content\/uploads\/2026\/03\/jagger19842.png\" loading=\"lazy\" height=\"643\" width=\"986\"\/>  <\/p>\n<p> 6 de 11 <br \/>&#13;Mick Jagger assistindo a um Fla x Flu no Maracan\u00e3 em 1984 \u2014 Foto: Cezar Loureiro\/Ag\u00eancia O GLOBO <\/p>\n<p>     Pular    <\/p>\n<p> X de 11 <br \/>Publicidade <\/p>\n<p>      <img decoding=\"async\" id=\"image-id-dfe915c8-6a5c-4585-b92f-5c398a70731b\" class=\"gallery-photo\" alt=\"Mick Jagger chegando na Gafieira Elite, no Centro do Rio, para gravar clipe em 1984 \u2014 Foto: Alberto Jacob\/Ag\u00eancia O GLOBO\" src=\"https:\/\/www.europesays.com\/pt\/wp-content\/uploads\/2026\/03\/jagger19843.png\" loading=\"lazy\" height=\"444\" width=\"559\"\/>  <\/p>\n<p> 7 de 11 <br \/>&#13;Mick Jagger chegando na Gafieira Elite, no Centro do Rio, para gravar clipe em 1984 \u2014 Foto: Alberto Jacob\/Ag\u00eancia O GLOBO <\/p>\n<p>      <img decoding=\"async\" id=\"image-id-99af5a11-ce33-41a1-82a0-2a168e72a739\" class=\"gallery-photo\" alt=\"Mick Jagger no Maracan\u00e3 em 1995: primeiros shows do Rolling Stones no Brasil \u2014 Foto: Ivo Gonzalez\/Ag\u00eancia O Globo\" src=\"https:\/\/www.europesays.com\/pt\/wp-content\/uploads\/2026\/03\/mick1995.png\" loading=\"lazy\" height=\"691\" width=\"1041\"\/>  <\/p>\n<p> 8 de 11 <br \/>&#13;Mick Jagger no Maracan\u00e3 em 1995: primeiros shows do Rolling Stones no Brasil \u2014 Foto: Ivo Gonzalez\/Ag\u00eancia O Globo <\/p>\n<p>     Pular    <\/p>\n<p> X de 11 <br \/>Publicidade <\/p>\n<p>      <img decoding=\"async\" id=\"image-id-d6b713b7-34b3-4622-a7aa-ed7c444d1d44\" class=\"gallery-photo\" alt=\"Mick Jagger deixa o restaurante Antiquarius, no Leblon, em 1998 \u2014 Foto: Arthur Max\/Ag\u00eancia O GLOBO\" src=\"https:\/\/www.europesays.com\/pt\/wp-content\/uploads\/2026\/03\/mick1998.png\" loading=\"lazy\" height=\"573\" width=\"810\"\/>  <\/p>\n<p> 9 de 11 <br \/>&#13;Mick Jagger deixa o restaurante Antiquarius, no Leblon, em 1998 \u2014 Foto: Arthur Max\/Ag\u00eancia O GLOBO <\/p>\n<p>      <img decoding=\"async\" id=\"image-id-fa3dd2fa-bd74-441a-856a-32021f78a803\" class=\"gallery-photo\" alt=\"Mick Jagger em show dos Stones na Praia de Copacaba em 2006 \u2014 Foto: Ivo Gonzalez\/Ag\u00eancia O GLOBO\" src=\"https:\/\/www.europesays.com\/pt\/wp-content\/uploads\/2026\/03\/mick2006.png\" loading=\"lazy\" height=\"653\" width=\"905\"\/>  <\/p>\n<p> 10 de 11 <br \/>&#13;Mick Jagger em show dos Stones na Praia de Copacaba em 2006 \u2014 Foto: Ivo Gonzalez\/Ag\u00eancia O GLOBO <\/p>\n<p>     Pular    <\/p>\n<p> X de 11 <br \/>Publicidade <\/p>\n<p>      <img decoding=\"async\" id=\"image-id-adf6e15d-46c0-4f1a-8b71-53cf4aafe515\" class=\"gallery-photo\" alt=\"Mick Jagger \u00e0 frente de Ron Woods, Keith Richards e Charlie Watts no Maracan\u00e3, em 2016 \u2014 Foto: Guito Moreto\/Ag\u00eancia O GLOBO\" src=\"https:\/\/www.europesays.com\/pt\/wp-content\/uploads\/2026\/03\/mick2016.png\" loading=\"lazy\" height=\"689\" width=\"1021\"\/>  <\/p>\n<p> 11 de 11 <br \/>&#13;Mick Jagger \u00e0 frente de Ron Woods, Keith Richards e Charlie Watts no Maracan\u00e3, em 2016 \u2014 Foto: Guito Moreto\/Ag\u00eancia O GLOBO <\/p>\n<p>Astro ingl\u00eas j\u00e1 esteve na cidade ao menos oito vezes <\/p>\n","protected":false},"excerpt":{"rendered":"O document\u00e1rio &#8216;Melania&#8217; (2026), sobre a primeira-dama dos Estados Unidos, Melania Trump, enfrentou negativas durante a produ\u00e7\u00e3o por&hellip;\n","protected":false},"author":2,"featured_media":191800,"comment_status":"","ping_status":"","sticky":false,"template":"","format":"standard","meta":{"footnotes":"","_share_on_mastodon":"0"},"categories":[141],"tags":[92,114,115,581,319,582,1853,149,150,32,33,318,7317],"class_list":["post-291369","post","type-post","status-publish","format-standard","has-post-thumbnail","category-musica","tag-donald-trump","tag-entertainment","tag-entretenimento","tag-ex-presidente-dos-eua-pelo-partido-republicano-concorreu-a-reeleicao-em-2020","tag-hard-news","tag-mas-foi-derrotado-por-joe-biden","tag-mick-jagger","tag-music","tag-musica","tag-portugal","tag-pt","tag-radar","tag-the-beatles"],"share_on_mastodon":{"url":"https:\/\/pubeurope.com\/@pt\/116170154912145088","error":""},"_links":{"self":[{"href":"https:\/\/www.europesays.com\/pt\/wp-json\/wp\/v2\/posts\/291369","targetHints":{"allow":["GET"]}}],"collection":[{"href":"https:\/\/www.europesays.com\/pt\/wp-json\/wp\/v2\/posts"}],"about":[{"href":"https:\/\/www.europesays.com\/pt\/wp-json\/wp\/v2\/types\/post"}],"author":[{"embeddable":true,"href":"https:\/\/www.europesays.com\/pt\/wp-json\/wp\/v2\/users\/2"}],"replies":[{"embeddable":true,"href":"https:\/\/www.europesays.com\/pt\/wp-json\/wp\/v2\/comments?post=291369"}],"version-history":[{"count":0,"href":"https:\/\/www.europesays.com\/pt\/wp-json\/wp\/v2\/posts\/291369\/revisions"}],"wp:featuredmedia":[{"embeddable":true,"href":"https:\/\/www.europesays.com\/pt\/wp-json\/wp\/v2\/media\/191800"}],"wp:attachment":[{"href":"https:\/\/www.europesays.com\/pt\/wp-json\/wp\/v2\/media?parent=291369"}],"wp:term":[{"taxonomy":"category","embeddable":true,"href":"https:\/\/www.europesays.com\/pt\/wp-json\/wp\/v2\/categories?post=291369"},{"taxonomy":"post_tag","embeddable":true,"href":"https:\/\/www.europesays.com\/pt\/wp-json\/wp\/v2\/tags?post=291369"}],"curies":[{"name":"wp","href":"https:\/\/api.w.org\/{rel}","templated":true}]}}