{"id":29143,"date":"2025-08-14T14:59:24","date_gmt":"2025-08-14T14:59:24","guid":{"rendered":"https:\/\/www.europesays.com\/pt\/29143\/"},"modified":"2025-08-14T14:59:24","modified_gmt":"2025-08-14T14:59:24","slug":"execucao-do-lider-na-povoa-de-varzim-coloca-portugal-na-mira-da-organizacao-criminosa-brasileira-fantasmas-do-cajuru","status":"publish","type":"post","link":"https:\/\/www.europesays.com\/pt\/29143\/","title":{"rendered":"Execu\u00e7\u00e3o do l\u00edder na P\u00f3voa de Varzim coloca Portugal na mira da organiza\u00e7\u00e3o criminosa brasileira &#8216;Fantasmas do Cajuru&#8217;"},"content":{"rendered":"<p>  <a href=\"https:\/\/www.euromaster.pt\/\" target=\"_blank\" rel=\"noopener noreferrer nofollow\">&#13;<br \/>\n    <img decoding=\"async\" src=\"https:\/\/www.europesays.com\/pt\/wp-content\/uploads\/2025\/08\/1755133484_664_Automonitor_900x150-1.jpg\" alt=\"Euromaster\" style=\"max-width: 900px; width: 100%; height: auto; display: block; margin: 0 auto;\"\/>&#13;<br \/>\n  <\/a><\/p>\n<p>Portugal est\u00e1 na rota dos \u2018Fantasmas do Cajuru\u2019, uma organiza\u00e7\u00e3o criminosa brasileira at\u00e9 ent\u00e3o n\u00e3o sinalizada pelas autoridades nacionais, avan\u00e7ou esta quarta-feira o \u2018Correio da Manh\u00e3\u2019. Rafael Louren\u00e7o [\u2018Rafinha\u2019], de 35 anos, foi baleado sete vezes no passado domingo na P\u00f3voa de Varzim, ele que era considerado o l\u00edder deste perigoso grupo formado h\u00e1 20 anos, em Curitiba, capital do estado brasileiro do Paran\u00e1.<\/p>\n<p>De acordo com o jornal di\u00e1rio, Rafael Louren\u00e7o \u2013 que as autoridades brasileiras acreditavam estar escondido no Nordeste do pa\u00eds \u2013 ter\u00e1 chegado a Portugal em meados de abril, ap\u00f3s uma liga\u00e7\u00e3o a\u00e9rea entre Assun\u00e7\u00e3o, no Paraguai, e Madrid. Vivia discretamente em Odivelas. Segundo as autoridades, \u2018Rafinha\u2019 fugiu da pena de pris\u00e3o a que foi condenado em 2021 por associa\u00e7\u00e3o criminosa, tr\u00e1fico de droga, branqueamento de capitais e posse ilegal de arma.<\/p>\n<p>Os \u2018Fantasmas do Cajuru\u2019 foram liderados durante anos por \u2018Rafinha\u2019 e Bruno Felisbino, que foi executado a tiro num parque de estacionamento de um centro comercial em Jo\u00e3o Pessoa, cidade do estado da Para\u00edba, em mar\u00e7o de 2024. A organiza\u00e7\u00e3o criminosa come\u00e7ou por furtos e assaltos a bancos, mas a partir de 2020, segundo a pol\u00edcia brasileira, dedicou-se quase exclusivamente ao tr\u00e1fico internacional de droga, que ter\u00e1 rendido pelo menos 40 milh\u00f5es de euros nos \u00faltimos cinco anos. Membros do grupo s\u00e3o apontados como respons\u00e1veis de v\u00e1rios homic\u00eddios violentos, incluindo um pol\u00edcia militar, com mais de 40 tiros, em janeiro deste ano.<\/p>\n<p>Acredita-se que o grupo possa ter liga\u00e7\u00f5es ao PCC (Primeiro Comando da Capital), que pode estar envolvido no assassinato na P\u00f3voa de Varzim.<\/p>\n","protected":false},"excerpt":{"rendered":"&#13; &#13; Portugal est\u00e1 na rota dos \u2018Fantasmas do Cajuru\u2019, uma organiza\u00e7\u00e3o criminosa brasileira at\u00e9 ent\u00e3o n\u00e3o sinalizada&hellip;\n","protected":false},"author":2,"featured_media":29144,"comment_status":"","ping_status":"","sticky":false,"template":"","format":"standard","meta":{"footnotes":""},"categories":[10],"tags":[27,28,15,16,14,25,26,21,22,12,13,19,20,32,23,24,33,17,18,29,30,31],"class_list":{"0":"post-29143","1":"post","2":"type-post","3":"status-publish","4":"format-standard","5":"has-post-thumbnail","7":"category-portugal","8":"tag-breaking-news","9":"tag-breakingnews","10":"tag-featured-news","11":"tag-featurednews","12":"tag-headlines","13":"tag-latest-news","14":"tag-latestnews","15":"tag-main-news","16":"tag-mainnews","17":"tag-news","18":"tag-noticias","19":"tag-noticias-principais","20":"tag-noticiasprincipais","21":"tag-portugal","22":"tag-principais-noticias","23":"tag-principaisnoticias","24":"tag-pt","25":"tag-top-stories","26":"tag-topstories","27":"tag-ultimas","28":"tag-ultimas-noticias","29":"tag-ultimasnoticias"},"share_on_mastodon":{"url":"","error":""},"_links":{"self":[{"href":"https:\/\/www.europesays.com\/pt\/wp-json\/wp\/v2\/posts\/29143","targetHints":{"allow":["GET"]}}],"collection":[{"href":"https:\/\/www.europesays.com\/pt\/wp-json\/wp\/v2\/posts"}],"about":[{"href":"https:\/\/www.europesays.com\/pt\/wp-json\/wp\/v2\/types\/post"}],"author":[{"embeddable":true,"href":"https:\/\/www.europesays.com\/pt\/wp-json\/wp\/v2\/users\/2"}],"replies":[{"embeddable":true,"href":"https:\/\/www.europesays.com\/pt\/wp-json\/wp\/v2\/comments?post=29143"}],"version-history":[{"count":0,"href":"https:\/\/www.europesays.com\/pt\/wp-json\/wp\/v2\/posts\/29143\/revisions"}],"wp:featuredmedia":[{"embeddable":true,"href":"https:\/\/www.europesays.com\/pt\/wp-json\/wp\/v2\/media\/29144"}],"wp:attachment":[{"href":"https:\/\/www.europesays.com\/pt\/wp-json\/wp\/v2\/media?parent=29143"}],"wp:term":[{"taxonomy":"category","embeddable":true,"href":"https:\/\/www.europesays.com\/pt\/wp-json\/wp\/v2\/categories?post=29143"},{"taxonomy":"post_tag","embeddable":true,"href":"https:\/\/www.europesays.com\/pt\/wp-json\/wp\/v2\/tags?post=29143"}],"curies":[{"name":"wp","href":"https:\/\/api.w.org\/{rel}","templated":true}]}}