{"id":292350,"date":"2026-03-05T02:46:16","date_gmt":"2026-03-05T02:46:16","guid":{"rendered":"https:\/\/www.europesays.com\/pt\/292350\/"},"modified":"2026-03-05T02:46:16","modified_gmt":"2026-03-05T02:46:16","slug":"vice-presidente-da-ar-e-ventura-em-confronto","status":"publish","type":"post","link":"https:\/\/www.europesays.com\/pt\/292350\/","title":{"rendered":"Vice-presidente da AR e Ventura em Confronto"},"content":{"rendered":"<p>O debate quinzenal ficou esta quarta-feira (4) marcado por um incidente protagonizado pelo l\u00edder do Chega, que acusou a presidente do parlamento em exerc\u00edcio, Teresa Morais, de tratamento desigual, cr\u00edtica que a social-democrata rejeitou, apoiada por PSD e PS.<\/p>\n<p>Durante o per\u00edodo de perguntas ao primeiro-ministro, Andr\u00e9 Ventura pediu para fazer uma interpela\u00e7\u00e3o \u00e0 mesa com a vice-presidente do parlamento, Teresa Morais, que conduzia os trabalhos, a assinalar que o l\u00edder do Chega ainda n\u00e3o tinha gastado todo o tempo da sua interven\u00e7\u00e3o e pediu-lhe para explicar o pedido.<\/p>\n<p><strong>\u201cEra isso que eu estava a tentar fazer\u00a0quando a senhora presidente, em vez\u00a0de ser deputada do PSD, devia ser presidente da Mesa. S\u00f3 que n\u00e3o consegue<\/strong>\u201d, criticou o l\u00edder do Chega, ouvindo-se de seguida pateadas na sala.<\/p>\n<p><strong>Andr\u00e9 Ventura alegou tamb\u00e9m que n\u00e3o cabia a Teresa Morais a condu\u00e7\u00e3o dos trabalhos e que estava a faz\u00ea-lo porque o tamb\u00e9m vice-presidente e deputado do Chega, Diogo Pacheco de Amorim, \u201choje n\u00e3o quis presidir<\/strong>\u201d.<\/p>\n","protected":false},"excerpt":{"rendered":"O debate quinzenal ficou esta quarta-feira (4) marcado por um incidente protagonizado pelo l\u00edder do Chega, que acusou&hellip;\n","protected":false},"author":2,"featured_media":292351,"comment_status":"","ping_status":"","sticky":false,"template":"","format":"standard","meta":{"footnotes":"","_share_on_mastodon":"0"},"categories":[50],"tags":[3386,27,28,21756,15,16,14,3852,25,26,21,22,62,12,13,19,20,4532,23,24,52757,17,18,29,30,31,63,64,65],"class_list":["post-292350","post","type-post","status-publish","format-standard","has-post-thumbnail","category-mundo","tag-andre-ventura","tag-breaking-news","tag-breakingnews","tag-debate-quinzenal","tag-featured-news","tag-featurednews","tag-headlines","tag-incidente","tag-latest-news","tag-latestnews","tag-main-news","tag-mainnews","tag-mundo","tag-news","tag-noticias","tag-noticias-principais","tag-noticiasprincipais","tag-parlamento","tag-principais-noticias","tag-principaisnoticias","tag-teresa-morais","tag-top-stories","tag-topstories","tag-ultimas","tag-ultimas-noticias","tag-ultimasnoticias","tag-world","tag-world-news","tag-worldnews"],"share_on_mastodon":{"url":"https:\/\/pubeurope.com\/@pt\/116174283509353528","error":""},"_links":{"self":[{"href":"https:\/\/www.europesays.com\/pt\/wp-json\/wp\/v2\/posts\/292350","targetHints":{"allow":["GET"]}}],"collection":[{"href":"https:\/\/www.europesays.com\/pt\/wp-json\/wp\/v2\/posts"}],"about":[{"href":"https:\/\/www.europesays.com\/pt\/wp-json\/wp\/v2\/types\/post"}],"author":[{"embeddable":true,"href":"https:\/\/www.europesays.com\/pt\/wp-json\/wp\/v2\/users\/2"}],"replies":[{"embeddable":true,"href":"https:\/\/www.europesays.com\/pt\/wp-json\/wp\/v2\/comments?post=292350"}],"version-history":[{"count":0,"href":"https:\/\/www.europesays.com\/pt\/wp-json\/wp\/v2\/posts\/292350\/revisions"}],"wp:featuredmedia":[{"embeddable":true,"href":"https:\/\/www.europesays.com\/pt\/wp-json\/wp\/v2\/media\/292351"}],"wp:attachment":[{"href":"https:\/\/www.europesays.com\/pt\/wp-json\/wp\/v2\/media?parent=292350"}],"wp:term":[{"taxonomy":"category","embeddable":true,"href":"https:\/\/www.europesays.com\/pt\/wp-json\/wp\/v2\/categories?post=292350"},{"taxonomy":"post_tag","embeddable":true,"href":"https:\/\/www.europesays.com\/pt\/wp-json\/wp\/v2\/tags?post=292350"}],"curies":[{"name":"wp","href":"https:\/\/api.w.org\/{rel}","templated":true}]}}