{"id":292410,"date":"2026-03-05T04:02:18","date_gmt":"2026-03-05T04:02:18","guid":{"rendered":"https:\/\/www.europesays.com\/pt\/292410\/"},"modified":"2026-03-05T04:02:18","modified_gmt":"2026-03-05T04:02:18","slug":"subiu-lhe-a-cabeca-ines-morais-reage-a-acusacao-de-ser-uma-desilusao","status":"publish","type":"post","link":"https:\/\/www.europesays.com\/pt\/292410\/","title":{"rendered":"&#8220;Subiu-lhe \u00e0 cabe\u00e7a&#8221;: In\u00eas Morais reage a acusa\u00e7\u00e3o de ser &#8220;uma desilus\u00e3o&#8221;!"},"content":{"rendered":"<p>Depois de ter vencido o &#8220;<a href=\"https:\/\/tvi.iol.pt\/bigbrother\" target=\"_blank\" rel=\"nofollow noopener\">Big Brother<\/a> 2024&#8243; e &#8220;<a href=\"https:\/\/tvi.iol.pt\/secretstory\/\" target=\"_blank\" rel=\"nofollow noopener\">Secret Story<\/a> &#8211; Desafio Final&#8221;, In\u00eas Morais tornou-se comentadora de reality shows da <a href=\"https:\/\/tvi.iol.pt\/\" target=\"_blank\" rel=\"nofollow noopener\">TVI<\/a>, opinando atualmente sobre o que acontece na d\u00e9cima edi\u00e7\u00e3o de &#8220;Secret Story &#8211; Casa dos Segredos&#8221;.<\/p>\n<p>Como acontece com os restantes colegas, <a href=\"https:\/\/selfie.iol.pt\/famosos\/joao-ricardo\/joao-ricardo-reage-a-novidade-e-ines-morais-tem-algo-a-dizer\/20260212\/698deaaed34e0ec52ec37dc1\" target=\"_blank\" rel=\"nofollow noopener\">In\u00eas Morais<\/a> agrada a uns e motiva cr\u00edticas por parte de outros. Nesta quarta-feira, dia 4, a jovem deu eco a uma opini\u00e3o negativa que a visa. &#8220;&#8221;A In\u00eas tem sido uma desilus\u00e3o. O t\u00edtulo subiu-lhe \u00e0 cabe\u00e7a e, agora, acha-se a Taylor Swift de Oeiras&#8221;, escreveu uma internauta.<\/p>\n<p>No Instagram, a comentadora ironizou: &#8220;Bom dia. O \u00fanico t\u00edtulo que aceito a partir de agora \u00e9 o de Taylor Swift de Oeiras.&#8221; J\u00e1 no X, antigo Twitter, dirigiu-se diretamente \u00e0 autora do coment\u00e1rio: &#8220;Amo.\u00a0Nota-se mesmo que \u00e9s adiantada mental&#8221;.<\/p>\n<p>Veja, agora, nas galerias que prepar\u00e1mos para si, as melhores imagens de <a href=\"https:\/\/selfie.iol.pt\/famosos\/big-brother\/ines-morais-em-foto-unica-eu-e-o-meu-filho-somos-parecidos\/20260215\/69922fecd34e6a48f4468fcf\" target=\"_blank\" rel=\"nofollow noopener\">In\u00eas Morais<\/a>.<\/p>\n<p style=\"text-align:center\"><img loading=\"lazy\" decoding=\"async\" alt=\"\" height=\"500\" src=\"https:\/\/www.europesays.com\/pt\/wp-content\/uploads\/2026\/03\/69a841ded34edcee7c6178c7.webp\" width=\"281\"\/><\/p>\n<p>\u00a0<\/p>\n<blockquote class=\"twitter-tweet\">\n<p lang=\"pt\">A M O, nota-se mesmo que \u00e9s adiantada mental \ud83e\udd2d <a href=\"https:\/\/t.co\/SiX8j0adbD\" rel=\"nofollow\">https:\/\/t.co\/SiX8j0adbD<\/a><\/p>\n<p> \u2014 In\u00eas Morais \ud83d\udc8b (@inesmoraisc0) <a href=\"https:\/\/twitter.com\/inesmoraisc0\/status\/2029157085821256160?ref_src=twsrc%5Etfw\" rel=\"nofollow noopener\" target=\"_blank\">March 4, 2026<\/a>\n<\/p><\/blockquote>\n<p>\u00a0<\/p>\n<p>                        <script async src=\"https:\/\/platform.twitter.com\/widgets.js\" charset=\"utf-8\"><\/script><\/p>\n","protected":false},"excerpt":{"rendered":"Depois de ter vencido o &#8220;Big Brother 2024&#8243; e &#8220;Secret Story &#8211; Desafio Final&#8221;, In\u00eas Morais tornou-se comentadora&hellip;\n","protected":false},"author":2,"featured_media":292411,"comment_status":"","ping_status":"","sticky":false,"template":"","format":"standard","meta":{"footnotes":"","_share_on_mastodon":"0"},"categories":[142],"tags":[6308,7081,48,7080,2632,15384,46676,6980,15383,114,115,980,6520,1015,619,32,33,1014,1315,6985,46677,15382,46679,1012,6986,46678,151,162,3664],"class_list":["post-292410","post","type-post","status-publish","format-standard","has-post-thumbnail","category-tv","tag-bb","tag-bb2024","tag-big-brother","tag-big-brother-2024","tag-casa-dos-segredos","tag-casa-dos-segredos-desafio-final","tag-casa-dos-segredos-10","tag-comentadora","tag-desafio-final","tag-entertainment","tag-entretenimento","tag-famosos","tag-ines-morais","tag-instagram","tag-nacional","tag-portugal","tag-pt","tag-reality-show","tag-secret-story","tag-secret-story-casa-dos-segredos","tag-secret-story-casa-dos-segredos-10","tag-secret-story-desafio-final","tag-secret-story-10","tag-selfie","tag-ss","tag-ss10","tag-tv","tag-tvi","tag-twitter"],"share_on_mastodon":{"url":"https:\/\/pubeurope.com\/@pt\/116174582197613583","error":""},"_links":{"self":[{"href":"https:\/\/www.europesays.com\/pt\/wp-json\/wp\/v2\/posts\/292410","targetHints":{"allow":["GET"]}}],"collection":[{"href":"https:\/\/www.europesays.com\/pt\/wp-json\/wp\/v2\/posts"}],"about":[{"href":"https:\/\/www.europesays.com\/pt\/wp-json\/wp\/v2\/types\/post"}],"author":[{"embeddable":true,"href":"https:\/\/www.europesays.com\/pt\/wp-json\/wp\/v2\/users\/2"}],"replies":[{"embeddable":true,"href":"https:\/\/www.europesays.com\/pt\/wp-json\/wp\/v2\/comments?post=292410"}],"version-history":[{"count":0,"href":"https:\/\/www.europesays.com\/pt\/wp-json\/wp\/v2\/posts\/292410\/revisions"}],"wp:featuredmedia":[{"embeddable":true,"href":"https:\/\/www.europesays.com\/pt\/wp-json\/wp\/v2\/media\/292411"}],"wp:attachment":[{"href":"https:\/\/www.europesays.com\/pt\/wp-json\/wp\/v2\/media?parent=292410"}],"wp:term":[{"taxonomy":"category","embeddable":true,"href":"https:\/\/www.europesays.com\/pt\/wp-json\/wp\/v2\/categories?post=292410"},{"taxonomy":"post_tag","embeddable":true,"href":"https:\/\/www.europesays.com\/pt\/wp-json\/wp\/v2\/tags?post=292410"}],"curies":[{"name":"wp","href":"https:\/\/api.w.org\/{rel}","templated":true}]}}