{"id":29251,"date":"2025-08-14T16:21:09","date_gmt":"2025-08-14T16:21:09","guid":{"rendered":"https:\/\/www.europesays.com\/pt\/29251\/"},"modified":"2025-08-14T16:21:09","modified_gmt":"2025-08-14T16:21:09","slug":"tensao-na-casa-ana-duarte-explode-com-miranda-como-e-que-eu-posso-discutir-com-uma-chavala-de-26-anos-big-brother","status":"publish","type":"post","link":"https:\/\/www.europesays.com\/pt\/29251\/","title":{"rendered":"Tens\u00e3o na casa! Ana Duarte explode com Miranda: \u00abComo \u00e9 que eu posso discutir com uma chavala de 26 anos?\u00bb &#8211; Big Brother"},"content":{"rendered":"<p style=\"margin-bottom:11px\">No Big Brother Ver\u00e3o, o desperd\u00edcio alimentar volta a ser motivo de tens\u00e3o entre os concorrentes. Bruna e Ana Duarte confrontam novamente Catarina Miranda, num momento marcado por acusa\u00e7\u00f5es e nervos \u00e0 flor da pele. Cansada da situa\u00e7\u00e3o, Ana Duarte perde a paci\u00eancia e atira: \u00abN\u00e3o \u00e9s mais do que ningu\u00e9m!\u00bb<\/p>\n<p style=\"margin-bottom:11px\">\u00a0<\/p>\n<p><strong>Esta semana, h\u00e1 quatro concorrentes em risco de expuls\u00e3o. Vote para salvar o seu favorito:<\/strong><\/p>\n<p><strong>AFONSO LEIT\u00c3O \u2013 761 20 20 01<br \/>KINA \u2013 761 20 20 08<br \/>VIRIATO \u2013 761 20 20 13<br \/>F\u00c1BIO PAIM \u2013 761 20 20 14<\/strong><\/p>\n<p><strong><a href=\"https:\/\/tvi.iol.pt\/bigbrother\/aominuto\" wbo-id=\"20\" rel=\"nofollow noopener\" target=\"_blank\">Acompanhe tudo o que se passa na casa mais vigiada do pa\u00eds aqui!<\/a><\/strong><\/p>\n","protected":false},"excerpt":{"rendered":"No Big Brother Ver\u00e3o, o desperd\u00edcio alimentar volta a ser motivo de tens\u00e3o entre os concorrentes. Bruna e&hellip;\n","protected":false},"author":2,"featured_media":29252,"comment_status":"","ping_status":"","sticky":false,"template":"","format":"standard","meta":{"footnotes":""},"categories":[142],"tags":[331,48,329,333,328,335,336,114,115,334,332,330,13,32,33,151,162,227],"class_list":{"0":"post-29251","1":"post","2":"type-post","3":"status-publish","4":"format-standard","5":"has-post-thumbnail","7":"category-tv","8":"tag-big","9":"tag-big-brother","10":"tag-claudio-ramos","11":"tag-comentadores","12":"tag-concorrentes","13":"tag-confrontos","14":"tag-discussoes","15":"tag-entertainment","16":"tag-entretenimento","17":"tag-exclusivos","18":"tag-expulso","19":"tag-gala","20":"tag-noticias","21":"tag-portugal","22":"tag-pt","23":"tag-tv","24":"tag-tvi","25":"tag-videos"},"share_on_mastodon":{"url":"","error":""},"_links":{"self":[{"href":"https:\/\/www.europesays.com\/pt\/wp-json\/wp\/v2\/posts\/29251","targetHints":{"allow":["GET"]}}],"collection":[{"href":"https:\/\/www.europesays.com\/pt\/wp-json\/wp\/v2\/posts"}],"about":[{"href":"https:\/\/www.europesays.com\/pt\/wp-json\/wp\/v2\/types\/post"}],"author":[{"embeddable":true,"href":"https:\/\/www.europesays.com\/pt\/wp-json\/wp\/v2\/users\/2"}],"replies":[{"embeddable":true,"href":"https:\/\/www.europesays.com\/pt\/wp-json\/wp\/v2\/comments?post=29251"}],"version-history":[{"count":0,"href":"https:\/\/www.europesays.com\/pt\/wp-json\/wp\/v2\/posts\/29251\/revisions"}],"wp:featuredmedia":[{"embeddable":true,"href":"https:\/\/www.europesays.com\/pt\/wp-json\/wp\/v2\/media\/29252"}],"wp:attachment":[{"href":"https:\/\/www.europesays.com\/pt\/wp-json\/wp\/v2\/media?parent=29251"}],"wp:term":[{"taxonomy":"category","embeddable":true,"href":"https:\/\/www.europesays.com\/pt\/wp-json\/wp\/v2\/categories?post=29251"},{"taxonomy":"post_tag","embeddable":true,"href":"https:\/\/www.europesays.com\/pt\/wp-json\/wp\/v2\/tags?post=29251"}],"curies":[{"name":"wp","href":"https:\/\/api.w.org\/{rel}","templated":true}]}}