{"id":292521,"date":"2026-03-05T07:58:11","date_gmt":"2026-03-05T07:58:11","guid":{"rendered":"https:\/\/www.europesays.com\/pt\/292521\/"},"modified":"2026-03-05T07:58:11","modified_gmt":"2026-03-05T07:58:11","slug":"grau-de-ameaca-terrorista-para-portugal-mantem-se-em-grau-3-mas-esta-em-permanente-reavaliacao-devido-ao-conflito-no-medio-oriente","status":"publish","type":"post","link":"https:\/\/www.europesays.com\/pt\/292521\/","title":{"rendered":"Grau de amea\u00e7a terrorista para Portugal &#8220;mant\u00e9m-se em Grau 3&#8221; mas est\u00e1 em permanente reavalia\u00e7\u00e3o devido ao conflito no M\u00e9dio Oriente"},"content":{"rendered":"<p>\t                A qualquer momento este grau, o terceiro mais elevado, pode ser alterado, como podem ser tamb\u00e9m aplicadas outras medidas de seguran\u00e7a<\/p>\n<p>Apesar da escalada no conflito no M\u00e9dio Oriente, Portugal ainda n\u00e3o agravou o n\u00edvel de alerta de terrorismo, segundo adiantou \u00e0 CNN Portugal a secret\u00e1ria-geral do Sistema de Seguran\u00e7a Interna (SSI).<\/p>\n<p>\u201cO grau de amea\u00e7a terrorista para Portugal mant\u00e9m-se em Grau 3 \u2013 Significativo, com base na avalia\u00e7\u00e3o de amea\u00e7a da responsabilidade do Servi\u00e7o de Informa\u00e7\u00f5es de Seguran\u00e7a [SIS]\u201d, garantiu a SSI, que depende diretamente do primeiro-ministro.<\/p>\n<p>Ao todo, em Portugal h\u00e1 cinco graus de alerta, tendo subido de moderado (grau quatro) para significativo (grau 3) em 2023, depois do ataque terrorista do Hamas a Israel. O SSI justificou na altura este agravar do risco \u201cpor raz\u00f5es eminentemente preventivas e de cautela, acompanhando de igual modo os outros parceiros europeus\u201d, onde alguns registaram \u201ca\u00e7\u00f5es terroristas perpetradas por atores isolados radicalizados, de dif\u00edcil dete\u00e7\u00e3o\u201d. Segundo o SSI, naquela data \u201cn\u00e3o se registavam quaisquer ind\u00edcios\u201d que apontassem \u201cpara o desenvolvimento de a\u00e7\u00f5es terroristas em territ\u00f3rio nacional\u201d, mas decidiu-se na mesma aumentar o grau de risco.<\/p>\n<p>\u00c9 neste mesmo n\u00edvel 3 que agora o alerta de terrorismo se mant\u00e9m em Portugal, apesar de a situa\u00e7\u00e3o estar a ser avaliada constantemente pelo Servi\u00e7o de Informa\u00e7\u00f5es de Seguran\u00e7a (SIS), que tem a compet\u00eancia para definir o grau de amea\u00e7a no pa\u00eds.<\/p>\n<p>E a qualquer momento esse grau pode ser alterado. Como podem ser tamb\u00e9m aplicadas outras medidas de seguran\u00e7a. \u00c0 CNN Portugal, o SSI, liderado por Patr\u00edcia Bar\u00e3o, garante que \u201ccontinuar\u00e1 a assegurar a articula\u00e7\u00e3o regular com as principais autoridades de seguran\u00e7a, mantendo igualmente o acompanhamento atento da evolu\u00e7\u00e3o do contexto internacional\u201d.<\/p>\n<p>Ali\u00e1s, na ter\u00e7a-feira, realizou-se uma reuni\u00e3o do gabinete Coordenador de Seguran\u00e7a, um \u00f3rg\u00e3o do SSI que \u00e9 presidido por Patr\u00edcia Bar\u00e3o, para \u201cavaliar a evolu\u00e7\u00e3o da situa\u00e7\u00e3o no M\u00e9dio Oriente e as suas potenciais repercuss\u00f5es na seguran\u00e7a interna, designadamente ao n\u00edvel da prote\u00e7\u00e3o de infraestruturas cr\u00edticas, do controlo de fronteiras e da salvaguarda dos espa\u00e7os mar\u00edtimo, a\u00e9reo e do ciberespa\u00e7o\u201d.<\/p>\n","protected":false},"excerpt":{"rendered":"A qualquer momento este grau, o terceiro mais elevado, pode ser alterado, como podem ser tamb\u00e9m aplicadas outras&hellip;\n","protected":false},"author":2,"featured_media":292522,"comment_status":"","ping_status":"","sticky":false,"template":"","format":"standard","meta":{"footnotes":"","_share_on_mastodon":"0"},"categories":[50],"tags":[609,52777,611,27,28,607,608,604,610,539,15,16,52778,14,603,25,26,570,21,22,432,606,62,12,13,19,20,602,32,23,24,36446,58,52779,605,8270,52776,17,18,29,30,31,63,64,65],"class_list":["post-292521","post","type-post","status-publish","format-standard","has-post-thumbnail","category-mundo","tag-alerta","tag-alerta-terrorista","tag-ao-minuto","tag-breaking-news","tag-breakingnews","tag-cnn","tag-cnn-portugal","tag-crime","tag-direto","tag-educacao","tag-featured-news","tag-featurednews","tag-grau-3","tag-headlines","tag-justica","tag-latest-news","tag-latestnews","tag-live","tag-main-news","tag-mainnews","tag-medio-oriente","tag-meteorologia","tag-mundo","tag-news","tag-noticias","tag-noticias-principais","tag-noticiasprincipais","tag-pais","tag-portugal","tag-principais-noticias","tag-principaisnoticias","tag-sis","tag-sociedade","tag-ssi","tag-tempo","tag-terrorismo","tag-terrorismo-portugal","tag-top-stories","tag-topstories","tag-ultimas","tag-ultimas-noticias","tag-ultimasnoticias","tag-world","tag-world-news","tag-worldnews"],"share_on_mastodon":{"url":"","error":"Validation failed: Text character limit of 500 exceeded"},"_links":{"self":[{"href":"https:\/\/www.europesays.com\/pt\/wp-json\/wp\/v2\/posts\/292521","targetHints":{"allow":["GET"]}}],"collection":[{"href":"https:\/\/www.europesays.com\/pt\/wp-json\/wp\/v2\/posts"}],"about":[{"href":"https:\/\/www.europesays.com\/pt\/wp-json\/wp\/v2\/types\/post"}],"author":[{"embeddable":true,"href":"https:\/\/www.europesays.com\/pt\/wp-json\/wp\/v2\/users\/2"}],"replies":[{"embeddable":true,"href":"https:\/\/www.europesays.com\/pt\/wp-json\/wp\/v2\/comments?post=292521"}],"version-history":[{"count":0,"href":"https:\/\/www.europesays.com\/pt\/wp-json\/wp\/v2\/posts\/292521\/revisions"}],"wp:featuredmedia":[{"embeddable":true,"href":"https:\/\/www.europesays.com\/pt\/wp-json\/wp\/v2\/media\/292522"}],"wp:attachment":[{"href":"https:\/\/www.europesays.com\/pt\/wp-json\/wp\/v2\/media?parent=292521"}],"wp:term":[{"taxonomy":"category","embeddable":true,"href":"https:\/\/www.europesays.com\/pt\/wp-json\/wp\/v2\/categories?post=292521"},{"taxonomy":"post_tag","embeddable":true,"href":"https:\/\/www.europesays.com\/pt\/wp-json\/wp\/v2\/tags?post=292521"}],"curies":[{"name":"wp","href":"https:\/\/api.w.org\/{rel}","templated":true}]}}