{"id":292930,"date":"2026-03-05T15:07:18","date_gmt":"2026-03-05T15:07:18","guid":{"rendered":"https:\/\/www.europesays.com\/pt\/292930\/"},"modified":"2026-03-05T15:07:18","modified_gmt":"2026-03-05T15:07:18","slug":"deco-avisa-consumidores-e-um-momento-oportuno-para-analisarem-ao-detalhe-condicoes-dos-creditos-a-habitacao","status":"publish","type":"post","link":"https:\/\/www.europesays.com\/pt\/292930\/","title":{"rendered":"Deco avisa consumidores: &#8220;\u00c9 um momento oportuno para analisarem ao detalhe condi\u00e7\u00f5es dos cr\u00e9ditos \u00e0 habita\u00e7\u00e3o&#8221;"},"content":{"rendered":"<p data-remotead-prev-elm=\"true\" data-remotead-elm-id=\"inread\">A Associa\u00e7\u00e3o Portuguesa para a Defesa do Consumidor (Deco) alerta para &#8220;uma maior press\u00e3o sobre as taxas euribor&#8221;, al\u00e9m do pre\u00e7o dos combust\u00edveis, perante um contexto internacional &#8220;incerto&#8221; e de tens\u00f5es no M\u00e9dio Oriente. Para quem tem cr\u00e9dito \u00e0 habita\u00e7\u00e3o, a Deco recomenda uma an\u00e1lise &#8220;ao detalhe&#8221; das condi\u00e7\u00f5es: &#8220;\u00c9 o momento oportuno.&#8221;<\/p>\n<blockquote class=\"ngx-blockquote\">\n<p>&#8220;Para quem tem cr\u00e9dito \u00e0 habita\u00e7\u00e3o, \u00e9 expect\u00e1vel que haja uma maior press\u00e3o sobre as taxas euribor. Quem vai fazer as revis\u00f5es das suas taxas dever\u00e1 esperar por aumentos nos pr\u00f3ximos tempos&#8221;, afirmou a especialista Magda Canas, em declara\u00e7\u00f5es \u00e0 <strong>TSF<\/strong>.<\/p>\n<\/blockquote>\n<p data-remotead-prev-elm=\"true\" data-remotead-elm-id=\"inread2\">Apesar de o impacto &#8220;depender sempre da dura\u00e7\u00e3o e da intensidade do conflito e tamb\u00e9m, naturalmente, das decis\u00f5es pol\u00edticas que forem sendo adotadas&#8221;, Magda Canas disse que &#8220;este \u00e9 um momento oportuno para os consumidores analisarem ao detalhe as condi\u00e7\u00f5es dos seus cr\u00e9ditos e avaliarem a possibilidade de renegociar&#8221;.<\/p>\n<p>&#8220;Quando se fala em condi\u00e7\u00f5es, fala-se essencialmente de spread, mas tamb\u00e9m de outros fatores&#8221;, acrescentou.<\/p>\n<p data-remotead-prev-elm=\"true\" data-remotead-elm-id=\"centro1\">Magda Canas referiu ainda um &#8220;inevit\u00e1vel impacto nos mercados financeiros&#8221; e recomenda que o consumidor &#8220;evite decis\u00f5es impulsivas&#8221;.<\/p>\n<p>Relativamente aos combust\u00edveis e \u00e0 possibilidade de o Governo avan\u00e7ar com um desconto extraordin\u00e1rio e tempor\u00e1rio do ISP para compensar uma subida dos pre\u00e7os, a especialista da Deco n\u00e3o tem d\u00favidas de que esta \u00e9 &#8220;a solu\u00e7\u00e3o poss\u00edvel&#8221;. &#8220;J\u00e1 foi adotada no passado, ou seja, tamb\u00e9m n\u00e3o \u00e9 novidade, e serviu exatamente para isto&#8221;, sublinhou, numa alus\u00e3o \u00e0s medidas adotadas quando come\u00e7ou a guerra na Ucr\u00e2nia.<\/p>\n<blockquote class=\"ngx-blockquote\">\n<p>&#8220;N\u00f3s estamos perante uma guerra com particularidades muito pr\u00f3prias, desde logo pelo facto de se encontrar exatamente no local de onde v\u00eam muitos dos combust\u00edveis consumidos em todo o mundo. No entanto, j\u00e1 houve um acentuado aumento dos combust\u00edveis quando ocorreu a invas\u00e3o da Ucr\u00e2nia e, por isso, a solu\u00e7\u00e3o encontrada nessa altura n\u00e3o \u00e9 muito diferente daquela que o Governo agora planeia adotar. \u00c9 a solu\u00e7\u00e3o poss\u00edvel.&#8221;<\/p>\n<\/blockquote>\n<p>A Deco pede que os consumidores evitem &#8220;comportamentos de antecipa\u00e7\u00e3o excessiva&#8221; e lembra que &#8220;\u00e9 absolutamente essencial comparar os pre\u00e7os antes de abastecer&#8221;.<\/p>\n<p>O bloqueio de petr\u00f3leo do Estreito de Ormuz &#8211;<a href=\"https:\/\/www.tsf.pt\/economia\/artigo\/bloqueio-no-estreito-de-ormuz-pode-levar-a-aumento-de-ate-15-centimos-nos-combustiveis\/18058429\" target=\"_blank\" rel=\"nofollow noopener\"> por onde passa 20% do petr\u00f3leo e do g\u00e1s natural liquefeito do com\u00e9rcio global<\/a> &#8211; pode provocar um aumento no pre\u00e7o dos combust\u00edveis de at\u00e9 15 c\u00eantimos na pr\u00f3xima semana em Portugal. Na eventualidade de o conflito no M\u00e9dio Oriente se alastrar por mais de um m\u00eas, pode haver &#8220;um agravar do pre\u00e7o por raz\u00f5es conjunturais de procura&#8221;.<\/p>\n<p>*Com Maria Ramos Santos<\/p>\n","protected":false},"excerpt":{"rendered":"A Associa\u00e7\u00e3o Portuguesa para a Defesa do Consumidor (Deco) alerta para &#8220;uma maior press\u00e3o sobre as taxas euribor&#8221;,&hellip;\n","protected":false},"author":2,"featured_media":292931,"comment_status":"","ping_status":"","sticky":false,"template":"","format":"standard","meta":{"footnotes":"","_share_on_mastodon":"0"},"categories":[83],"tags":[88,1238,5798,476,89,90,21290,456,432,32,33],"class_list":["post-292930","post","type-post","status-publish","format-standard","has-post-thumbnail","category-empresas","tag-business","tag-credito-a-habitacao","tag-deco","tag-economia","tag-economy","tag-empresas","tag-guerra-no-medio-oriente","tag-habitacao","tag-medio-oriente","tag-portugal","tag-pt"],"share_on_mastodon":{"url":"https:\/\/pubeurope.com\/@pt\/116177197138134866","error":""},"_links":{"self":[{"href":"https:\/\/www.europesays.com\/pt\/wp-json\/wp\/v2\/posts\/292930","targetHints":{"allow":["GET"]}}],"collection":[{"href":"https:\/\/www.europesays.com\/pt\/wp-json\/wp\/v2\/posts"}],"about":[{"href":"https:\/\/www.europesays.com\/pt\/wp-json\/wp\/v2\/types\/post"}],"author":[{"embeddable":true,"href":"https:\/\/www.europesays.com\/pt\/wp-json\/wp\/v2\/users\/2"}],"replies":[{"embeddable":true,"href":"https:\/\/www.europesays.com\/pt\/wp-json\/wp\/v2\/comments?post=292930"}],"version-history":[{"count":0,"href":"https:\/\/www.europesays.com\/pt\/wp-json\/wp\/v2\/posts\/292930\/revisions"}],"wp:featuredmedia":[{"embeddable":true,"href":"https:\/\/www.europesays.com\/pt\/wp-json\/wp\/v2\/media\/292931"}],"wp:attachment":[{"href":"https:\/\/www.europesays.com\/pt\/wp-json\/wp\/v2\/media?parent=292930"}],"wp:term":[{"taxonomy":"category","embeddable":true,"href":"https:\/\/www.europesays.com\/pt\/wp-json\/wp\/v2\/categories?post=292930"},{"taxonomy":"post_tag","embeddable":true,"href":"https:\/\/www.europesays.com\/pt\/wp-json\/wp\/v2\/tags?post=292930"}],"curies":[{"name":"wp","href":"https:\/\/api.w.org\/{rel}","templated":true}]}}