{"id":29350,"date":"2025-08-14T17:40:08","date_gmt":"2025-08-14T17:40:08","guid":{"rendered":"https:\/\/www.europesays.com\/pt\/29350\/"},"modified":"2025-08-14T17:40:08","modified_gmt":"2025-08-14T17:40:08","slug":"youtube-peticao-para-por-fim-a-verificacao-de-idade-com-ai-observador","status":"publish","type":"post","link":"https:\/\/www.europesays.com\/pt\/29350\/","title":{"rendered":"YouTube. Peti\u00e7\u00e3o para p\u00f4r fim \u00e0 verifica\u00e7\u00e3o de idade com AI \u2013 Observador"},"content":{"rendered":"<p>Uma peti\u00e7\u00e3o p\u00fablica, com mais de 90.000 assinaturas, exige que o YouTube volte atr\u00e1s na implementa\u00e7\u00e3o de uma medida que\u00a0usa Intelig\u00eancia Artificial (IA) para verificar a idade dos utilizadores.<\/p>\n<p>No final de julho, a aplica\u00e7\u00e3o informou que come\u00e7ou a testar o uso de fun\u00e7\u00f5es de IA nos Estados Unidos para descobrir se os utilizadores s\u00e3o maiores de idade na plataforma, com base em v\u00e1rios sinais, como os tipos de v\u00eddeos pesquisados, a categoria dos v\u00eddeos ou a antiguidade da conta.<\/p>\n<p>A medida pretende oferecer \u201cas experi\u00eancias e prote\u00e7\u00f5es mais adequadas para cada idade\u201d, refere a plataforma.<\/p>\n<p>Contudo, a <strong>nova funcionalidade de IA do YouTube est\u00e1 a gerar grande contesta\u00e7\u00e3o<\/strong>, tendo sido criada uma peti\u00e7\u00e3o que j\u00e1 soma mais\u00a0de 90.000 assinaturas devido ao <strong>receio de viola\u00e7\u00e3o de privacidade dos utilizadores.<\/strong><\/p>\n<p>Os autores da\u00a0peti\u00e7\u00e3o, dispon\u00edvel na plataforma Change.org, temem a an\u00e1lise de \u201ctodo o seu hist\u00f3rico de visualiza\u00e7\u00f5es e comportamento para estimar a sua idade\u201d, estando em\u00a0causa\u00a0a \u201cvigil\u00e2ncia em massa e controlo de dados (\u2026) que viola a privacidade e a autonomia\u201d.<\/p>\n<p>Quando um utilizador for identificado como adolescente ser\u00e3o automaticamente aplicadas uma s\u00e9rie de medidas de seguran\u00e7a, que consistem em <strong>desativar a publicidade personalizada<\/strong>, ativar<strong> ferramentas de bem-estar digital<\/strong> e adicionar <strong>salvaguardas \u00e0s recomenda\u00e7\u00f5es<\/strong>.<\/p>\n<p>A plataforma tamb\u00e9m alertou que, se o sistema calcular erroneamente que um utilizador tem menos de 18 anos, este poder\u00e1 verificar a sua idade atrav\u00e9s de um cart\u00e3o de cr\u00e9dito ou de um documento de identifica\u00e7\u00e3o oficial.<\/p>\n<p>A peti\u00e7\u00e3o pode ser consultada atrav\u00e9s da seguinte liga\u00e7\u00e3o:\u00a0<a href=\"https:\/\/www.change.org\/p\/youtube-s-ai-tracks-everything-you-watch-stop-this-now\" rel=\"nofollow noopener\" target=\"_blank\">https:\/\/www.change.org\/p\/youtube-s-ai-tracks-everything-you-watch-stop-this-now<\/a>.<\/p>\n","protected":false},"excerpt":{"rendered":"Uma peti\u00e7\u00e3o p\u00fablica, com mais de 90.000 assinaturas, exige que o YouTube volte atr\u00e1s na implementa\u00e7\u00e3o de uma&hellip;\n","protected":false},"author":2,"featured_media":29351,"comment_status":"","ping_status":"","sticky":false,"template":"","format":"standard","meta":{"footnotes":""},"categories":[84],"tags":[109,107,108,644,549,32,552,553,33,105,103,104,2004,58,106,110,3004],"class_list":{"0":"post-29350","1":"post","2":"type-post","3":"status-publish","4":"format-standard","5":"has-post-thumbnail","7":"category-ciencia-e-tecnologia","8":"tag-ciencia","9":"tag-ciencia-e-tecnologia","10":"tag-cienciaetecnologia","11":"tag-inteligu00eancia-artificial","12":"tag-internet","13":"tag-portugal","14":"tag-privacidade","15":"tag-proteu00e7u00e3o-de-dados","16":"tag-pt","17":"tag-science","18":"tag-science-and-technology","19":"tag-scienceandtechnology","20":"tag-seguranu00e7a","21":"tag-sociedade","22":"tag-technology","23":"tag-tecnologia","24":"tag-youtube"},"share_on_mastodon":{"url":"","error":""},"_links":{"self":[{"href":"https:\/\/www.europesays.com\/pt\/wp-json\/wp\/v2\/posts\/29350","targetHints":{"allow":["GET"]}}],"collection":[{"href":"https:\/\/www.europesays.com\/pt\/wp-json\/wp\/v2\/posts"}],"about":[{"href":"https:\/\/www.europesays.com\/pt\/wp-json\/wp\/v2\/types\/post"}],"author":[{"embeddable":true,"href":"https:\/\/www.europesays.com\/pt\/wp-json\/wp\/v2\/users\/2"}],"replies":[{"embeddable":true,"href":"https:\/\/www.europesays.com\/pt\/wp-json\/wp\/v2\/comments?post=29350"}],"version-history":[{"count":0,"href":"https:\/\/www.europesays.com\/pt\/wp-json\/wp\/v2\/posts\/29350\/revisions"}],"wp:featuredmedia":[{"embeddable":true,"href":"https:\/\/www.europesays.com\/pt\/wp-json\/wp\/v2\/media\/29351"}],"wp:attachment":[{"href":"https:\/\/www.europesays.com\/pt\/wp-json\/wp\/v2\/media?parent=29350"}],"wp:term":[{"taxonomy":"category","embeddable":true,"href":"https:\/\/www.europesays.com\/pt\/wp-json\/wp\/v2\/categories?post=29350"},{"taxonomy":"post_tag","embeddable":true,"href":"https:\/\/www.europesays.com\/pt\/wp-json\/wp\/v2\/tags?post=29350"}],"curies":[{"name":"wp","href":"https:\/\/api.w.org\/{rel}","templated":true}]}}