{"id":293666,"date":"2026-03-06T08:54:11","date_gmt":"2026-03-06T08:54:11","guid":{"rendered":"https:\/\/www.europesays.com\/pt\/293666\/"},"modified":"2026-03-06T08:54:11","modified_gmt":"2026-03-06T08:54:11","slug":"magnata-espanhol-koplowitz-vai-investir-50-milhoes-entre-as-praias-do-baleal-e-supertubos-turismo-lazer","status":"publish","type":"post","link":"https:\/\/www.europesays.com\/pt\/293666\/","title":{"rendered":"Magnata espanhol Koplowitz vai investir 50 milh\u00f5es entre as praias do Baleal e Supertubos &#8211; Turismo &#038; Lazer"},"content":{"rendered":"<p class=\"\">&#13;<br \/>\n        O Parque de Campismo de Peniche, carregado de problemas estruturais, chegou a ser encerrado, de forma tempor\u00e1ria, pela Autoridade para a Seguran\u00e7a Alimentar e Econ\u00f3mica (ASAE).&#13;\n    <\/p>\n<p class=\"\">&#13;<br \/>\n        Sem conseguir fazer as obras necess\u00e1rias, calculadas em 4,5 milh\u00f5es de euros, a autarquia decidiu concessionar o espa\u00e7o a privados, tendo celebrado um contrato de concess\u00e3o por 25 anos com a espanhola iLanga Capital.&#13;\n    <\/p>\n<p class=\"\">&#13;<br \/>\n        Esta \u201cprivate equity\u201d \u00e9 liderada por Pelayo Cortina Koplowitz, filho mais novo de Alberto Cortina e Alicia Koplowitz, que \u00e9 uma das mulheres mais ricas de Espanha, tendo em 1998 vendido sua participa\u00e7\u00e3o no gigante grupo FCC \u00e0 sua irm\u00e3 por aproximadamente 800 milh\u00f5es de euros.&#13;\n    <\/p>\n<p class=\"\">&#13;<br \/>\n        Em 2022, os mil utentes sa\u00edram do Parque de Campismo de Peniche, que foi encerrado para obras, mas s\u00f3 esta quarta-feira, 4 de mar\u00e7o, \u00e9 que se realizou a cerim\u00f3nia de lan\u00e7amento do Ohai Peniche.&#13;\n    <\/p>\n<p class=\"\">&#13;<br \/>\n        Estrategicamente localizado entre a Praia do Baleal e a Praia de Supertubos, palco do Campeonato Mundial de Surf (WSL), o Parque de Campismo de Peniche ser\u00e1 transformado num eco-resort de cinco estrelas.&#13;\n    <\/p>\n<p class=\"\">&#13;<br \/>\n        A iLanga Capital estima investir neste empreendimento cerca de 50 milh\u00f5es de euros, dos quais 40 milh\u00f5es de euros ser\u00e3o investidos nesta primeira fase, em que v\u00e3o ser disponibilizadas 160 unidades de alojamento &#8220;eco-lodge&#8221;, prevendo para 2029 investir os restantes 10 milh\u00f5es na constru\u00e7\u00e3o de outras 60 unidades.&#13;\n    <\/p>\n<p class=\"\">&#13;<br \/>\n        Com a inaugura\u00e7\u00e3o prevista para o primeiro trimestre de 2027, \u201co projeto foi concebido com base numa arquitetura leve e revers\u00edvel, garantindo o respeito pela biodiversidade e pelas dunas que caracterizam a zona, as quais atuam como uma tela natural que protege o complexo e promove uma sensa\u00e7\u00e3o de explora\u00e7\u00e3o e privacidade para o h\u00f3spede\u201d, real\u00e7a a iLanga Capital, em comunicado.&#13;\n    <\/p>\n<p class=\"\">&#13;<br \/>\n        As instala\u00e7\u00f5es incluir\u00e3o um \u201cclub house\u201d, \u00e1reas de \u201ccoworking\u201d para n\u00f3madas digitais, um \u201ckids club\u201d e uma \u201csurf house\u201d dedicada aos praticantes do desporto.&#13;\n    <\/p>\n<p class=\"\">&#13;<br \/>\n        \u201cA nossa chegada a Peniche n\u00e3o \u00e9 uma aposta passageira. Na iLanga, acreditamos numa gest\u00e3o ativa e direta, envolvendo-nos plenamente na opera\u00e7\u00e3o para potenciar o valor real de cada ativo\u201d, afirmou Pelayo Cortina Koplowitz na cerim\u00f3nia de arranque da Ohai Peniche, que prev\u00ea a cria\u00e7\u00e3o de uma centena de postos de trabalho diretos na \u00e9poca alta.&#13;\n    <\/p>\n<p class=\"\">&#13;<br \/>\n        Este projeto refor\u00e7a a aposta do grupo em Portugal, passando a contar com o seu segundo complexo no pa\u00eds, ap\u00f3s a abertura do Ohai Nazar\u00e9.&#13;\n    <\/p>\n<p class=\"\">&#13;<br \/>\n        Aberto em 2020, trata-se de um \u201cresort\u201d plantado em pleno Parque Nacional de Leiria e composto por 116 \u201cbungalows\u201d, 37 \u201cglampings\u201d e 10 apartamentos.&#13;\n    <\/p>\n<p class=\"\">&#13;<br \/>\n        Uma das atra\u00e7\u00f5es do Ohai Nazar\u00e9 \u00e9 o complexo de piscinas, que \u00e9 formado por quatro contentores posicionados de diferentes n\u00edveis, sendo que a mais alta est\u00e1 a seis metros do ch\u00e3o. Todos os contentores est\u00e3o ligados e todos possuem \u201cjanelas\u201d transparentes, fazendo desta inova\u00e7\u00e3o a maior e mais alta piscina da Europa.&#13;\n    <\/p>\n<p class=\"\">&#13;<br \/>\n        Atualmente, a Ohai Resorts conta com seis ativos em Espanha e Portugal e prev\u00ea atingir 1.200 unidades de alojamento at\u00e9 2027.&#13;\n    <\/p>\n<p class=\"\">&#13;<br \/>\n        \u00a0&#13;\n    <\/p>\n","protected":false},"excerpt":{"rendered":"&#13; O Parque de Campismo de Peniche, carregado de problemas estruturais, chegou a ser encerrado, de forma tempor\u00e1ria,&hellip;\n","protected":false},"author":2,"featured_media":293667,"comment_status":"","ping_status":"","sticky":false,"template":"","format":"standard","meta":{"footnotes":"","_share_on_mastodon":"0"},"categories":[83],"tags":[52936,88,89,90,640,16648,5563,52935,6614,32,33],"class_list":["post-293666","post","type-post","status-publish","format-standard","has-post-thumbnail","category-empresas","tag-alberto-cortina","tag-business","tag-economy","tag-empresas","tag-espanha","tag-milhoes","tag-nazare","tag-ohai","tag-peniche","tag-portugal","tag-pt"],"share_on_mastodon":{"url":"https:\/\/pubeurope.com\/@pt\/116181392914692378","error":""},"_links":{"self":[{"href":"https:\/\/www.europesays.com\/pt\/wp-json\/wp\/v2\/posts\/293666","targetHints":{"allow":["GET"]}}],"collection":[{"href":"https:\/\/www.europesays.com\/pt\/wp-json\/wp\/v2\/posts"}],"about":[{"href":"https:\/\/www.europesays.com\/pt\/wp-json\/wp\/v2\/types\/post"}],"author":[{"embeddable":true,"href":"https:\/\/www.europesays.com\/pt\/wp-json\/wp\/v2\/users\/2"}],"replies":[{"embeddable":true,"href":"https:\/\/www.europesays.com\/pt\/wp-json\/wp\/v2\/comments?post=293666"}],"version-history":[{"count":0,"href":"https:\/\/www.europesays.com\/pt\/wp-json\/wp\/v2\/posts\/293666\/revisions"}],"wp:featuredmedia":[{"embeddable":true,"href":"https:\/\/www.europesays.com\/pt\/wp-json\/wp\/v2\/media\/293667"}],"wp:attachment":[{"href":"https:\/\/www.europesays.com\/pt\/wp-json\/wp\/v2\/media?parent=293666"}],"wp:term":[{"taxonomy":"category","embeddable":true,"href":"https:\/\/www.europesays.com\/pt\/wp-json\/wp\/v2\/categories?post=293666"},{"taxonomy":"post_tag","embeddable":true,"href":"https:\/\/www.europesays.com\/pt\/wp-json\/wp\/v2\/tags?post=293666"}],"curies":[{"name":"wp","href":"https:\/\/api.w.org\/{rel}","templated":true}]}}