{"id":29373,"date":"2025-08-14T18:02:11","date_gmt":"2025-08-14T18:02:11","guid":{"rendered":"https:\/\/www.europesays.com\/pt\/29373\/"},"modified":"2025-08-14T18:02:11","modified_gmt":"2025-08-14T18:02:11","slug":"dias-perfeitos-livro-de-raphael-montes-que-inspirou-nova-minisserie-trata-de-relacionamento-obsessivo","status":"publish","type":"post","link":"https:\/\/www.europesays.com\/pt\/29373\/","title":{"rendered":"Dias Perfeitos: livro de Raphael Montes, que inspirou nova miniss\u00e9rie, trata de relacionamento obsessivo"},"content":{"rendered":"<p>O romance Dias Perfeitos, do autor brasileiro Raphael Montes, lan\u00e7ado originalmente em 2014, \u00e9 um livro que mexe com quem l\u00ea, n\u00e3o porque ele seja bonito ou confort\u00e1vel, mas um livro <strong>perturbador, inteligente e cruel<\/strong>.<\/p>\n<p>Uma miniss\u00e9rie inspirada no livro estreia nesta quinta na Globoplay com oito epis\u00f3dios.<\/p>\n<p> O livro acompanha um protagonista que, \u00e0 primeira vista, parece \u201ccomum\u201d. No entanto, \u00e0 medida que a hist\u00f3ria avan\u00e7a, o leitor \u00e9 confrontado com um jogo psicol\u00f3gico que desafia as fronteiras entre amor, controle e loucura.<\/p>\n<p><img decoding=\"async\" src=\"https:\/\/www.europesays.com\/pt\/wp-content\/uploads\/2025\/08\/AD_4nXeNFDx4Z6rVqChjLTWW0lwAcHHbD0W77oaZBlc_I0mfUqhgWsIesW7WJpFdkTWlggYpgIoKmCuTGM8bmtpSHCRFZrt0g3bf.jpeg\" alt=\"\"\/><\/p>\n<p>Desequil\u00edbrio <\/p>\n<p>O protagonista \u00e9 T\u00e9o, um estudante de medicina que vive no Rio de Janeiro com a m\u00e3e parapl\u00e9gica. Solit\u00e1rio e emocionalmente reprimido, ele carrega tra\u00e7os de uma mente claramente desequilibrada. <\/p>\n<p>A \u00fanica \u201cconfidente\u201d dele \u00e9 Gertrudes, um cad\u00e1ver utilizado nas aulas de anatomia com quem mant\u00e9m uma rela\u00e7\u00e3o de apego pouco comum.<\/p>\n<p>A trama acompanha Teo, introspectivo e met\u00f3dico, cuja vida toma um rumo inesperado ao conhecer Clarice, uma jovem roteirista livre, espont\u00e2nea e cheia de planos, praticamente seu oposto, como um espelho invertido. <\/p>\n<p>O encontro, \u00e0 primeira vista, casual, desperta nele uma fascina\u00e7\u00e3o obsessiva, levando-o a acreditar que est\u00e3o destinados a ficar juntos para sempre.\u00a0<\/p>\n<p>A partir da\u00ed, a rela\u00e7\u00e3o evolui para um jogo perigoso marcado por obsess\u00e3o, sequestro e manipula\u00e7\u00e3o. Pois convencido de que est\u00e3o destinados a ficar juntos, ele toma uma decis\u00e3o extrema: sequestrar Clarice para \u201cgarantir\u201d o futuro que ele idealizou na tentativa de conquistar sua amada.<\/p>\n<p>O enredo \u00e9 constru\u00eddo em ritmo crescente, alternando momentos de aparente calmaria com cenas de forte tens\u00e3o. A narrativa em terceira pessoa mergulha na mente de T\u00e9o, revelando gradualmente suas motiva\u00e7\u00f5es e justificativas, o que intensifica o desconforto do leitor e levanta quest\u00f5es sobre limites morais e psicol\u00f3gicos.<\/p>\n<p>A ambienta\u00e7\u00e3o brasileira, somada ao uso de refer\u00eancias culturais locais, refor\u00e7a a autenticidade da obra e aproxima o leitor da realidade dos personagens.<\/p>\n<p><img decoding=\"async\" src=\"https:\/\/www.europesays.com\/pt\/wp-content\/uploads\/2025\/08\/AD_4nXdtGS8qM_FXmrIeOke7QB82MEO6_CYJbHOc6QbAcNQqqawxCNdeMcroZdEyGi_DpWL1gK8l_B81ETiFbm8QMyXMVoTSP08b.jpeg\" alt=\"\"\/><\/p>\n<p>Foto: Divulga\u00e7\u00e3o (Globo)<\/p>\n<p>Psicopatia<\/p>\n<p>O T\u00e9o tem tra\u00e7os de estere\u00f3tipos, mas ele n\u00e3o \u00e9 apenas um. Raphael Montes usa elementos de arqu\u00e9tipos mas molda o T\u00e9o com tanta frieza e sutileza, que ele escapa de ser apenas um vil\u00e3o gen\u00e9rico.<\/p>\n<p>T\u00e9o traz muitos tra\u00e7os que lembram um estere\u00f3tipo de psicopata cl\u00e1ssico: Inteligente, calmo, planejador, frio, sem empatia, manipulador, obcecado por controle e Inofensivo \u00e0 primeira vista.<\/p>\n<p class=\"has-text-align-left\">Mas o livro n\u00e3o para por a\u00ed. Ele n\u00e3o transforma o T\u00e9o num vil\u00e3o ao extremo, mas n\u00e3o o faz \u201cbrilhar\u201d como certos personagens psicopatas da fic\u00e7\u00e3o.<\/p>\n<p class=\"has-text-align-left\"> T\u00e9o representa o homem que v\u00ea mulheres como propriedade, nunca ouve um \u201cn\u00e3o\u201d como resposta e usa sua posi\u00e7\u00e3o social pra escapar das consequ\u00eancias.<\/p>\n<p><strong>Clarice: a mulher que n\u00e3o se curva<\/strong><\/p>\n<p>Em Dias Perfeitos, Clarice n\u00e3o \u00e9 s\u00f3 a mulher que sofre um sequestro. Ela \u00e9, acima de tudo, <strong>a voz que insiste em existir mesmo sob controle extremo<\/strong>. <\/p>\n<p>Ao contr\u00e1rio de muitos estere\u00f3tipos femininos em thrillers psicol\u00f3gicos, ela n\u00e3o \u00e9 submissa, fr\u00e1gil ou passiva. Clarice \u00e9 inteligente, ir\u00f4nica, corajosa, demonstrando uma for\u00e7a enorme em resistir, lutar e tentar manter sua identidade mesmo quando tudo ao redor tenta apag\u00e1-la.<\/p>\n<p>Clarice \u00e9 muito mais do que uma simples v\u00edtima dentro da hist\u00f3ria, ela \u00e9 o cora\u00e7\u00e3o emocional e o contraponto humano fundamental para o horror que o T\u00e9o representa. Ela \u00e9 a representa\u00e7\u00e3o de todas as mulheres que n\u00e3o se encaixam no molde de \u201cperfei\u00e7\u00e3o\u201d imposto por outros e que pagam um pre\u00e7o por isso.\u00a0<\/p>\n<p><strong>Por Ri\u00e2nia Melo<\/strong><br \/>Supervis\u00e3o de Luiz Claudio Ferreira<\/p>\n","protected":false},"excerpt":{"rendered":"O romance Dias Perfeitos, do autor brasileiro Raphael Montes, lan\u00e7ado originalmente em 2014, \u00e9 um livro que mexe&hellip;\n","protected":false},"author":2,"featured_media":29374,"comment_status":"","ping_status":"","sticky":false,"template":"","format":"standard","meta":{"footnotes":""},"categories":[143],"tags":[169,114,115,170,32,33],"class_list":{"0":"post-29373","1":"post","2":"type-post","3":"status-publish","4":"format-standard","5":"has-post-thumbnail","7":"category-livros","8":"tag-books","9":"tag-entertainment","10":"tag-entretenimento","11":"tag-livros","12":"tag-portugal","13":"tag-pt"},"share_on_mastodon":{"url":"","error":""},"_links":{"self":[{"href":"https:\/\/www.europesays.com\/pt\/wp-json\/wp\/v2\/posts\/29373","targetHints":{"allow":["GET"]}}],"collection":[{"href":"https:\/\/www.europesays.com\/pt\/wp-json\/wp\/v2\/posts"}],"about":[{"href":"https:\/\/www.europesays.com\/pt\/wp-json\/wp\/v2\/types\/post"}],"author":[{"embeddable":true,"href":"https:\/\/www.europesays.com\/pt\/wp-json\/wp\/v2\/users\/2"}],"replies":[{"embeddable":true,"href":"https:\/\/www.europesays.com\/pt\/wp-json\/wp\/v2\/comments?post=29373"}],"version-history":[{"count":0,"href":"https:\/\/www.europesays.com\/pt\/wp-json\/wp\/v2\/posts\/29373\/revisions"}],"wp:featuredmedia":[{"embeddable":true,"href":"https:\/\/www.europesays.com\/pt\/wp-json\/wp\/v2\/media\/29374"}],"wp:attachment":[{"href":"https:\/\/www.europesays.com\/pt\/wp-json\/wp\/v2\/media?parent=29373"}],"wp:term":[{"taxonomy":"category","embeddable":true,"href":"https:\/\/www.europesays.com\/pt\/wp-json\/wp\/v2\/categories?post=29373"},{"taxonomy":"post_tag","embeddable":true,"href":"https:\/\/www.europesays.com\/pt\/wp-json\/wp\/v2\/tags?post=29373"}],"curies":[{"name":"wp","href":"https:\/\/api.w.org\/{rel}","templated":true}]}}