{"id":29375,"date":"2025-08-14T18:03:16","date_gmt":"2025-08-14T18:03:16","guid":{"rendered":"https:\/\/www.europesays.com\/pt\/29375\/"},"modified":"2025-08-14T18:03:16","modified_gmt":"2025-08-14T18:03:16","slug":"exclusivo-a-fazenda-alba-e-raptada-e-nem-imagina-por-quem-novelas","status":"publish","type":"post","link":"https:\/\/www.europesays.com\/pt\/29375\/","title":{"rendered":"Exclusivo \u00abA Fazenda\u00bb: Alba \u00e9 raptada e nem imagina por quem &#8211; Novelas"},"content":{"rendered":"<p>Em \u00abA Fazenda\u00bb, todos aguardam expectantes que <a href=\"https:\/\/tvi.iol.pt\/novelas\/videos\/lukenia-se-ele-souber-nunca-mais-me-vai-querer-ver\/674711300cf23ab6553623d2\" rel=\"nofollow noopener\" target=\"_blank\">Ivandro (Vitor Hugo)<\/a>\u00a0d\u00ea not\u00edcias do que combinaram para que ele impe\u00e7a Alba de fazer queixa de <a href=\"https:\/\/tvi.iol.pt\/novelas\/videos\/eva-e-joel-beijam-se-apaixonadamente\/6776a2000cf23e044af75c9b\" rel=\"nofollow noopener\" target=\"_blank\">Eva (Margarida Corceiro)<\/a>\u00a0na pol\u00edcia. <a href=\"https:\/\/tvi.iol.pt\/novelas\/videos\/leonor-esta-fora-de-si-e-exige-a-alba-diz-me-onde-e-que-esta-a-eva-ou-eu-chamo-a-policia\/67d45e150cf216cd3ad3375c\" rel=\"nofollow noopener\" target=\"_blank\">Leonor (Dalila Carmo)<\/a>\u00a0est\u00e1 muito angustiada, seguindo para o quarto. <a href=\"https:\/\/tvi.iol.pt\/novelas\/videos\/para-ele-retirar-a-queixa-tu-prometeste-que-te-afastavas-de-mim\/67924a3a0cf216cd3ad316a6\" rel=\"nofollow noopener\" target=\"_blank\">Gaspar (Nuno Lopes<\/a>) repara e vai atr\u00e1s dela.<\/p>\n<p>\u00a0Leonor admite a Gaspar sentir-se como culpada do que Alba est\u00e1 a fazer por ter sido por causa da morte de Rita que Duarte ficou com problemas. Gaspar conforta-a a dizer que Alba tamb\u00e9m errou por proteger tanto o filho. Gaspar diz a Leonor ter a certeza que Alba vai acabar por cair em si e v\u00e3o voltar a ser irm\u00e3s unidas. Leonor esbo\u00e7a ar pouco confiante.<\/p>\n<p>\u00a0Ivandro prendeu Alba na mercearia, dizendo-lhe que ela n\u00e3o pode fazer queixa de Eva na pol\u00edcia para conseguirem descobrir onde est\u00e1 Duarte. Alba n\u00e3o acredita nele, come\u00e7ando a gritar por ajuda. Ivandro tapa-lhe a boca. Alba debate-se e tenta gritar sem sucesso para ser libertada.\u00a0 Weza olha atrapalhada para Lukenia a perguntar-lhe por que n\u00e3o a informou que ia fechar a venda por causa dessa desratiza\u00e7\u00e3o. <a href=\"https:\/\/tvi.iol.pt\/novelas\/videos\/foi-assim-que-lukenia-soube-que-samuel-e-filho-de-gaspar\/6772bbdc0cf28c51602e4db1\" rel=\"nofollow noopener\" target=\"_blank\">Lukenia (Rita Cruz)<\/a>\u00a0ouve um grito vindo da venda e olha desconfiada para a irm\u00e3, for\u00e7ando a entrada. J\u00falia junta-se a elas.\u00a0 Ivandro controla Alba para ela n\u00e3o fazer barulho, mas Alba morde-lhe a m\u00e3o e Ivandro grita. Lukenia e J\u00falia entram com <a href=\"https:\/\/tvi.iol.pt\/novelas\/videos\/lukenia-e-rude-com-weza-acabaram-os-abusos-e-as-confiancas\/674477710cf2f130c299972e\" rel=\"nofollow noopener\" target=\"_blank\">Weza (Cl\u00e1udia Semedo)<\/a>, olhando at\u00f3nitas para Alba ali amarrada. J\u00falia liberta Alba, perguntando-lhe por que a prenderam ali. Ivandro segreda a Alba se est\u00e1 preparada para contar a J\u00falia que <a href=\"https:\/\/tvi.iol.pt\/novelas\/videos\/vania-e-duarte-roubam-leti\/674711290cf28c51602e3c65\" rel=\"nofollow noopener\" target=\"_blank\">Duarte (Cl\u00e1udio de Castro)<\/a>\u00a0a violou. Alba hesita.<\/p>\n<p>Alba recusa-se a contar a Lukenia e J\u00falia por que Ivandro a prendeu. Lukenia sai irritada a avisar ir descobrir o que todos eles est\u00e3o a esconder.<\/p>\n<p>\u00a0<\/p>\n","protected":false},"excerpt":{"rendered":"Em \u00abA Fazenda\u00bb, todos aguardam expectantes que Ivandro (Vitor Hugo)\u00a0d\u00ea not\u00edcias do que combinaram para que ele impe\u00e7a&hellip;\n","protected":false},"author":2,"featured_media":29376,"comment_status":"","ping_status":"","sticky":false,"template":"","format":"standard","meta":{"footnotes":"","_share_on_mastodon":"0"},"categories":[142],"tags":[657,658,160,166,114,115,157,167,6097,164,2413,2411,161,158,165,159,32,33,156,655,163,151,162,6094],"class_list":["post-29375","post","type-post","status-publish","format-standard","has-post-thumbnail","category-tv","tag-a-fazenda","tag-alba","tag-ana-guiomar","tag-cristina-ferreira","tag-entertainment","tag-entretenimento","tag-festa-e-festa","tag-ficcao","tag-ivandro","tag-jose-fidalgo","tag-julia","tag-kelly-bailey","tag-novelas","tag-para-sempre","tag-pedro-sousa","tag-pedro-teixeira","tag-portugal","tag-pt","tag-queridos-papas","tag-sao-jose-correia","tag-tiago-teotonio-pereira","tag-tv","tag-tvi","tag-vitor-hugo"],"share_on_mastodon":{"url":"","error":""},"_links":{"self":[{"href":"https:\/\/www.europesays.com\/pt\/wp-json\/wp\/v2\/posts\/29375","targetHints":{"allow":["GET"]}}],"collection":[{"href":"https:\/\/www.europesays.com\/pt\/wp-json\/wp\/v2\/posts"}],"about":[{"href":"https:\/\/www.europesays.com\/pt\/wp-json\/wp\/v2\/types\/post"}],"author":[{"embeddable":true,"href":"https:\/\/www.europesays.com\/pt\/wp-json\/wp\/v2\/users\/2"}],"replies":[{"embeddable":true,"href":"https:\/\/www.europesays.com\/pt\/wp-json\/wp\/v2\/comments?post=29375"}],"version-history":[{"count":0,"href":"https:\/\/www.europesays.com\/pt\/wp-json\/wp\/v2\/posts\/29375\/revisions"}],"wp:featuredmedia":[{"embeddable":true,"href":"https:\/\/www.europesays.com\/pt\/wp-json\/wp\/v2\/media\/29376"}],"wp:attachment":[{"href":"https:\/\/www.europesays.com\/pt\/wp-json\/wp\/v2\/media?parent=29375"}],"wp:term":[{"taxonomy":"category","embeddable":true,"href":"https:\/\/www.europesays.com\/pt\/wp-json\/wp\/v2\/categories?post=29375"},{"taxonomy":"post_tag","embeddable":true,"href":"https:\/\/www.europesays.com\/pt\/wp-json\/wp\/v2\/tags?post=29375"}],"curies":[{"name":"wp","href":"https:\/\/api.w.org\/{rel}","templated":true}]}}