{"id":294292,"date":"2026-03-06T21:39:17","date_gmt":"2026-03-06T21:39:17","guid":{"rendered":"https:\/\/www.europesays.com\/pt\/294292\/"},"modified":"2026-03-06T21:39:17","modified_gmt":"2026-03-06T21:39:17","slug":"por-todos-os-meios-hungria-quer-retomar-abastecimento-de-petroleo-russo","status":"publish","type":"post","link":"https:\/\/www.europesays.com\/pt\/294292\/","title":{"rendered":"Por &#8220;todos os meios&#8221;. Hungria quer retomar abastecimento de petr\u00f3leo russo"},"content":{"rendered":"<p>                A Hungria utilizar\u00e1 &#8220;todas as medidas e todos os meios&#8221; ao seu dispor para obter a retoma do abastecimento de petr\u00f3leo russo atrav\u00e9s da Ucr\u00e2nia, declarou esta sexta-feira Viktor Orb\u00e1n em entrevista \u00e0 r\u00e1dio do seu pa\u00eds.<br \/>\n          <img decoding=\"async\" itemprop=\"image\" class=\"img-fluid\"   src=\"https:\/\/www.europesays.com\/pt\/wp-content\/uploads\/2026\/03\/0c70855d9c82ff166ae739ca3b608641_N.jpg\"\/><\/p>\n<p>\n&#8220;<b>Vamos suspender o tr\u00e2nsito de mercadorias importantes para a Ucr\u00e2nia atrav\u00e9s da Hungria at\u00e9 recebermos a aprova\u00e7\u00e3o da Ucr\u00e2nia para o fornecimento de petr\u00f3leo<\/b>&#8220;, acrescentou o primeiro-ministro h\u00fangaro.\u00a0<\/p>\n<p>Na quinta-feira \u00e0 noite, o <b>Governo ucraniano acusou a Hungria de manter sete funcion\u00e1rios de um banco ucraniano como &#8220;ref\u00e9ns&#8221;<\/b>, acusando-os de transportar &#8220;35 milh\u00f5es de euros e nove quilos de ouro&#8221; da \u00c1ustria atrav\u00e9s da Hungria.<\/p>\n<p>As rela\u00e7\u00f5es entre a Hungria e a Ucr\u00e2nia, j\u00e1 tensas h\u00e1 v\u00e1rios anos, t\u00eam-se deteriorado ainda mais nos \u00faltimA Hungria \u00e9 membro da Uni\u00e3o Europeia e da NATO, mas &#13;<br \/>\ntem refor\u00e7ado os seus la\u00e7os com Moscovo desde a invas\u00e3o russa da Ucr\u00e2nia&#13;<br \/>\nem 2022. os meses, enquanto Viktor Orb\u00e1n faz campanha para a reelei\u00e7\u00e3o, com elei\u00e7\u00f5es parlamentares marcadas para abril.<\/p>\n<p>O pa\u00eds alega, em privado, querer defender a minoria h\u00fangara na Ucr\u00e2nia.<\/p>\n<p>&#13;<br \/>\n<b>Viktor Orb\u00e1n acusa o presidente ucraniano, Volodymyr Zelensky, de utilizar argumentos falaciosos para atrasar a retoma do fornecimento de petr\u00f3leo russo pelo oleoduto Druzhba<\/b>, cujo tro\u00e7o que atravessa a Ucr\u00e2nia foi danificado por um ataque a\u00e9reo russo em janeiro.&#13;\n<\/p>\n<p>&#13;<br \/>\nOrb\u00e1n afirmou que Budapeste obrigaria a Ucr\u00e2nia, com &#8220;instrumentos pol\u00edticos e financeiros&#8221;, a reabrir o oleoduto Druzhba, que transporta petr\u00f3leo russo para as refinarias h\u00fangaras. <br \/>&#13;\n<\/p>\n<p>\nBudapeste est\u00e1 j\u00e1 a bloquear o empr\u00e9stimo de 90 mil milh\u00f5es de euros da Uni\u00e3o Europeia \u00e0 Ucr\u00e2nia e a ado\u00e7\u00e3o de um novo pacote de san\u00e7\u00f5es contra a R\u00fassia.Ucr\u00e2nia exige liberta\u00e7\u00e3o dos banc\u00e1rios <br \/>\nO ministro dos Neg\u00f3cios Estrangeiros da Ucr\u00e2nia, Andrii Sybiha, acusou a Hungria de deter sete funcion\u00e1rios do banco estatal ucraniano de poupan\u00e7a, ap\u00f3s uma nova troca de farpas entre os l\u00edderes dos dois pa\u00edses.O presidente ucraniano j\u00e1 tinha admoestado o primeiro-ministro h\u00fangaro por bloquear um pacote de ajuda europeia. <\/p>\n<p>O ministro ucraniano escreveu na rede social X que os funcion\u00e1rios do Oshchadbank estavam a transportar dinheiro da \u00c1ustria de volta \u00e0 Ucr\u00e2nia, atrav\u00e9s da Hungria, quando foram detidos e que, para j\u00e1, o paradeiro era desconhecido. <\/p>\n<blockquote class=\"twitter-tweet\"><p>&#13;<\/p>\n<p dir=\"ltr\" lang=\"en\">&#13;<br \/>\n\tToday in Budapest, Hungarian authorities took seven Ukrainian citizens hostage. The reasons are still unknown, as well as their current well-being, or the possibility of contacting them.<\/p>\n<p>These seven Ukrainians are employees of state-owned Oschadbank, who were operating two bank\u2026&#13;\n\t<\/p>\n<p>&#13;<br \/>\n\t\u2014 Andrii Sybiha \ud83c\uddfa\ud83c\udde6 (@andrii_sybiha) <a href=\"https:\/\/twitter.com\/andrii_sybiha\/status\/2029687554568593623?ref_src=twsrc%5Etfw\" rel=\"nofollow noopener\" target=\"_blank\">March 5, 2026<\/a>&#13;\n<\/p><\/blockquote>\n<p>\n&#8220;<b>Na verdade, estamos a falar da Hungria a fazer ref\u00e9ns e a roubar dinheiro<\/b>&#8220;, escreveu Sybiha. &#8220;<b>Se esta \u00e9 a for\u00e7a anunciada pelo senhor Orb\u00e1n, ent\u00e3o esta \u00e9 a for\u00e7a de um gangue criminoso<\/b>. Isto \u00e9 terrorismo de Estado e extors\u00e3o&#8221;.<\/p>\n<p>Andrii Sybiha acrescentou que a Ucr\u00e2nia enviou uma nota oficial exigindo a liberta\u00e7\u00e3o imediata dos seus cidad\u00e3os e iria pedir \u00e0 Uni\u00e3o Europeia que &#8220;fornecesse uma qualifica\u00e7\u00e3o clara das a\u00e7\u00f5es ilegais da Hungria&#8221;.<\/p>\n<p>O <b>Oshchadbank afirmou que um sinal de GPS mostrava que os carros estavam perto de um edif\u00edcio dos servi\u00e7os de seguran\u00e7a h\u00fangaros em Budapeste<\/b>. O comunicado referia que os funcion\u00e1rios transportavam 35 milh\u00f5es de euros e nove quilos de ouro.<\/p>\n<p>Al\u00e9m disso, o banco estatal ucraniano que a opera\u00e7\u00e3o decorria &#8220;em conformidade com as normas internacionais de transporte e os procedimentos alfandeg\u00e1rios europeus aplic\u00e1veis&#8221;.<br \/>&#13;<br \/>\nTens\u00e3o prolongada entre Kiev e Budapeste <br \/>&#13;<br \/>\nA tens\u00e3o entre os dois l\u00edderes tem sido elevada durante os quatro anos de guerra da R\u00fassia contra a Ucr\u00e2nia, com Orb\u00e1n a manter uma postura firmemente anti intervencionista. A Hungria, membro da Uni\u00e3o Europeia, mant\u00e9m rela\u00e7\u00f5es cordiais com Moscovo.<br \/>&#13;<br \/>\n<b><br \/>&#13;<br \/>\n&#8220;Esperamos que uma certa pessoa na UE n\u00e3o continue a bloquear os 90 mil milh\u00f5es&#8230; e que os soldados ucranianos tenham armas&#8221;, afifomou Zelensky aos jornalistas em Kiev. <\/b><\/p>\n<p>          <img decoding=\"async\" itemprop=\"image\" class=\"img-fluid\"   src=\"https:\/\/www.europesays.com\/pt\/wp-content\/uploads\/2026\/03\/5dbebc678ee63a5cd88ed8f5f5953cb5_N.jpg\"\/><\/p>\n<p>\n&#8220;Caso contr\u00e1rio, daremos o endere\u00e7o dessa pessoa \u00e0s nossas For\u00e7as Armadas, aos nossos soldados. Que lhe telefonem, falem com ele na sua pr\u00f3pria l\u00edngua&#8221;.A Ur\u00e2nia depende da ajuda financeira dos parceiros &#13;<br \/>\npara cobrir as suas necessidades or\u00e7amentais, ao mesmo tempo que atribui&#13;<br \/>\na maior parte dos fundos estatais \u00e0 defesa.<\/p>\n<p><b>O veto da Hungria ao pacote de ajuda, bem como as novas san\u00e7\u00f5es da Uni\u00e3o Europeia contra a R\u00fassia, foram uma resposta ao que o pa\u00eds alega ter sido um corte deliberado no fornecimento de crude russo pelo oleoduto Druzhba, que transporta crude para a Europa.<\/b><\/p>\n<p>Kiev afirma que o fluxo de petr\u00f3leo foi interrompido ap\u00f3s um ataque russo \u00e0s infraestruturas do oleoduto em janeiro e que est\u00e1 a trabalhar para reparar os danos o mais rapidamente poss\u00edvel. Zelensky afirmou na quinta-feira que o oleoduto, da era sovi\u00e9tica, poder\u00e1 estar operacional dentro de um m\u00eas e meio.A Hungria e a Eslov\u00e1quia, os \u00fanicos pa\u00edses da Uni\u00e3o Europeia que ainda &#13;<br \/>\nimportam petr\u00f3leo russo, acusam a Ucr\u00e2nia de atrasar deliberadamente a &#13;<br \/>\nretoma do fluxo de petr\u00f3leo por raz\u00f5es pol\u00edticas.<\/p>\n<p><b>Orb\u00e1n, referindo-se \u00e0 disputa sobre o oleoduto, afirmou numa confer\u00eancia em Budapeste que, &#8220;gostaria de deixar claro que venceremos, e venceremos com for\u00e7a&#8221;. <\/b><\/p>\n<p>&#8220;N\u00e3o temos for\u00e7a militar para isso, posso garantir a todos que isso n\u00e3o faz parte dos nossos planos. Mas temos ferramentas pol\u00edticas e financeiras&#8221;, sublinhou o primeiro-ministro h\u00fangaro, que enfrenta elei\u00e7\u00f5es a 12 de abril e fez da guerra um ponto central da sua campanha.<\/p>\n<p><b>Zelensky, em declara\u00e7\u00f5es posteriores repletas de sarcasmo, disse que a Ucr\u00e2nia enfrentava ataques mortais da R\u00fassia &#8220;e n\u00f3s dev\u00edamos dar petr\u00f3leo ao pobre Orb\u00e1n, porque sem ele n\u00e3o ganharia as elei\u00e7\u00f5es?&#8221;.<\/b><\/p>\n<p>&#13;<br \/>\nApesar de estar em desvantagem num\u00e9rica e de armamento, o ex\u00e9rcito de Kiev retomou territ\u00f3rio nas \u00faltimas semanas, conquistando mais em fevereiro do que perdeu pela primeira vez desde 2023, de acordo com a equipa de an\u00e1lise Black Bird Group, sediada na Finl\u00e2ndia.&#13;<br \/>\nAs tropas ucranianas est\u00e3o a repelir os intensos &#13;<br \/>\nataques russos ao longo de v\u00e1rios tro\u00e7os da linha da frente de 1.200 &#13;<br \/>\nquil\u00f3metros, enquanto Kiev enfrenta a press\u00e3o dos EUA para garantir a &#13;<br \/>\npaz, resistindo \u00e0s exig\u00eancias russas de ceder territ\u00f3rio.&#13;\n<\/p>\n<p>&#13;<br \/>\n<b>Os ministros europeus dos Neg\u00f3cios Estrangeiros n\u00e3o conseguiram, este m\u00eas, persuadir Budapeste a n\u00e3o punir a Ucr\u00e2nia pelos atrasos na retoma do oleoduto, que tamb\u00e9m abastece a Eslov\u00e1quia, pa\u00eds que faz fronteira com a Ucr\u00e2nia.<\/b>&#13;\n<\/p>\n<p>&#13;<br \/>\nA Eslov\u00e1quia, cujo primeiro-ministro, Robert Fico, tamb\u00e9m simpatiza com o Kremlin, afirmou que recusar\u00e1 os pedidos de Kiev para o fornecimento de eletricidade de emerg\u00eancia at\u00e9 que o fluxo de petr\u00f3leo seja retomado.&#13;\n<\/p>\n<p>&#13;<br \/>\nc\/ ag\u00eancias\u00a0&#13;\n<\/p>\n<p>            <script async src=\"https:\/\/platform.twitter.com\/widgets.js\" charset=\"utf-8\"><\/script><\/p>\n","protected":false},"excerpt":{"rendered":"A Hungria utilizar\u00e1 &#8220;todas as medidas e todos os meios&#8221; ao seu dispor para obter a retoma do&hellip;\n","protected":false},"author":2,"featured_media":294293,"comment_status":"","ping_status":"","sticky":false,"template":"","format":"standard","meta":{"footnotes":"","_share_on_mastodon":"0"},"categories":[8],"tags":[27,28,25181,15,16,14,1991,4167,25,26,21,22,12,13,19,20,6153,32,23,24,33,17,18,840,29,30,31,1992,2416],"class_list":["post-294292","post","type-post","status-publish","format-standard","has-post-thumbnail","category-principais-noticias","tag-breaking-news","tag-breakingnews","tag-budapeste","tag-featured-news","tag-featurednews","tag-headlines","tag-hungria","tag-kiev","tag-latest-news","tag-latestnews","tag-main-news","tag-mainnews","tag-news","tag-noticias","tag-noticias-principais","tag-noticiasprincipais","tag-petroleo","tag-portugal","tag-principais-noticias","tag-principaisnoticias","tag-pt","tag-top-stories","tag-topstories","tag-ucrania","tag-ultimas","tag-ultimas-noticias","tag-ultimasnoticias","tag-viktor-orban","tag-volodymyr-zelensky"],"share_on_mastodon":{"url":"https:\/\/pubeurope.com\/@pt\/116184401011515963","error":""},"_links":{"self":[{"href":"https:\/\/www.europesays.com\/pt\/wp-json\/wp\/v2\/posts\/294292","targetHints":{"allow":["GET"]}}],"collection":[{"href":"https:\/\/www.europesays.com\/pt\/wp-json\/wp\/v2\/posts"}],"about":[{"href":"https:\/\/www.europesays.com\/pt\/wp-json\/wp\/v2\/types\/post"}],"author":[{"embeddable":true,"href":"https:\/\/www.europesays.com\/pt\/wp-json\/wp\/v2\/users\/2"}],"replies":[{"embeddable":true,"href":"https:\/\/www.europesays.com\/pt\/wp-json\/wp\/v2\/comments?post=294292"}],"version-history":[{"count":0,"href":"https:\/\/www.europesays.com\/pt\/wp-json\/wp\/v2\/posts\/294292\/revisions"}],"wp:featuredmedia":[{"embeddable":true,"href":"https:\/\/www.europesays.com\/pt\/wp-json\/wp\/v2\/media\/294293"}],"wp:attachment":[{"href":"https:\/\/www.europesays.com\/pt\/wp-json\/wp\/v2\/media?parent=294292"}],"wp:term":[{"taxonomy":"category","embeddable":true,"href":"https:\/\/www.europesays.com\/pt\/wp-json\/wp\/v2\/categories?post=294292"},{"taxonomy":"post_tag","embeddable":true,"href":"https:\/\/www.europesays.com\/pt\/wp-json\/wp\/v2\/tags?post=294292"}],"curies":[{"name":"wp","href":"https:\/\/api.w.org\/{rel}","templated":true}]}}