{"id":294745,"date":"2026-03-07T04:03:10","date_gmt":"2026-03-07T04:03:10","guid":{"rendered":"https:\/\/www.europesays.com\/pt\/294745\/"},"modified":"2026-03-07T04:03:10","modified_gmt":"2026-03-07T04:03:10","slug":"daniel-radcliffe-reage-ao-seu-teste-para-a-saga-harry-potter-e-tao-ruim","status":"publish","type":"post","link":"https:\/\/www.europesays.com\/pt\/294745\/","title":{"rendered":"Daniel Radcliffe reage ao seu teste para a saga Harry Potter: &#8220;\u00c9 t\u00e3o ruim&#8221;"},"content":{"rendered":"<p class=\"wp-block-yoast-seo-estimated-reading-time yoast-reading-time__wrapper\">Estimated reading time: 2 minutos<\/p>\n<p>Enquanto embarca em projetos paralelos para os cinemas e nos palcos da Broadway, em recente apari\u00e7\u00e3o, <a href=\"https:\/\/ovicio.com.br\/tag\/daniel-radcliffe\" target=\"_blank\" rel=\"noreferrer noopener nofollow\">Daniel Radcliffe<\/a> fica constrangido ao se deparar com seu teste para a saga <a href=\"https:\/\/ovicio.com.br\/serie\/harry-potter\" target=\"_blank\" rel=\"noreferrer noopener nofollow\">Harry Potter<\/a>.<\/p>\n<p>Durante uma participa\u00e7\u00e3o no programa The View, as apresentadoras obrigaram o astro a rever sua audi\u00e7\u00e3o para os filmes, dizendo ter se sa\u00eddo <strong>&#8220;ruim&#8221; <\/strong>no teste, embora reconhe\u00e7a ter sido uma &#8220;crian\u00e7a fofa&#8221;.<\/p>\n<p><strong>Sunny Hostin,<\/strong> apresentadora do programa, elogiou<strong> Radcliffe<\/strong>, dizendo: <strong>&#8220;Isso \u00e9 muito bom!&#8221;,<\/strong> seguido da rea\u00e7\u00e3o do astro: <strong>&#8220;Discordo, mas muito obrigado. Agora posso olhar para isso e pensar: &#8216;Que fofo.'&#8221;<\/strong><\/p>\n<p>Veja o momento na entrevista logo abaixo, a partir de 6:40:<\/p>\n<p><strong>Daniel <\/strong>j\u00e1 est\u00e1 a par do desenvolvimento ativo do reboot de <strong>Harry Potter <\/strong>para a <a href=\"https:\/\/ovicio.com.br\/tag\/hbo\" target=\"_blank\" rel=\"noreferrer noopener nofollow\">HBO<\/a>, expressando v\u00e1rias vezes estar empolgado para assistir \u00e0 pr\u00f3xima gera\u00e7\u00e3o de atores que ir\u00e1 assumir a atemporal saga.<\/p>\n<p>As filmagens da s\u00e9rie continuam em andamento no Reino Unido desde o ano passado, com os trabalhos focando atualmente em adaptar os eventos do primeiro livro, <strong>A Pedra Filosofal<\/strong>, ao longo de 8 epis\u00f3dios.<\/p>\n<p>O lan\u00e7amento da nova releitura para a <a href=\"https:\/\/ovicio.com.br\/tag\/hbo-max\" target=\"_blank\" rel=\"noreferrer noopener nofollow\">HBO Max<\/a> estrear\u00e1 em algum momento do primeiro semestre de 2027, enquanto a vencedora do Emmy, <strong>Francesca Gardinier<\/strong> (Succession), \u00e9 creditada como showrunner.<\/p>\n<p>Leia mais sobre Harry Potter e Daniel Radcliffe:<\/p>\n<p>Todos os filmes da saga <strong>Harry Potter<\/strong> est\u00e3o dispon\u00edveis no cat\u00e1logo da <strong>HBO Max.<\/strong><\/p>\n<p><strong>Fonte:<\/strong> <a href=\"https:\/\/www.youtube.com\/watch?v=ZtaZHqZtEt4\" target=\"_blank\" rel=\"noreferrer noopener nofollow\">The View<\/a>.<\/p>\n","protected":false},"excerpt":{"rendered":"Estimated reading time: 2 minutos Enquanto embarca em projetos paralelos para os cinemas e nos palcos da Broadway,&hellip;\n","protected":false},"author":2,"featured_media":294746,"comment_status":"","ping_status":"","sticky":false,"template":"","format":"standard","meta":{"footnotes":"","_share_on_mastodon":"0"},"categories":[140],"tags":[15628,114,115,147,148,700,1626,1583,146,32,33],"class_list":["post-294745","post","type-post","status-publish","format-standard","has-post-thumbnail","category-filmes","tag-daniel-radcliffe","tag-entertainment","tag-entretenimento","tag-film","tag-filmes","tag-harry-potter","tag-hbo","tag-hbo-max","tag-movies","tag-portugal","tag-pt"],"share_on_mastodon":{"url":"https:\/\/pubeurope.com\/@pt\/116185910752874827","error":""},"_links":{"self":[{"href":"https:\/\/www.europesays.com\/pt\/wp-json\/wp\/v2\/posts\/294745","targetHints":{"allow":["GET"]}}],"collection":[{"href":"https:\/\/www.europesays.com\/pt\/wp-json\/wp\/v2\/posts"}],"about":[{"href":"https:\/\/www.europesays.com\/pt\/wp-json\/wp\/v2\/types\/post"}],"author":[{"embeddable":true,"href":"https:\/\/www.europesays.com\/pt\/wp-json\/wp\/v2\/users\/2"}],"replies":[{"embeddable":true,"href":"https:\/\/www.europesays.com\/pt\/wp-json\/wp\/v2\/comments?post=294745"}],"version-history":[{"count":0,"href":"https:\/\/www.europesays.com\/pt\/wp-json\/wp\/v2\/posts\/294745\/revisions"}],"wp:featuredmedia":[{"embeddable":true,"href":"https:\/\/www.europesays.com\/pt\/wp-json\/wp\/v2\/media\/294746"}],"wp:attachment":[{"href":"https:\/\/www.europesays.com\/pt\/wp-json\/wp\/v2\/media?parent=294745"}],"wp:term":[{"taxonomy":"category","embeddable":true,"href":"https:\/\/www.europesays.com\/pt\/wp-json\/wp\/v2\/categories?post=294745"},{"taxonomy":"post_tag","embeddable":true,"href":"https:\/\/www.europesays.com\/pt\/wp-json\/wp\/v2\/tags?post=294745"}],"curies":[{"name":"wp","href":"https:\/\/api.w.org\/{rel}","templated":true}]}}