{"id":294829,"date":"2026-03-07T05:42:12","date_gmt":"2026-03-07T05:42:12","guid":{"rendered":"https:\/\/www.europesays.com\/pt\/294829\/"},"modified":"2026-03-07T05:42:12","modified_gmt":"2026-03-07T05:42:12","slug":"antonella-bassani-chega-a-tv-globo-e-estreia-no-grid-da-globo-nesta-sexta-feira-radio-rural","status":"publish","type":"post","link":"https:\/\/www.europesays.com\/pt\/294829\/","title":{"rendered":"Antonella Bassani chega \u00e0 TV Globo e estreia no \u201cGrid da Globo\u201d nesta sexta-feira &#8211; R\u00e1dio Rural"},"content":{"rendered":"<ol>\n<li><a href=\"https:\/\/news.google.com\/rss\/articles\/CBMi0gFBVV95cUxPLUlmS2h0aEJaYXV0NkNVVlBWbEFjNFBJMnJUajgxVTRHMHdZaEdwWktFanRzdkdFUnN4Ukt6VHFERHo3bnBGQTllT29VWE8tN1pmei10R3N2TkVOVHVMdGFJWWN5UnNMWDlLVmIwWG5lSy1UZllGbldIZjNjSERabUhUNlhFUkhmTTczRDR6RUVJczBpMVJBcTVWblBqSEczS1pxbk1ad3NSYVplbmQyQ0JLdlJXa1M4N0VKQjVtUVdkOHhORlN3TjM2QjRYMThyaVE?oc=5\" target=\"_blank\" rel=\"nofollow noopener\">Antonella Bassani chega \u00e0 TV Globo e estreia no \u201cGrid da Globo\u201d nesta sexta-feira<\/a>&nbsp;&nbsp;R\u00e1dio Rural<\/li>\n<li><a href=\"https:\/\/news.google.com\/rss\/articles\/CBMi1AFBVV95cUxOdEtBSTlTbTRDMEd0UXBCU29rdmZwemFPLUV6cHdRQUVrSnB6eWFZSFk5b3htVmttandnMjNYQUdncTF1WVVYSmFreXZ5R1MtU2xBNGk1WUxVQTFvdEViN0VTQTZ6ZjZoX1pIbTgtTHNWMGUtTE5OTy1BeUNIdVIxcExhbG94ZWE0R0xKUWNNdkpURDBCb2lhRUZxSVhHaUNBeVNVYzBQRUltX0lfa1pnYXdwQnVLQjFYT2VXeHl1UU95Y1QzajdjLU8wLTB6NkNHMkI4ZNIB2gFBVV95cUxOcG5NM192S1BmUEs2VHBDNURyNU9YS2o0cUp3ZmJoaDhQZEl4Zm9qcWdtV2EwTEpKc1ViR3I0QVAxZ1VreVBrVWl0VThVZ0s4ODNIQW11dzBXM2JNb3p2V29CZUg0WGp6Y0JhNHk0bF8wV1FlU3dfWHFOaEFBaXp3TlNENlNzM2N0NVhKRnBTRUctdkFqQXVHdFlxTnNabER2Njh4MHRrTDBxbVF0cDYxQmRweHFnam16enFYbDNMZWRXRjdVeGRoR1NrNnFtalNkUHFVRGpVUjQ3dw?oc=5\" target=\"_blank\" rel=\"nofollow noopener\">Fora das novelas, Caio Castro volta \u00e0 Globo e assume nova fun\u00e7\u00e3o<\/a>&nbsp;&nbsp;Correio Braziliense<\/li>\n<li><a href=\"https:\/\/news.google.com\/rss\/articles\/CBMi6gFBVV95cUxOaGY5a3lISlE2VmVQRUotUDRSYXlyWlN0SFZNcEU5a2otUk9GRmdYN0pZb3JSTlZUVVRXd0tKZDkxS1lUQTdKRW5oV2VZb0dQZm9CYVJILVVkSGNOb1ZTd0JJNmZFbWxBX0RidDc1TTNfUkpEQWZlM0M2NVlMU3A4eGFILVNYbWE3cW9lUDlYNkVtQ0tqUWlEc2NMdGowUndRSkwtanB0aHZreEhnZVFRNVFDaURRcWlfb1hvR2RIX2F1aEY1dlpuS0pIVmI0UzluaDRzVzR2bmt5TklXSzJyelZTcFV1eFFXQ1HSAfgBQVVfeXFMTVc3Y0xTMGhwTEFaSExBSUFkU1J6M2Jmb1dXcE9nd0xiRjhxamJrUlFaNFZtLU5sNmZWVjVwZEFLZzg2S3VVeEY5N2hqNFJEQ2RzTVNDYjNPTzFVdkZxMG1ZTUhXYm1wVUpwcHRIMzNFUU1jb3FxbzVFQmp1TlM2T0Q4QlFwc1FPbXlLVGpsd2RxWUh4STZRcEtEQjB0OVVwUkQ4RTNBY2ZfeEQwTWFhX2hWZUFjeDIwN2xIbnBTYW1mR1hpXzZtYms0aDhJN0lXak5RMnZfSVQ0VTNRbFdQZGRfVDRYQTZZRWxsM0FhLWxFOVM4ZHMyWUw?oc=5\" target=\"_blank\" rel=\"nofollow noopener\">Caio Castro comenta decis\u00e3o de deixar carreira de ator para virar piloto: &#8216;Preparando para isso h\u00e1 18 anos&#8217;<\/a>&nbsp;&nbsp;Globo<\/li>\n<li><a href=\"https:\/\/news.google.com\/rss\/articles\/CBMiwgFBVV95cUxPSjJrT3ZNTjAwMng4cXdTdWFUdHZyMTBqOUNKMXRRaDhMY3c4QkVCRHlSMU1HME5KZlhmNmFBeTd5dVdiUnViMjE1cVlmbFExRmowSk1tOVJRQlRmVnNXZi1zT0Z3OHdIZUcxUElkUUhyT1ItU1pZVkYtZkJRMzNtb3g5cHlVdm4xN2NTeG42WjJXVHVWYW5uNTAzaENKTGRETFpDLUdOeS16MFYzMGJmNHd0S1Vnd1hDN0ptVUxmVkZiQdIBxwFBVV95cUxOdjFZVHZQUHAxdzV1UGdncU1vdjlEOG5QcFdYZ1ZMeEl6WHB2alNrNkI4bnU1UExocFYtZzk1blp5SVAyWU5xQW4tVGZJR3RDWlZ5c2hfYmRKMlRwa0MxbDg2c1VsSnV3dkFoR2daV1BPUmdBXzBTd2dqOEhOcnpMX1VJR09OcC1kQjBiX0VlcEpHa2UybWl5V0V6cldCUTg2RWdXMVR4NGpkVzg5SmxfcXRONTRsWWNMTUF4T0ZXZ2hmd1pCOW9z?oc=5\" target=\"_blank\" rel=\"nofollow noopener\">Caio Castro ser\u00e1 um dos comentaristas do programa \u2018Grid da Globo\u2019 na cobertura da F\u00f3rmula 1 em 2026<\/a>&nbsp;&nbsp;Portal Leo Dias<\/li>\n<li><a href=\"https:\/\/news.google.com\/rss\/articles\/CBMiqgFBVV95cUxPSHIxc2dlZm5RSFJMSjY3aTU4Qi1ma1pCQ0RNbG5pOFJDekxqRzZidUs4alV2UmJlOGpRT2x0QVItMFhNbFIwUy1leDlsaUhYRzlZX0dlT254TF9aMjkxLW5QN0RHb2FNM0lkbnQxWjJBWHhrVjR5UElaNnpfS2lzZjRYNzJMaWUweXFLTlVNdmZiYWhScFBTU3JNSGVpeldOV2d2RHJ6TVZJUdIBrwFBVV95cUxNMS1hR180NjM0RjhsVHBpMXhsRUJpLWs1NVplYXotT3RLaDktZVc0d3BqNzhQaWRNcHNNcnZxcXFQcTFRcVJpZ0E0V2M4T3NwZnV4VU1RR0JLLTY2NW5hYjZTUUJlRlotaXJpZjF3UzBwTjVnQ1RORzNGWUU1QUw4blpXVnBRSjF3WnNXS1BFRlNyQ2pnZ0tYN0MtMy05MnNrV3ZXaDljYndJZHQ3dWNz?oc=5\" target=\"_blank\" rel=\"nofollow noopener\">Caio Castro volta \u00e0 Globo e ganha nova fun\u00e7\u00e3o<\/a>&nbsp;&nbsp;NaTelinha<\/li>\n<\/ol>\n","protected":false},"excerpt":{"rendered":"Antonella Bassani chega \u00e0 TV Globo e estreia no \u201cGrid da Globo\u201d nesta sexta-feira&nbsp;&nbsp;R\u00e1dio Rural Fora das novelas,&hellip;\n","protected":false},"author":2,"featured_media":294830,"comment_status":"","ping_status":"","sticky":false,"template":"","format":"standard","meta":{"footnotes":"","_share_on_mastodon":"0"},"categories":[141],"tags":[562,726,2733,2731,476,539,2258,114,115,1062,986,2732,149,150,1086,52,32,33,3551,117],"class_list":["post-294829","post","type-post","status-publish","format-standard","has-post-thumbnail","category-musica","tag-agricultura","tag-brasil","tag-carnaval","tag-dicas-do-dia","tag-economia","tag-educacao","tag-eleicoes","tag-entertainment","tag-entretenimento","tag-esportes","tag-estado","tag-geral","tag-music","tag-musica","tag-policia","tag-politica","tag-portugal","tag-pt","tag-regiao","tag-saude"],"share_on_mastodon":{"url":"https:\/\/pubeurope.com\/@pt\/116186300130888605","error":""},"_links":{"self":[{"href":"https:\/\/www.europesays.com\/pt\/wp-json\/wp\/v2\/posts\/294829","targetHints":{"allow":["GET"]}}],"collection":[{"href":"https:\/\/www.europesays.com\/pt\/wp-json\/wp\/v2\/posts"}],"about":[{"href":"https:\/\/www.europesays.com\/pt\/wp-json\/wp\/v2\/types\/post"}],"author":[{"embeddable":true,"href":"https:\/\/www.europesays.com\/pt\/wp-json\/wp\/v2\/users\/2"}],"replies":[{"embeddable":true,"href":"https:\/\/www.europesays.com\/pt\/wp-json\/wp\/v2\/comments?post=294829"}],"version-history":[{"count":0,"href":"https:\/\/www.europesays.com\/pt\/wp-json\/wp\/v2\/posts\/294829\/revisions"}],"wp:featuredmedia":[{"embeddable":true,"href":"https:\/\/www.europesays.com\/pt\/wp-json\/wp\/v2\/media\/294830"}],"wp:attachment":[{"href":"https:\/\/www.europesays.com\/pt\/wp-json\/wp\/v2\/media?parent=294829"}],"wp:term":[{"taxonomy":"category","embeddable":true,"href":"https:\/\/www.europesays.com\/pt\/wp-json\/wp\/v2\/categories?post=294829"},{"taxonomy":"post_tag","embeddable":true,"href":"https:\/\/www.europesays.com\/pt\/wp-json\/wp\/v2\/tags?post=294829"}],"curies":[{"name":"wp","href":"https:\/\/api.w.org\/{rel}","templated":true}]}}