{"id":294978,"date":"2026-03-07T09:41:25","date_gmt":"2026-03-07T09:41:25","guid":{"rendered":"https:\/\/www.europesays.com\/pt\/294978\/"},"modified":"2026-03-07T09:41:25","modified_gmt":"2026-03-07T09:41:25","slug":"nelson-fernandes-e-solange-tavares-vao-ser-pais-pela-primeira-vez","status":"publish","type":"post","link":"https:\/\/www.europesays.com\/pt\/294978\/","title":{"rendered":"Nelson Fernandes e Solange Tavares v\u00e3o ser pais pela primeira vez?"},"content":{"rendered":"<p>Solange Tavares e Nelson Fernandes participaram em edi\u00e7\u00f5es distintas do &#8220;<a href=\"https:\/\/tvi.iol.pt\/bigbrother\/\" target=\"_blank\" rel=\"nofollow noopener\">Big Brother<\/a>&#8221; &#8211; ela na temporada de 2025 e ele na de 2024 &#8211; mas apaixonaram-se e est\u00e3o noivos, estando o casamento programado para o pr\u00f3ximo ano.<\/p>\n<p>Ter um filho est\u00e1 nos objetivos de ambos, conforme os pr\u00f3prios revelam em declara\u00e7\u00f5es exclusivas \u00e0 SELFIE. &#8220;Ser pais \u00e9, sem d\u00favida, um dos nossos maiores sonhos, algo que sempre fez parte do nosso projeto de vida e que, hoje, faz ainda mais sentido. Falamos sobre isso com muita certeza e entusiasmo, porque sabemos que queremos construir uma fam\u00edlia juntos&#8221;, asseguram <a href=\"https:\/\/selfie.iol.pt\/famosos\/big-brother-2025\/solange-tavares-realiza-sonho-tive-imensos-medos-e-cheguei-a-pensar-em-adiar\/20260303\/69a6f8bdd34edcee7c616c5c\" target=\"_blank\" rel=\"nofollow noopener\">Solange Tavares<\/a> e Nelson Fernandes.<\/p>\n<p>&#8220;Sentimo-nos numa fase est\u00e1vel, conscientes da responsabilidade que implica, mas tamb\u00e9m muito felizes por saber que \u00e9 um caminho que queremos fazer juntos. Quando assim Deus quiser, ser\u00e1 recebido com todo o amor&#8221;, dizem ainda os ex-concorrentes do reality show da <a href=\"https:\/\/tvi.iol.pt\/\" target=\"_blank\" rel=\"nofollow noopener\">TVI<\/a>.<\/p>\n<p>Veja, agora, nas galerias que prepar\u00e1mos para si, as melhores imagens de Solange Tavares e Nelson Fernandes.<\/p>\n","protected":false},"excerpt":{"rendered":"Solange Tavares e Nelson Fernandes participaram em edi\u00e7\u00f5es distintas do &#8220;Big Brother&#8221; &#8211; ela na temporada de 2025&hellip;\n","protected":false},"author":2,"featured_media":294979,"comment_status":"","ping_status":"","sticky":false,"template":"","format":"standard","meta":{"footnotes":"","_share_on_mastodon":"0"},"categories":[142],"tags":[6308,7081,6812,48,7080,6810,114,115,741,6309,4763,980,1127,3435,1870,8204,6758,10562,602,32,33,1014,1012,6759,151,162],"class_list":["post-294978","post","type-post","status-publish","format-standard","has-post-thumbnail","category-tv","tag-bb","tag-bb2024","tag-bb2025","tag-big-brother","tag-big-brother-2024","tag-big-brother-2025","tag-entertainment","tag-entretenimento","tag-entrevista","tag-ex-concorrente","tag-exclusivo","tag-famosos","tag-filha","tag-filho","tag-filhos","tag-mae","tag-nelson-fernandes","tag-pai","tag-pais","tag-portugal","tag-pt","tag-reality-show","tag-selfie","tag-solange-tavares","tag-tv","tag-tvi"],"share_on_mastodon":{"url":"https:\/\/pubeurope.com\/@pt\/116187239875039975","error":""},"_links":{"self":[{"href":"https:\/\/www.europesays.com\/pt\/wp-json\/wp\/v2\/posts\/294978","targetHints":{"allow":["GET"]}}],"collection":[{"href":"https:\/\/www.europesays.com\/pt\/wp-json\/wp\/v2\/posts"}],"about":[{"href":"https:\/\/www.europesays.com\/pt\/wp-json\/wp\/v2\/types\/post"}],"author":[{"embeddable":true,"href":"https:\/\/www.europesays.com\/pt\/wp-json\/wp\/v2\/users\/2"}],"replies":[{"embeddable":true,"href":"https:\/\/www.europesays.com\/pt\/wp-json\/wp\/v2\/comments?post=294978"}],"version-history":[{"count":0,"href":"https:\/\/www.europesays.com\/pt\/wp-json\/wp\/v2\/posts\/294978\/revisions"}],"wp:featuredmedia":[{"embeddable":true,"href":"https:\/\/www.europesays.com\/pt\/wp-json\/wp\/v2\/media\/294979"}],"wp:attachment":[{"href":"https:\/\/www.europesays.com\/pt\/wp-json\/wp\/v2\/media?parent=294978"}],"wp:term":[{"taxonomy":"category","embeddable":true,"href":"https:\/\/www.europesays.com\/pt\/wp-json\/wp\/v2\/categories?post=294978"},{"taxonomy":"post_tag","embeddable":true,"href":"https:\/\/www.europesays.com\/pt\/wp-json\/wp\/v2\/tags?post=294978"}],"curies":[{"name":"wp","href":"https:\/\/api.w.org\/{rel}","templated":true}]}}