{"id":29542,"date":"2025-08-14T20:23:44","date_gmt":"2025-08-14T20:23:44","guid":{"rendered":"https:\/\/www.europesays.com\/pt\/29542\/"},"modified":"2025-08-14T20:23:44","modified_gmt":"2025-08-14T20:23:44","slug":"teoria-e-debate-parceria-fpa-com-editora-unesp-oferece-seis-livros-da-colecao-paul-singer","status":"publish","type":"post","link":"https:\/\/www.europesays.com\/pt\/29542\/","title":{"rendered":"Teoria e Debate | Parceria FPA com Editora Unesp oferece seis livros da Cole\u00e7\u00e3o Paul Singer"},"content":{"rendered":"<p>A Funda\u00e7\u00e3o Perseu Abramo (FPA) participa com orgulho e entusiasmo da edi\u00e7\u00e3o desta cole\u00e7\u00e3o de obras de Paul Singer, em parceria com a Editora Unesp. Mais do que uma justa homenagem ao Paul, que participou intensamente da nossa Funda\u00e7\u00e3o, \u00e9 um reconhecimento \u00e0 atualidade do seu pensamento.<\/p>\n<p>Com uma escrita direta e clara, Paul Singer versou sobre diversos temas da nossa realidade, sempre a partir de um ponto de vista cr\u00edtico ao capitalismo.<\/p>\n<p>Ao mesmo tempo, esse ponto de vista cr\u00edtico buscava encontrar apoios e movimentos concretos, vivos, para, inclusive, aprender com eles.<\/p>\n<p>Escrever e apontar sentidos foi parte constante de sua vida. Essa reflex\u00e3o organizadora se liga \u00e0 incans\u00e1vel busca de uma utopia socialista nascida das experi\u00eancias vividas, das quais essas mesmas reflex\u00f5es muitas vezes emergiram e voltaram como alento. Certamente, esse esfor\u00e7o se desenvolvia nas correntes do socialismo democr\u00e1tico, \u00e0s quais desde jovem se filiou e procurou contribuir de forma criativa.<\/p>\n<p>Nessa grande elabora\u00e7\u00e3o, Paul Singer, al\u00e9m de atualizar a no\u00e7\u00e3o cl\u00e1ssica de unidade entre democracia e socialismo, prop\u00f5e um socialismo democr\u00e1tico em constru\u00e7\u00e3o a partir da base. E a<br \/>essa base social, ela pr\u00f3pria em processo de constru\u00e7\u00e3o nas condi\u00e7\u00f5es dif\u00edceis e uma semiperiferia do capitalismo, dedicou pesquisa in\u00e9dita, esclarecedora e comprometida.<\/p>\n<p>A sua utopia socialista era inadi\u00e1vel. Paul Singer buscava ra\u00edzes e ensinamentos em todo empenho transformador. Lapidava perspectivas, ainda em incerto desenvolvimento nas iniciativas em curso. E, com isso, seu sentido e sua for\u00e7a ganhavam mais imagina\u00e7\u00e3o e consist\u00eancia.<\/p>\n<p>Assim, podemos saudar o primeiro volume da cole\u00e7\u00e3o de obras de Paul Singer como uma contribui\u00e7\u00e3o ao futuro \u2014 e, vale dizer, \u00e0s possibilidades emancipadoras do presente.<\/p>\n<p>Carlos Henrique \u00c1rabe \u00e9 diretor da Funda\u00e7\u00e3o Perseu Abramo<\/p>\n<p>Clique em cada um dos t\u00edtulos para conhecer cada um dos livros. As publica\u00e7\u00f5es integrais poder\u00e3o ser adquiridas pelo site da Editora Unesp:<\/p>\n<p><img loading=\"lazy\" decoding=\"async\" class=\"wp-image-35532 alignnone size-medium\" src=\"https:\/\/www.europesays.com\/pt\/wp-content\/uploads\/2025\/08\/capa-uma-utopia-dominante-130x200.jpg\" alt=\"\" width=\"130\" height=\"200\"\/> <a href=\"https:\/\/teoriaedebate.org.br\/wp-content\/uploads\/sites\/2\/2025\/08\/Dvulgacao-Uma-utopia-militante.pdf\" rel=\"nofollow noopener\" target=\"_blank\">Uma utopia militante: tr\u00eas ensaios sobre o socialismo<\/a><\/p>\n<p><img loading=\"lazy\" decoding=\"async\" class=\"wp-image-35530 alignnone size-medium\" src=\"https:\/\/www.europesays.com\/pt\/wp-content\/uploads\/2025\/08\/capa-economia-solidaria-129x200.jpg\" alt=\"\" width=\"129\" height=\"200\"\/>\u00a0<a href=\"https:\/\/teoriaedebate.org.br\/wp-content\/uploads\/sites\/2\/2025\/08\/Divulgacao-Economia-solidaria.pdf\" rel=\"nofollow noopener\" target=\"_blank\">Economia solid\u00e1ria: introdu\u00e7\u00e3o, hist\u00f3ria e experi\u00eancia brasileira<\/a><\/p>\n<p><img loading=\"lazy\" decoding=\"async\" class=\"wp-image-35528 alignnone size-medium\" src=\"https:\/\/www.europesays.com\/pt\/wp-content\/uploads\/2025\/08\/capa-desenvolvimento-e-politica-130x200.jpg\" alt=\"\" width=\"130\" height=\"200\"\/> <a href=\"https:\/\/teoriaedebate.org.br\/wp-content\/uploads\/sites\/2\/2025\/08\/Divulgacao-Desenvolvimento-e-politica.pdf\" rel=\"nofollow noopener\" target=\"_blank\">Desenvolvimento e Pol\u00edtica: reflex\u00f5es sobre a crise dos anos 60<\/a><\/p>\n<p><img loading=\"lazy\" decoding=\"async\" class=\"wp-image-35529 alignnone size-medium\" src=\"https:\/\/www.europesays.com\/pt\/wp-content\/uploads\/2025\/08\/capa-dominacao-e-igualdade-130x200.jpg\" alt=\"\" width=\"130\" height=\"200\"\/> <a href=\"https:\/\/teoriaedebate.org.br\/wp-content\/uploads\/sites\/2\/2025\/08\/Divulgacao-Dominacao-e-desigualdade.pdf\" rel=\"nofollow noopener\" target=\"_blank\">Domina\u00e7\u00e3o e desigualdade: estudos sobre a reparti\u00e7\u00e3o da renda<\/a><\/p>\n<p><img loading=\"lazy\" decoding=\"async\" class=\"wp-image-35531 alignnone size-medium\" src=\"https:\/\/www.europesays.com\/pt\/wp-content\/uploads\/2025\/08\/capa-licoes-economia-130x200.jpg\" alt=\"\" width=\"130\" height=\"200\"\/> <a href=\"https:\/\/teoriaedebate.org.br\/wp-content\/uploads\/sites\/2\/2025\/08\/Divulgacao-Liccoes-de-economia.pdf\" rel=\"nofollow noopener\" target=\"_blank\">Li\u00e7\u00f5es de economia: pensamento e hist\u00f3ria<\/a><\/p>\n<p><img loading=\"lazy\" decoding=\"async\" class=\"wp-image-35527 alignnone size-medium\" src=\"https:\/\/www.europesays.com\/pt\/wp-content\/uploads\/2025\/08\/capa-crescimento-e-inflacao-130x200.jpg\" alt=\"\" width=\"130\" height=\"200\"\/> <a href=\"https:\/\/teoriaedebate.org.br\/wp-content\/uploads\/sites\/2\/2025\/08\/Divulgacao-Crescimento-e-inflacao.pdf\" rel=\"nofollow noopener\" target=\"_blank\">Crescimento e infla\u00e7\u00e3o: a economia brasileira em perspectiva<\/a><\/p>\n","protected":false},"excerpt":{"rendered":"A Funda\u00e7\u00e3o Perseu Abramo (FPA) participa com orgulho e entusiasmo da edi\u00e7\u00e3o desta cole\u00e7\u00e3o de obras de Paul&hellip;\n","protected":false},"author":2,"featured_media":29543,"comment_status":"","ping_status":"","sticky":false,"template":"","format":"standard","meta":{"footnotes":""},"categories":[143],"tags":[169,9870,9871,114,115,170,9872,32,33],"class_list":{"0":"post-29542","1":"post","2":"type-post","3":"status-publish","4":"format-standard","5":"has-post-thumbnail","7":"category-livros","8":"tag-books","9":"tag-colecao-fpa-unesp","10":"tag-economia-solidaria","11":"tag-entertainment","12":"tag-entretenimento","13":"tag-livros","14":"tag-paul-singer","15":"tag-portugal","16":"tag-pt"},"share_on_mastodon":{"url":"","error":""},"_links":{"self":[{"href":"https:\/\/www.europesays.com\/pt\/wp-json\/wp\/v2\/posts\/29542","targetHints":{"allow":["GET"]}}],"collection":[{"href":"https:\/\/www.europesays.com\/pt\/wp-json\/wp\/v2\/posts"}],"about":[{"href":"https:\/\/www.europesays.com\/pt\/wp-json\/wp\/v2\/types\/post"}],"author":[{"embeddable":true,"href":"https:\/\/www.europesays.com\/pt\/wp-json\/wp\/v2\/users\/2"}],"replies":[{"embeddable":true,"href":"https:\/\/www.europesays.com\/pt\/wp-json\/wp\/v2\/comments?post=29542"}],"version-history":[{"count":0,"href":"https:\/\/www.europesays.com\/pt\/wp-json\/wp\/v2\/posts\/29542\/revisions"}],"wp:featuredmedia":[{"embeddable":true,"href":"https:\/\/www.europesays.com\/pt\/wp-json\/wp\/v2\/media\/29543"}],"wp:attachment":[{"href":"https:\/\/www.europesays.com\/pt\/wp-json\/wp\/v2\/media?parent=29542"}],"wp:term":[{"taxonomy":"category","embeddable":true,"href":"https:\/\/www.europesays.com\/pt\/wp-json\/wp\/v2\/categories?post=29542"},{"taxonomy":"post_tag","embeddable":true,"href":"https:\/\/www.europesays.com\/pt\/wp-json\/wp\/v2\/tags?post=29542"}],"curies":[{"name":"wp","href":"https:\/\/api.w.org\/{rel}","templated":true}]}}