{"id":29585,"date":"2025-08-14T21:03:13","date_gmt":"2025-08-14T21:03:13","guid":{"rendered":"https:\/\/www.europesays.com\/pt\/29585\/"},"modified":"2025-08-14T21:03:13","modified_gmt":"2025-08-14T21:03:13","slug":"19-arraiais-ao-mesmo-tempo-deixam-comerciantes-do-monte-a-sentir-que-o-negocio-nao-esta-forte-como-antes","status":"publish","type":"post","link":"https:\/\/www.europesays.com\/pt\/29585\/","title":{"rendered":"19 arraiais ao mesmo tempo deixam comerciantes do Monte a sentir que o neg\u00f3cio n\u00e3o est\u00e1 forte como antes"},"content":{"rendered":"\n<p class=\"p_0\">Uma manh\u00e3 sombria mas quente. O cheiro a carne de vinha d\u2019alhos paira no ar. Muitos turistas olham para a larga frigideira que prepara a iguaria que dever\u00e1 sair, aos montes, esta noite.<\/p>\n<p class=\"p_1\">No Largo da Fonte, Jo\u00e3o Gon\u00e7alves come\u00e7a com as primeiras vendas do dia. J\u00e1 c\u00e1 est\u00e1 desde a \u00faltima ter\u00e7a-feira. As barracas terminam \u00e0s 7 horas de amanh\u00e3. A parte profana da festa de Nossa Senhora do Monte n\u00e3o est\u00e1, segundo este jovem, a corresponder \u00e0s expetativas, muito embora confesse que \u00e9 a primeira vez que trabalha neste arraial.<\/p>\n<p class=\"p_2\">No ano passado, esteve em Fran\u00e7a. Mas a m\u00e3e e o irm\u00e3o s\u00e3o veteranos nesta festa que conquista milhares e milhares de locais, emigrantes e turistas. E garante que as pessoas com quem fala, t\u00eam a mesma opini\u00e3o.<\/p>\n<p class=\"p_3\">Do Largo da Fonte, onde os comerciantes preparam-se para a maior noite da Festa, subimos at\u00e9 a Igreja. Uma subida onde j\u00e1 h\u00e1 o cheiro a velas queimadas por promessas feitas.<\/p>\n<p class=\"p_4\">Em frente \u00e0 Igreja, um grande aparato. A RTP prepara-se para transmiss\u00f5es em direto. Turistas e locais fotografam todos os pormenores. N\u00e3o h\u00e1 carros de cestos, como j\u00e1 havia sido anunciado pela empresa.<\/p>\n<p class=\"p_5\">A circula\u00e7\u00e3o autom\u00f3vel e a p\u00e9 ainda se faz sem constrangimentos.<\/p>\n<p class=\"p_6\">Gon\u00e7alo Freitas, com uma barraca junto ao ponto de sa\u00edda dos carros de cesto, faz um balan\u00e7o positivo. Vendeu o suficiente para voltar. Mais acima, Lu\u00eds Camacho, que j\u00e1 monta barraca no Monte h\u00e1 20 anos, garante que tem carne que chegue at\u00e9 o fim da festa ( esta noite). Mas real\u00e7a que o arraial n\u00e3o est\u00e1 a ser muito concorrido porque decorrem 19 eventos semelhantes ao mesmo tempo. Ainda assim, algumas mesas, pouco depois do meio dia, j\u00e1 est\u00e3o cheias de gente a saborear a tradicional espetada.<\/p>\n<p class=\"p_7\">Veja pormenores da festa na foto galeria de Joana Sousa.<\/p>\n","protected":false},"excerpt":{"rendered":"Uma manh\u00e3 sombria mas quente. O cheiro a carne de vinha d\u2019alhos paira no ar. Muitos turistas olham&hellip;\n","protected":false},"author":2,"featured_media":29586,"comment_status":"","ping_status":"","sticky":false,"template":"","format":"standard","meta":{"footnotes":""},"categories":[10],"tags":[27,28,2255,15,16,14,25,26,21,22,12,13,19,20,32,23,24,33,17,18,29,30,31],"class_list":{"0":"post-29585","1":"post","2":"type-post","3":"status-publish","4":"format-standard","5":"has-post-thumbnail","7":"category-portugal","8":"tag-breaking-news","9":"tag-breakingnews","10":"tag-carla-ribeiro","11":"tag-featured-news","12":"tag-featurednews","13":"tag-headlines","14":"tag-latest-news","15":"tag-latestnews","16":"tag-main-news","17":"tag-mainnews","18":"tag-news","19":"tag-noticias","20":"tag-noticias-principais","21":"tag-noticiasprincipais","22":"tag-portugal","23":"tag-principais-noticias","24":"tag-principaisnoticias","25":"tag-pt","26":"tag-top-stories","27":"tag-topstories","28":"tag-ultimas","29":"tag-ultimas-noticias","30":"tag-ultimasnoticias"},"share_on_mastodon":{"url":"","error":""},"_links":{"self":[{"href":"https:\/\/www.europesays.com\/pt\/wp-json\/wp\/v2\/posts\/29585","targetHints":{"allow":["GET"]}}],"collection":[{"href":"https:\/\/www.europesays.com\/pt\/wp-json\/wp\/v2\/posts"}],"about":[{"href":"https:\/\/www.europesays.com\/pt\/wp-json\/wp\/v2\/types\/post"}],"author":[{"embeddable":true,"href":"https:\/\/www.europesays.com\/pt\/wp-json\/wp\/v2\/users\/2"}],"replies":[{"embeddable":true,"href":"https:\/\/www.europesays.com\/pt\/wp-json\/wp\/v2\/comments?post=29585"}],"version-history":[{"count":0,"href":"https:\/\/www.europesays.com\/pt\/wp-json\/wp\/v2\/posts\/29585\/revisions"}],"wp:featuredmedia":[{"embeddable":true,"href":"https:\/\/www.europesays.com\/pt\/wp-json\/wp\/v2\/media\/29586"}],"wp:attachment":[{"href":"https:\/\/www.europesays.com\/pt\/wp-json\/wp\/v2\/media?parent=29585"}],"wp:term":[{"taxonomy":"category","embeddable":true,"href":"https:\/\/www.europesays.com\/pt\/wp-json\/wp\/v2\/categories?post=29585"},{"taxonomy":"post_tag","embeddable":true,"href":"https:\/\/www.europesays.com\/pt\/wp-json\/wp\/v2\/tags?post=29585"}],"curies":[{"name":"wp","href":"https:\/\/api.w.org\/{rel}","templated":true}]}}