{"id":296201,"date":"2026-03-08T08:13:17","date_gmt":"2026-03-08T08:13:17","guid":{"rendered":"https:\/\/www.europesays.com\/pt\/296201\/"},"modified":"2026-03-08T08:13:17","modified_gmt":"2026-03-08T08:13:17","slug":"iphone-17e-e-o-smartphone-mais-barato-da-apple-vale-a-pena","status":"publish","type":"post","link":"https:\/\/www.europesays.com\/pt\/296201\/","title":{"rendered":"iPhone 17e \u00e9 o smartphone mais barato da Apple. Vale a pena?"},"content":{"rendered":"<p data-remotead-prev-elm=\"true\" data-remotead-elm-id=\"inread\">H\u00e1 uma divis\u00e3o clara entre o mundo dos smartphones Android, da Google, e os iPhones com iOS da Apple e nem sempre \u00e9 claro perceber quem est\u00e1 a vencer na guerra das funcionalidades e das vendas. A Apple tem ganho cada vez mais espa\u00e7o, numa luta que poderia parecer desigual contra um grande n\u00famero de fabricantes com Android, onde se destacam a coreana Samsung e chinesas como a Xiaomi, a Vivo, Oppo e Honor, mas a verdade \u00e9 que a empresa consegue estar na linha da frente e em 2025 conseguiu o primeiro lugar em n\u00famero de smartphones vendidos.<\/p>\n<p data-remotead-prev-elm=\"true\" data-remotead-elm-id=\"inread2\">Leia mais not\u00edcias em <a href=\"https:\/\/tek.sapo.pt\/?utm-source=JN\" target=\"_blank\" rel=\"nofollow noopener\">tek.sapo.pt<\/a><\/p>\n<p>O novo iPhone 17e, que chega \u00e0s lojas esta semana, \u00e9 mais um argumento de peso para quem quer continuar no ecossistema de iOS e quer atualizar o seu smartphone sem gastar muito dinheiro, ou est\u00e1 a pensar &#8220;mudar de fa\u00e7\u00e3o&#8221; e comprar um equipamento Apple.<\/p>\n<p>Entre os modelos mais recentes, o iPhone 17e \u00e9 o mais barato, com um pre\u00e7o a partir de 739 euros, quando o iPhone 17 custa mais de 989 euros, e o iPhone 17 Pro Max (o mais equipado) pode chegar aos 2.499 euros, com 2 TB de armazenamento. Mas ser\u00e1 que vale a pena investir neste novo smartphone?<\/p>\n<p data-remotead-prev-elm=\"true\" data-remotead-elm-id=\"centro1\">A Apple refor\u00e7ou o iPhone 17e com um novo processador, o A19, que tamb\u00e9m equipa o iPhone 17, mas com menos capacidade de processamento gr\u00e1fico. H\u00e1 melhorias na c\u00e2mara principal com telefoto e o dobro do espa\u00e7o de armazenamento em rela\u00e7\u00e3o ao modelo iPhone 16e, ganhando tamb\u00e9m suporte ao carregamento sem fios com o MagSafe, que abre a possibilidade de usar uma s\u00e9rie de acess\u00f3rios deste ecossistema.<\/p>\n<p>De resto o novo smartphone mant\u00e9m inalterado o design da vers\u00e3o anterior, com uma camada de cobertura de cer\u00e2mica mais resistente a riscos.<\/p>\n<p><img decoding=\"async\" class=\"ngx-body\" guid=\"f27f5413-7438-4e21-bf46-eb501b902083\" src=\"https:\/\/www.europesays.com\/pt\/wp-content\/uploads\/2026\/03\/1772957596_506_image.webp.webp\" width=\"100%\"\/><img decoding=\"async\" class=\"ngx-body\" guid=\"1f58cb73-520c-40d6-9c3c-f60e593290d8\" src=\"https:\/\/www.europesays.com\/pt\/wp-content\/uploads\/2026\/03\/1772957597_480_image.webp.webp\" width=\"100%\"\/><\/p>\n<p>Apesar do pre\u00e7o em Portugal ser mais alto do que em outros pa\u00edses europeus &#8211; em Espanha por exemplo custa 709 euros e em Fran\u00e7a 719 euros &#8211; a Apple manteve o pre\u00e7o que tinha aplicado ao iPhone 16e, mesmo com o dobro da mem\u00f3ria, o que \u00e9 uma medida interessante na altura em que todos os fabricantes se preparam para aumentar pre\u00e7os devido \u00e0 crise dos chips.<\/p>\n<p data-remotead-prev-elm=\"true\" data-remotead-elm-id=\"centro2\">Para quem tem ainda um iPhone 12 ou um modelo mais antigo, esta \u00e9 uma oportunidade de continuar no mundo Apple sem ter de investir num dos modelos mais caros, e j\u00e1 representa uma boa atualiza\u00e7\u00e3o de hardware, com garantia de continuidade de novas funcionalidades do sistema operativo iOS durante muito mais anos.<\/p>\n<blockquote class=\"ngx-blockquote\">\n<p>6 bons argumentos do iPhone 17e<\/p>\n<p>Dobro do armazenamento com 256 GB para guardar fotografias e ficheiros no smartphone<\/p>\n<p>Mais resist\u00eancia com uma capa de cer\u00e2mica tr\u00eas vezes mais resistente a riscos<\/p>\n<p>Processador mais potente com o chip A19, o mesmo que est\u00e1 integrado no iPhone 17<\/p>\n<p>C\u00e2mara fotogr\u00e1fica com Telefoto, mantendo o sensor principal com 48 MP e grava\u00e7\u00e3o de v\u00eddeo 4K a 60 frames por segundo<\/p>\n<p>Suporte a carregamento sem fios MagSafe e ao ecossistema de acess\u00f3rios e capas partilhado com os novos iPhones<\/p>\n<p>Um bot\u00e3o de a\u00e7\u00e3o configur\u00e1vel que j\u00e1 existe nos modelos mais caros e que pode ligar a c\u00e2mara, a lanterna ou outras funcionalidades<\/p>\n<\/blockquote>\n<p>Mais TEK Not\u00edcias <a href=\"https:\/\/tek.sapo.pt\/?utm-source=JN\" target=\"_blank\" rel=\"nofollow noopener\">AQUI<\/a><\/p>\n<p>Por F\u00e1tima Ca\u00e7ador<\/p>\n","protected":false},"excerpt":{"rendered":"H\u00e1 uma divis\u00e3o clara entre o mundo dos smartphones Android, da Google, e os iPhones com iOS da&hellip;\n","protected":false},"author":2,"featured_media":296202,"comment_status":"","ping_status":"","sticky":false,"template":"","format":"standard","meta":{"footnotes":"","_share_on_mastodon":"0"},"categories":[84],"tags":[109,107,108,249,2461,32,33,105,103,104,954,106,110,4057],"class_list":["post-296201","post","type-post","status-publish","format-standard","has-post-thumbnail","category-ciencia-e-tecnologia","tag-ciencia","tag-ciencia-e-tecnologia","tag-cienciaetecnologia","tag-iphone","tag-iphone-17","tag-portugal","tag-pt","tag-science","tag-science-and-technology","tag-scienceandtechnology","tag-smartphones","tag-technology","tag-tecnologia","tag-telemoveis"],"share_on_mastodon":{"url":"https:\/\/pubeurope.com\/@pt\/116192556183315363","error":""},"_links":{"self":[{"href":"https:\/\/www.europesays.com\/pt\/wp-json\/wp\/v2\/posts\/296201","targetHints":{"allow":["GET"]}}],"collection":[{"href":"https:\/\/www.europesays.com\/pt\/wp-json\/wp\/v2\/posts"}],"about":[{"href":"https:\/\/www.europesays.com\/pt\/wp-json\/wp\/v2\/types\/post"}],"author":[{"embeddable":true,"href":"https:\/\/www.europesays.com\/pt\/wp-json\/wp\/v2\/users\/2"}],"replies":[{"embeddable":true,"href":"https:\/\/www.europesays.com\/pt\/wp-json\/wp\/v2\/comments?post=296201"}],"version-history":[{"count":0,"href":"https:\/\/www.europesays.com\/pt\/wp-json\/wp\/v2\/posts\/296201\/revisions"}],"wp:featuredmedia":[{"embeddable":true,"href":"https:\/\/www.europesays.com\/pt\/wp-json\/wp\/v2\/media\/296202"}],"wp:attachment":[{"href":"https:\/\/www.europesays.com\/pt\/wp-json\/wp\/v2\/media?parent=296201"}],"wp:term":[{"taxonomy":"category","embeddable":true,"href":"https:\/\/www.europesays.com\/pt\/wp-json\/wp\/v2\/categories?post=296201"},{"taxonomy":"post_tag","embeddable":true,"href":"https:\/\/www.europesays.com\/pt\/wp-json\/wp\/v2\/tags?post=296201"}],"curies":[{"name":"wp","href":"https:\/\/api.w.org\/{rel}","templated":true}]}}