{"id":297007,"date":"2026-03-08T22:39:21","date_gmt":"2026-03-08T22:39:21","guid":{"rendered":"https:\/\/www.europesays.com\/pt\/297007\/"},"modified":"2026-03-08T22:39:21","modified_gmt":"2026-03-08T22:39:21","slug":"historico-kiplimo-bate-recorde-mundial-na-meia-maratona-de-lisboa","status":"publish","type":"post","link":"https:\/\/www.europesays.com\/pt\/297007\/","title":{"rendered":"HIST\u00d3RICO: Kiplimo bate recorde mundial na Meia Maratona de Lisboa"},"content":{"rendered":"<p style=\"margin-bottom:11px\">Fez-se hist\u00f3ria este domingo em solo luso. Jacob Kiplimo bateu o recorde mundial na 35.\u00aa edi\u00e7\u00e3o da Meia Maratona de Lisboa.<\/p>\n<p>O atleta ugand\u00eas percorreu a dist\u00e2ncia de 57.20 minutos, batendo o recorde atual que pertencia ao et\u00edope Yomif Kejelcha \u2013 57.31 minutos em 2024 (Val\u00eancia). Kiplimo tinha, inclusive, batido o recorde em 2021, tendo sido tr\u00eas anos depois superado por Yomif.<\/p>\n<p>O atleta de 25 anos j\u00e1 tinha feito a dist\u00e2ncia em 56.42 minutos na prova de Barcelona a 16 de fevereiro de 2025,\u00a0mas a marca nunca foi homologada pela World Athletics, por alegadamente ter sido beneficiado pelo carro marcador de ritmo que o precedia.<\/p>\n<p>Os quenianos Nicholas Kipkorir (58.08) e Gilbert Kiprotich (58.59) fecharam o p\u00f3dio masculino em segundo e terceiro, respetivamente. Samuel Barata, que terminou na 12.\u00ba posi\u00e7\u00e3o, foi o melhor portugu\u00eas em prova.<\/p>\n<blockquote class=\"instagram-media\" data-instgrm-captioned=\"\" data-instgrm-permalink=\"https:\/\/www.instagram.com\/p\/DVntfOHDIYM\/?utm_source=ig_embed&amp;utm_campaign=loading\" data-instgrm-version=\"14\" style=\" background:#FFF; border:0; border-radius:3px; box-shadow:0 0 1px 0 rgba(0,0,0,0.5),0 1px 10px 0 rgba(0,0,0,0.15); margin: 1px; max-width:540px; min-width:326px; padding:0; width:99.375%; width:-webkit-calc(100% - 2px); width:calc(100% - 2px);\">\n<\/blockquote>\n<p>J\u00e1 categoria feminina, Tsigie Gebreselama foi a vencedora depois de ter realizado os 21,0975 quil\u00f3metros em 01:04.48. O p\u00f3dio feminino ficou composto pelas quenianas Janeth Chepngetich (01:06.50) e Regina Wambui (01:07.10),<\/p>\n<p>Mariana Machado, em estreia na dist\u00e2ncia, foi a nona classificada e a melhor portuguesa em prova.<\/p>\n<p>                                <script async src=\"\/\/www.instagram.com\/embed.js\"><\/script><\/p>\n","protected":false},"excerpt":{"rendered":"Fez-se hist\u00f3ria este domingo em solo luso. Jacob Kiplimo bateu o recorde mundial na 35.\u00aa edi\u00e7\u00e3o da Meia&hellip;\n","protected":false},"author":2,"featured_media":297008,"comment_status":"","ping_status":"","sticky":false,"template":"","format":"standard","meta":{"footnotes":"","_share_on_mastodon":"0"},"categories":[87],"tags":[1866,135,16814,53335,46,31717,53336,1830,32,33,47,39476,134],"class_list":["post-297007","post","type-post","status-publish","format-standard","has-post-thumbnail","category-desporto","tag-atletismo","tag-desporto","tag-historico","tag-jacob-kiplimo","tag-maisfutebol","tag-meia-maratona","tag-meia-maratona-lisboa","tag-modalidades","tag-portugal","tag-pt","tag-pura-paixao","tag-recorde-mundial","tag-sports"],"share_on_mastodon":{"url":"https:\/\/pubeurope.com\/@pt\/116195961529879835","error":""},"_links":{"self":[{"href":"https:\/\/www.europesays.com\/pt\/wp-json\/wp\/v2\/posts\/297007","targetHints":{"allow":["GET"]}}],"collection":[{"href":"https:\/\/www.europesays.com\/pt\/wp-json\/wp\/v2\/posts"}],"about":[{"href":"https:\/\/www.europesays.com\/pt\/wp-json\/wp\/v2\/types\/post"}],"author":[{"embeddable":true,"href":"https:\/\/www.europesays.com\/pt\/wp-json\/wp\/v2\/users\/2"}],"replies":[{"embeddable":true,"href":"https:\/\/www.europesays.com\/pt\/wp-json\/wp\/v2\/comments?post=297007"}],"version-history":[{"count":0,"href":"https:\/\/www.europesays.com\/pt\/wp-json\/wp\/v2\/posts\/297007\/revisions"}],"wp:featuredmedia":[{"embeddable":true,"href":"https:\/\/www.europesays.com\/pt\/wp-json\/wp\/v2\/media\/297008"}],"wp:attachment":[{"href":"https:\/\/www.europesays.com\/pt\/wp-json\/wp\/v2\/media?parent=297007"}],"wp:term":[{"taxonomy":"category","embeddable":true,"href":"https:\/\/www.europesays.com\/pt\/wp-json\/wp\/v2\/categories?post=297007"},{"taxonomy":"post_tag","embeddable":true,"href":"https:\/\/www.europesays.com\/pt\/wp-json\/wp\/v2\/tags?post=297007"}],"curies":[{"name":"wp","href":"https:\/\/api.w.org\/{rel}","templated":true}]}}