{"id":29711,"date":"2025-08-14T23:04:10","date_gmt":"2025-08-14T23:04:10","guid":{"rendered":"https:\/\/www.europesays.com\/pt\/29711\/"},"modified":"2025-08-14T23:04:10","modified_gmt":"2025-08-14T23:04:10","slug":"uma-viagem-e-um-livro-pela-amazonia-no-podcast-da-volta-ao-mundo","status":"publish","type":"post","link":"https:\/\/www.europesays.com\/pt\/29711\/","title":{"rendered":"Uma viagem e um livro pela Amaz\u00f3nia no podcast da Volta ao Mundo"},"content":{"rendered":"<p>\u00c9 no para\u00edso que melhor encontramos a defini\u00e7\u00e3o de inferno. De como uma viagem pela maior floresta tropical do planeta pode resultar numa experi\u00eancia marcante. De como a beleza dos elementos pode fazer espelho com a sua destrui\u00e7\u00e3o. A Amaz\u00f3nia \u00e9 uma paix\u00e3o de mi\u00fado. Foi, de resto, com esse encantamento que este jornalista se lan\u00e7ou numa aventura de 12 mil quil\u00f3metros que resultou num livro duro sobre um lugar m\u00e1gico que \u00e9, tamb\u00e9m, uma ferida aberta no planeta.<\/p>\n<p data-remotead-prev-elm=\"true\" data-remotead-elm-id=\"inread\">Manuel Carvalho \u00e9 o convidado do podcast da Volta ao Mundo. Ali nos contar\u00e1 como buscou inspira\u00e7\u00e3o para escrever um livro poderoso sobre uma regi\u00e3o imensa.<\/p>\n<p>A conversa pode ser ouvida esta sexta-feira, 15 de agosto, a partir das 21 horas, na antena da TSF, com reposi\u00e7\u00e3o no s\u00e1bado, cerca das 16 horas. O programa, como habitualmente, tamb\u00e9m estar\u00e1 dispon\u00edvel nas plataformas digitais.<\/p>\n","protected":false},"excerpt":{"rendered":"\u00c9 no para\u00edso que melhor encontramos a defini\u00e7\u00e3o de inferno. De como uma viagem pela maior floresta tropical&hellip;\n","protected":false},"author":2,"featured_media":29712,"comment_status":"","ping_status":"","sticky":false,"template":"","format":"standard","meta":{"footnotes":""},"categories":[143],"tags":[169,114,115,170,32,33],"class_list":{"0":"post-29711","1":"post","2":"type-post","3":"status-publish","4":"format-standard","5":"has-post-thumbnail","7":"category-livros","8":"tag-books","9":"tag-entertainment","10":"tag-entretenimento","11":"tag-livros","12":"tag-portugal","13":"tag-pt"},"share_on_mastodon":{"url":"","error":""},"_links":{"self":[{"href":"https:\/\/www.europesays.com\/pt\/wp-json\/wp\/v2\/posts\/29711","targetHints":{"allow":["GET"]}}],"collection":[{"href":"https:\/\/www.europesays.com\/pt\/wp-json\/wp\/v2\/posts"}],"about":[{"href":"https:\/\/www.europesays.com\/pt\/wp-json\/wp\/v2\/types\/post"}],"author":[{"embeddable":true,"href":"https:\/\/www.europesays.com\/pt\/wp-json\/wp\/v2\/users\/2"}],"replies":[{"embeddable":true,"href":"https:\/\/www.europesays.com\/pt\/wp-json\/wp\/v2\/comments?post=29711"}],"version-history":[{"count":0,"href":"https:\/\/www.europesays.com\/pt\/wp-json\/wp\/v2\/posts\/29711\/revisions"}],"wp:featuredmedia":[{"embeddable":true,"href":"https:\/\/www.europesays.com\/pt\/wp-json\/wp\/v2\/media\/29712"}],"wp:attachment":[{"href":"https:\/\/www.europesays.com\/pt\/wp-json\/wp\/v2\/media?parent=29711"}],"wp:term":[{"taxonomy":"category","embeddable":true,"href":"https:\/\/www.europesays.com\/pt\/wp-json\/wp\/v2\/categories?post=29711"},{"taxonomy":"post_tag","embeddable":true,"href":"https:\/\/www.europesays.com\/pt\/wp-json\/wp\/v2\/tags?post=29711"}],"curies":[{"name":"wp","href":"https:\/\/api.w.org\/{rel}","templated":true}]}}