{"id":29726,"date":"2025-08-14T23:18:07","date_gmt":"2025-08-14T23:18:07","guid":{"rendered":"https:\/\/www.europesays.com\/pt\/29726\/"},"modified":"2025-08-14T23:18:07","modified_gmt":"2025-08-14T23:18:07","slug":"milton-hatoum-e-eleito-para-academia-brasileira-de-letras-14-08-2025-ilustrada","status":"publish","type":"post","link":"https:\/\/www.europesays.com\/pt\/29726\/","title":{"rendered":"Milton Hatoum \u00e9 eleito para Academia Brasileira de Letras &#8211; 14\/08\/2025 &#8211; Ilustrada"},"content":{"rendered":"<p>Favorito absoluto, o escritor manauara <a href=\"https:\/\/www1.folha.uol.com.br\/ilustrada\/2025\/06\/milton-hatoum-concorre-a-vaga-na-academia-brasileira-de-letras-pela-primeira-vez.shtml\" rel=\"nofollow noopener\" target=\"\">Milton Hatoum<\/a> foi eleito imortal da Academia Brasileira de Letras nesta quinta-feira (14) sucedendo o jornalista C\u00edcero Sandroni.<\/p>\n<p>O autor dos aclamados romances &#8220;Relato de um Certo Oriente&#8221;, de 1989, <a href=\"https:\/\/arte.folha.uol.com.br\/ilustrissima\/2022\/05\/04\/200-livros-importantes-para-entender-o-brasil\/livro\/dois-irmaos\/\" rel=\"nofollow noopener\" target=\"\">&#8220;Dois Irm\u00e3os&#8221;<\/a>, de 2000, e <a href=\"https:\/\/www1.folha.uol.com.br\/fsp\/ilustrad\/fq0908200612.htm\" rel=\"nofollow noopener\" target=\"\">&#8220;Cinzas do Norte&#8221;<\/a>, de 2005 \u2014todos vencedores do pr\u00eamio Jabuti de melhor romance\u2014, passa a ocupar a cadeira n\u00ba 6.<\/p>\n<p>Essa foi a primeira vez que Hatoum se candidatou \u00e0 ABL. O escritor diz que foi convencido a tentar a vaga depois de conversas ao longo da \u00faltima d\u00e9cada com sua amiga e agora colega imortal Ana Maria Machado.<\/p>\n<p>Hatoum recebeu 33 votos contra 1 de Ant\u00f4nio Campos. Sua entrada fecha uma temporada de renova\u00e7\u00f5es na Academia que acontece de maneira intensa desde o in\u00edcio do ano. Desde fevereiro, as 40 cadeiras da <a href=\"https:\/\/www1.folha.uol.com.br\/folha-topicos\/abl\/\" rel=\"nofollow noopener\" target=\"_blank\">ABL<\/a> n\u00e3o estavam todas ocupadas ao mesmo tempo.<\/p>\n<p>A jornalista <a href=\"https:\/\/www1.folha.uol.com.br\/ilustrada\/2025\/04\/miriam-leitao-e-a-12a-mulher-eleita-para-a-abl-e-passa-a-ocupar-vaga-de-caca-diegues.shtml\" rel=\"nofollow noopener\" target=\"\">M\u00edriam Leit\u00e3o<\/a>, que passou a ocupar a antiga vaga de Cac\u00e1 Diegues, tomou posse na \u00faltima sexta-feira, enquanto o poeta <a href=\"https:\/\/www1.folha.uol.com.br\/ilustrada\/2025\/05\/paulo-henriques-britto-e-eleito-para-antiga-cadeira-de-heloisa-teixeira-na-abl.shtml\" rel=\"nofollow noopener\" target=\"\">Paulo Henriques Britto<\/a> e a romancista <a href=\"https:\/\/www1.folha.uol.com.br\/ilustrada\/2025\/07\/ana-maria-goncalves-e-eleita-para-abl-e-se-torna-primeira-mulher-negra-a-virar-imortal.shtml\" rel=\"nofollow noopener\" target=\"\">Ana Maria Gon\u00e7alves <\/a>ainda aguardam suas respectivas cerim\u00f4nias para trajar o fard\u00e3o verde.<\/p>\n<p>    Tudo a Ler<\/p>\n<p class=\"c-newsletter__subtitle\">Receba no seu email uma sele\u00e7\u00e3o com lan\u00e7amentos, cl\u00e1ssicos e curiosidades liter\u00e1rias<\/p>\n<p>\u00c0s v\u00e9speras de seu anivers\u00e1rio de 73 anos, Hatoum entra na Academia com o mesmo esp\u00edrito de outros imortais recentemente eleitos, buscando falar com p\u00fablicos diversos, principalmente os mais jovens.<\/p>\n<p>&#8220;O jovem leitor precisa se apaixonar pelo livro. A leitura n\u00e3o \u00e9 uma atividade qualquer, ela humaniza quem l\u00ea&#8221;, diz, em entrevista feita por telefone logo ap\u00f3s a vota\u00e7\u00e3o. A Companhia das Letras, que o editou desde o romance de estreia, organizou uma recep\u00e7\u00e3o para celebrar o autor no Rio de Janeiro.<\/p>\n<p>Romancista, contista, ensa\u00edsta, tradutor e professor universit\u00e1rio, Hatoum j\u00e1 passou de 500 mil exemplares vendidos no Brasil e foi traduzido em 16 pa\u00edses. Tamb\u00e9m \u00e9 autor do livro de contos &#8220;A Cidade Ilhada&#8221;, de 2006, da novela &#8220;\u00d3rf\u00e3os do Eldorado&#8221;, de 2008, e da colet\u00e2nea de contos &#8220;Um Solit\u00e1rio \u00e0 Espreita&#8221;, lan\u00e7ada em 2013.<\/p>\n<p>Al\u00e9m disso, ele tamb\u00e9m publica ensaios e artigos sobre <a href=\"https:\/\/www1.folha.uol.com.br\/folha-topicos\/literatura\/\" rel=\"nofollow noopener\" target=\"_blank\">literatura<\/a> brasileira e latino-americana. Em 2017, seu &#8220;Dois Irm\u00e3os&#8221; foi adaptado para o audiovisual como uma miniss\u00e9rie da TV Globo.<\/p>\n<p>Seu pr\u00f3ximo lan\u00e7amento sai em outubro \u2014&#8221;Dan\u00e7a de Enganos&#8221;, volume final da trilogia &#8220;O Lugar Mais Sombrio&#8221;, que come\u00e7ou com &#8220;A Noite da Espera&#8221; e &#8220;Pontos de Fuga&#8221;. O romance encerra uma trama centrada nos traumas de toda uma gera\u00e7\u00e3o por causa da ditadura militar.<\/p>\n<p>Hatoum, nascido no Amazonas, entra para uma institui\u00e7\u00e3o muitas vezes acusada de se centrar muito no Rio de Janeiro, sede da ABL e onde nasceram a maioria de seus atuais membros. Ele entra na Academia como o \u00fanico membro da regi\u00e3o Norte.<\/p>\n<p>Apesar de disposto a discutir as quest\u00f5es amaz\u00f4nicas, Hatoum afirma que n\u00e3o se sente \u00e0 vontade de falar da floresta de modo geral. &#8220;Eu gosto de associar a amaz\u00f4nia a sua cultura e sua literatura. Por exemplo, Euclides da Cunha e amaz\u00f4nia, esse tema me interessa.&#8221;<\/p>\n<p>O escritor disputou contra Campos, Eduardo Baccarin-Costa, Cezar Augusto da Silva, Paulo Renato Ceratti e Angelos D\u2019Arachosia.<\/p>\n","protected":false},"excerpt":{"rendered":"Favorito absoluto, o escritor manauara Milton Hatoum foi eleito imortal da Academia Brasileira de Letras nesta quinta-feira (14)&hellip;\n","protected":false},"author":2,"featured_media":29727,"comment_status":"","ping_status":"","sticky":false,"template":"","format":"standard","meta":{"footnotes":""},"categories":[143],"tags":[9902,207,169,114,115,1907,236,864,237,170,9903,32,33],"class_list":{"0":"post-29726","1":"post","2":"type-post","3":"status-publish","4":"format-standard","5":"has-post-thumbnail","7":"category-livros","8":"tag-abl","9":"tag-arte","10":"tag-books","11":"tag-entertainment","12":"tag-entretenimento","13":"tag-escritores","14":"tag-folha","15":"tag-literatura","16":"tag-livro","17":"tag-livros","18":"tag-milton-hatoum","19":"tag-portugal","20":"tag-pt"},"share_on_mastodon":{"url":"","error":""},"_links":{"self":[{"href":"https:\/\/www.europesays.com\/pt\/wp-json\/wp\/v2\/posts\/29726","targetHints":{"allow":["GET"]}}],"collection":[{"href":"https:\/\/www.europesays.com\/pt\/wp-json\/wp\/v2\/posts"}],"about":[{"href":"https:\/\/www.europesays.com\/pt\/wp-json\/wp\/v2\/types\/post"}],"author":[{"embeddable":true,"href":"https:\/\/www.europesays.com\/pt\/wp-json\/wp\/v2\/users\/2"}],"replies":[{"embeddable":true,"href":"https:\/\/www.europesays.com\/pt\/wp-json\/wp\/v2\/comments?post=29726"}],"version-history":[{"count":0,"href":"https:\/\/www.europesays.com\/pt\/wp-json\/wp\/v2\/posts\/29726\/revisions"}],"wp:featuredmedia":[{"embeddable":true,"href":"https:\/\/www.europesays.com\/pt\/wp-json\/wp\/v2\/media\/29727"}],"wp:attachment":[{"href":"https:\/\/www.europesays.com\/pt\/wp-json\/wp\/v2\/media?parent=29726"}],"wp:term":[{"taxonomy":"category","embeddable":true,"href":"https:\/\/www.europesays.com\/pt\/wp-json\/wp\/v2\/categories?post=29726"},{"taxonomy":"post_tag","embeddable":true,"href":"https:\/\/www.europesays.com\/pt\/wp-json\/wp\/v2\/tags?post=29726"}],"curies":[{"name":"wp","href":"https:\/\/api.w.org\/{rel}","templated":true}]}}