{"id":29738,"date":"2025-08-14T23:33:07","date_gmt":"2025-08-14T23:33:07","guid":{"rendered":"https:\/\/www.europesays.com\/pt\/29738\/"},"modified":"2025-08-14T23:33:07","modified_gmt":"2025-08-14T23:33:07","slug":"incendio-em-oliveira-do-hospital-leva-ao-desespero-presidente-da-camara-nao-ha-aviao-meio-aereo-nao-ha-nada-estamos-no-meio-do-caos-e-ninguem-faz-nada-atualidade","status":"publish","type":"post","link":"https:\/\/www.europesays.com\/pt\/29738\/","title":{"rendered":"Inc\u00eandio em Oliveira do Hospital leva ao desespero presidente da C\u00e2mara: &#8220;N\u00e3o h\u00e1 avi\u00e3o, meio a\u00e9reo, n\u00e3o h\u00e1 nada. Estamos no meio do caos e ningu\u00e9m faz nada&#8221; &#8211; Atualidade"},"content":{"rendered":"<p><strong>Acompanhe toda a atualidade informativa em\u00a0<a href=\"https:\/\/24noticias.sapo.pt\/\" target=\"_blank\" rel=\"noopener noreferrer nofollow\">24noticias.sapo.pt<\/a><\/strong><\/p>\n<p>\u201c[O inc\u00eandio] pode sair da zona de montanha e entrar noutra fase do concelho, est\u00e1 a repetir-se 2017. E n\u00e3o h\u00e1 um avi\u00e3o, n\u00e3o h\u00e1 meio a\u00e9reo, n\u00e3o h\u00e1 nada, estamos aqui no meio do caos, com casas em perigo, com animais em perigo, com pessoas em p\u00e2nico, com crian\u00e7as fechadas dentro de casa e ningu\u00e9m faz nada\u201d, avisou o autarca, Francisco Rolo em declara\u00e7\u00f5es \u00e0 ag\u00eancia Lusa.<\/p>\n<p>Em declara\u00e7\u00f5es \u00e0 SIC, Rolo voltou a criticar, afirmando que estiveram &#8220;toda a tarde a avisar sobre esta merda. Acho que h\u00e1 algo que est\u00e1 a falhar para chegarmos a este ponto\u201d, afirmou.<\/p>\n<p>Francisco Rolo disse que, pelas 15h30, havia meios junto \u00e0s localidades de Quinta das Tapadas e Parente, na margem esquerda do rio Alvoco, e que a situa\u00e7\u00e3o estaria estabilizada, e \u201cde repente, desapareceram os meios\u201d.<\/p>\n<p>\u201cEstamos fartos de pedir meios a\u00e9reos e n\u00e3o v\u00eam, est\u00e1 aqui o caos\u201d, reafirmou.<\/p>\n","protected":false},"excerpt":{"rendered":"Acompanhe toda a atualidade informativa em\u00a024noticias.sapo.pt \u201c[O inc\u00eandio] pode sair da zona de montanha e entrar noutra fase&hellip;\n","protected":false},"author":2,"featured_media":29739,"comment_status":"","ping_status":"","sticky":false,"template":"","format":"standard","meta":{"footnotes":""},"categories":[10],"tags":[27,28,15,16,14,25,26,21,22,12,13,19,20,32,23,24,33,17,18,29,30,31],"class_list":{"0":"post-29738","1":"post","2":"type-post","3":"status-publish","4":"format-standard","5":"has-post-thumbnail","7":"category-portugal","8":"tag-breaking-news","9":"tag-breakingnews","10":"tag-featured-news","11":"tag-featurednews","12":"tag-headlines","13":"tag-latest-news","14":"tag-latestnews","15":"tag-main-news","16":"tag-mainnews","17":"tag-news","18":"tag-noticias","19":"tag-noticias-principais","20":"tag-noticiasprincipais","21":"tag-portugal","22":"tag-principais-noticias","23":"tag-principaisnoticias","24":"tag-pt","25":"tag-top-stories","26":"tag-topstories","27":"tag-ultimas","28":"tag-ultimas-noticias","29":"tag-ultimasnoticias"},"share_on_mastodon":{"url":"","error":""},"_links":{"self":[{"href":"https:\/\/www.europesays.com\/pt\/wp-json\/wp\/v2\/posts\/29738","targetHints":{"allow":["GET"]}}],"collection":[{"href":"https:\/\/www.europesays.com\/pt\/wp-json\/wp\/v2\/posts"}],"about":[{"href":"https:\/\/www.europesays.com\/pt\/wp-json\/wp\/v2\/types\/post"}],"author":[{"embeddable":true,"href":"https:\/\/www.europesays.com\/pt\/wp-json\/wp\/v2\/users\/2"}],"replies":[{"embeddable":true,"href":"https:\/\/www.europesays.com\/pt\/wp-json\/wp\/v2\/comments?post=29738"}],"version-history":[{"count":0,"href":"https:\/\/www.europesays.com\/pt\/wp-json\/wp\/v2\/posts\/29738\/revisions"}],"wp:featuredmedia":[{"embeddable":true,"href":"https:\/\/www.europesays.com\/pt\/wp-json\/wp\/v2\/media\/29739"}],"wp:attachment":[{"href":"https:\/\/www.europesays.com\/pt\/wp-json\/wp\/v2\/media?parent=29738"}],"wp:term":[{"taxonomy":"category","embeddable":true,"href":"https:\/\/www.europesays.com\/pt\/wp-json\/wp\/v2\/categories?post=29738"},{"taxonomy":"post_tag","embeddable":true,"href":"https:\/\/www.europesays.com\/pt\/wp-json\/wp\/v2\/tags?post=29738"}],"curies":[{"name":"wp","href":"https:\/\/api.w.org\/{rel}","templated":true}]}}