{"id":29742,"date":"2025-08-14T23:37:08","date_gmt":"2025-08-14T23:37:08","guid":{"rendered":"https:\/\/www.europesays.com\/pt\/29742\/"},"modified":"2025-08-14T23:37:08","modified_gmt":"2025-08-14T23:37:08","slug":"maria-ribeiro-ganha-selinho-de-maria-flor-e-e-tietada-por-caio-blat-e-filho-em-lancamento-de-livro","status":"publish","type":"post","link":"https:\/\/www.europesays.com\/pt\/29742\/","title":{"rendered":"Maria Ribeiro ganha selinho de Maria Flor e \u00e9 tietada por Caio Blat e filho em lan\u00e7amento de livro"},"content":{"rendered":"\n<p class=\" content-text__container theme-color-primary-first-letter\" data-track-category=\"Link no Texto\" data-track-links=\"\"> Maria Ribeiro, aos 49 anos de idade, se afirma escritora. J\u00e1 conhecida por suas cr\u00f4nicas, roteiros e personagens vividos sob o trabalho como atriz, ela lan\u00e7a N\u00e3o Sei Se \u00e9 Bom, Mas \u00e9 Teu. Ela recebeu amigos com Maria Flor, de quem ganhou um selinho; familiares, como o ex-marido Caio Blat e o filho do casal, Bento, e f\u00e3s nesta quinta-feira (14) para uma sess\u00e3o de aut\u00f3grafos na livraria Argumento, no Leblon, Zona Sul do Rio de Janeiro. <\/p>\n","protected":false},"excerpt":{"rendered":"Maria Ribeiro, aos 49 anos de idade, se afirma escritora. J\u00e1 conhecida por suas cr\u00f4nicas, roteiros e personagens&hellip;\n","protected":false},"author":2,"featured_media":29743,"comment_status":"","ping_status":"","sticky":false,"template":"","format":"standard","meta":{"footnotes":""},"categories":[143],"tags":[169,7242,114,115,170,1513,9910,32,33],"class_list":{"0":"post-29742","1":"post","2":"type-post","3":"status-publish","4":"format-standard","5":"has-post-thumbnail","7":"category-livros","8":"tag-books","9":"tag-caio-blat","10":"tag-entertainment","11":"tag-entretenimento","12":"tag-livros","13":"tag-maria-flor","14":"tag-maria-ribeiro","15":"tag-portugal","16":"tag-pt"},"share_on_mastodon":{"url":"","error":""},"_links":{"self":[{"href":"https:\/\/www.europesays.com\/pt\/wp-json\/wp\/v2\/posts\/29742","targetHints":{"allow":["GET"]}}],"collection":[{"href":"https:\/\/www.europesays.com\/pt\/wp-json\/wp\/v2\/posts"}],"about":[{"href":"https:\/\/www.europesays.com\/pt\/wp-json\/wp\/v2\/types\/post"}],"author":[{"embeddable":true,"href":"https:\/\/www.europesays.com\/pt\/wp-json\/wp\/v2\/users\/2"}],"replies":[{"embeddable":true,"href":"https:\/\/www.europesays.com\/pt\/wp-json\/wp\/v2\/comments?post=29742"}],"version-history":[{"count":0,"href":"https:\/\/www.europesays.com\/pt\/wp-json\/wp\/v2\/posts\/29742\/revisions"}],"wp:featuredmedia":[{"embeddable":true,"href":"https:\/\/www.europesays.com\/pt\/wp-json\/wp\/v2\/media\/29743"}],"wp:attachment":[{"href":"https:\/\/www.europesays.com\/pt\/wp-json\/wp\/v2\/media?parent=29742"}],"wp:term":[{"taxonomy":"category","embeddable":true,"href":"https:\/\/www.europesays.com\/pt\/wp-json\/wp\/v2\/categories?post=29742"},{"taxonomy":"post_tag","embeddable":true,"href":"https:\/\/www.europesays.com\/pt\/wp-json\/wp\/v2\/tags?post=29742"}],"curies":[{"name":"wp","href":"https:\/\/api.w.org\/{rel}","templated":true}]}}