{"id":297591,"date":"2026-03-09T09:52:12","date_gmt":"2026-03-09T09:52:12","guid":{"rendered":"https:\/\/www.europesays.com\/pt\/297591\/"},"modified":"2026-03-09T09:52:12","modified_gmt":"2026-03-09T09:52:12","slug":"igas-investiga-contratacoes-na-uls-lisboa-ocidental-legalidade-em-questao","status":"publish","type":"post","link":"https:\/\/www.europesays.com\/pt\/297591\/","title":{"rendered":"IGAS investiga contrata\u00e7\u00f5es na ULS Lisboa Ocidental: Legalidade em quest\u00e3o"},"content":{"rendered":"<p><a class=\"arrow-component arr--section-name\" aria-label=\"section-name\" href=\"https:\/\/www.dn.pt\/sociedade\" rel=\"nofollow noopener\" target=\"_blank\">Sociedade<\/a><\/p>\n<p>Den\u00fancia an\u00f3nima contra diretor do Servi\u00e7o de Gest\u00e3o de Recursos Humanos da Unidade Local de Sa\u00fade de Lisboa Ocidental, que integra hospitais S\u00e3o Francisco Xavier, Egas Moniz e Santa Cruz, leva Inspe\u00e7\u00e3o Geral das Atividades em Sa\u00fade ao terreno. Andr\u00e9 Coelho Dias \u00e9 acusado de &#8220;falta de pagamento de bolsa de horas a m\u00e9dicos e enfermeiros&#8221; e de contratar profissionais sem concurso. Hospital diz que cumpre &#8220;estritamente&#8221; a lei. <\/p>\n<p>Publicado a:\u00a0<\/p>\n<p>08 Mar 2026, 22:11<\/p>\n<p>Loading content, please wait&#8230;<\/p>\n","protected":false},"excerpt":{"rendered":"Sociedade Den\u00fancia an\u00f3nima contra diretor do Servi\u00e7o de Gest\u00e3o de Recursos Humanos da Unidade Local de Sa\u00fade de&hellip;\n","protected":false},"author":2,"featured_media":297592,"comment_status":"","ping_status":"","sticky":false,"template":"","format":"standard","meta":{"footnotes":"","_share_on_mastodon":"0"},"categories":[87],"tags":[19552,135,306,37502,21863,1173,32,33,1197,117,134],"class_list":["post-297591","post","type-post","status-publish","format-standard","has-post-thumbnail","category-desporto","tag-contratacoes","tag-desporto","tag-edicao-impressa","tag-hospital-sao-francisco-xavier","tag-igas","tag-investigacao","tag-portugal","tag-pt","tag-recursos-humanos","tag-saude","tag-sports"],"share_on_mastodon":{"url":"https:\/\/pubeurope.com\/@pt\/116198607823034668","error":""},"_links":{"self":[{"href":"https:\/\/www.europesays.com\/pt\/wp-json\/wp\/v2\/posts\/297591","targetHints":{"allow":["GET"]}}],"collection":[{"href":"https:\/\/www.europesays.com\/pt\/wp-json\/wp\/v2\/posts"}],"about":[{"href":"https:\/\/www.europesays.com\/pt\/wp-json\/wp\/v2\/types\/post"}],"author":[{"embeddable":true,"href":"https:\/\/www.europesays.com\/pt\/wp-json\/wp\/v2\/users\/2"}],"replies":[{"embeddable":true,"href":"https:\/\/www.europesays.com\/pt\/wp-json\/wp\/v2\/comments?post=297591"}],"version-history":[{"count":0,"href":"https:\/\/www.europesays.com\/pt\/wp-json\/wp\/v2\/posts\/297591\/revisions"}],"wp:featuredmedia":[{"embeddable":true,"href":"https:\/\/www.europesays.com\/pt\/wp-json\/wp\/v2\/media\/297592"}],"wp:attachment":[{"href":"https:\/\/www.europesays.com\/pt\/wp-json\/wp\/v2\/media?parent=297591"}],"wp:term":[{"taxonomy":"category","embeddable":true,"href":"https:\/\/www.europesays.com\/pt\/wp-json\/wp\/v2\/categories?post=297591"},{"taxonomy":"post_tag","embeddable":true,"href":"https:\/\/www.europesays.com\/pt\/wp-json\/wp\/v2\/tags?post=297591"}],"curies":[{"name":"wp","href":"https:\/\/api.w.org\/{rel}","templated":true}]}}