{"id":29814,"date":"2025-08-15T00:38:16","date_gmt":"2025-08-15T00:38:16","guid":{"rendered":"https:\/\/www.europesays.com\/pt\/29814\/"},"modified":"2025-08-15T00:38:16","modified_gmt":"2025-08-15T00:38:16","slug":"azul-claro-e-tijolinhos-brancos-criam-atmosfera-leve-neste-apartamento","status":"publish","type":"post","link":"https:\/\/www.europesays.com\/pt\/29814\/","title":{"rendered":"Azul claro e tijolinhos brancos criam atmosfera leve neste apartamento"},"content":{"rendered":"<p>Com a chegada do pequeno Joaquim, hoje com 3 anos, o casal de moradores decidiu que era hora de mudar de ares. Buscando mais espa\u00e7o e infraestrutura adequada para a nova fase da vida, o casal escolheu um apartamento de <strong>160 m\u00b2<\/strong> na Barra da Tijuca, zona oeste do Rio de Janeiro, e n\u00e3o teve d\u00favidas sobre quem iria comandar a reforma e a decora\u00e7\u00e3o: o arquiteto Richard de Mattos, da<a href=\"https:\/\/www.instagram.com\/CasaCururu\" target=\"_blank\" rel=\"noopener nofollow\"> Casa Cururu<\/a>, amigo de inf\u00e2ncia do morador.<\/p>\n<p>Luz natural e integra\u00e7\u00e3o dos ambientes<\/p>\n<p>    <img loading=\"lazy\" decoding=\"async\" alt=\"Azul claro e tijolinhos brancos criam atmosfera leve neste apartamento. Projeto de Casa Cururu.\" class=\"alignnone size-large wp-image-509702\" src=\"https:\/\/www.europesays.com\/pt\/wp-content\/uploads\/2025\/08\/azul-claro-e-tijolinhos-brancos-criam-atmosfera-leve-neste-apartamento-casa-cururu-09-sala.jpg\" border=\"0\" title=\"azul-claro-e-tijolinhos-brancos-criam-atmosfera-leve-neste-apartamento-casa-cururu-09-sala\" width=\"705\" height=\"1024\" data-restrict=\"false\" data-portal-copyright=\"Luiza Schreier\" data-image-caption=\"\" data-image-title=\"\" data-image-source=\"Divulga\u00e7\u00e3o\"\/><br \/>\n     \u2013 (Luiza Schreier\/Divulga\u00e7\u00e3o)<\/p>\n<p>O conceito do projeto partiu do potencial de<strong> <a href=\"https:\/\/casa.abril.com.br\/tudo-sobre\/iluminacao\" rel=\"nofollow noopener\" target=\"_blank\">ilumina\u00e7\u00e3o<\/a> natural<\/strong> do im\u00f3vel. \u201cA luz atravessa toda a sala ao longo do dia, e a ideia foi justamente valorizar isso com materiais e cores que refletissem essa claridade\u201d, explica o arquiteto. Para criar uma atmosfera acolhedora, Richard revestiu a parede principal da sala com <a href=\"https:\/\/casa.abril.com.br\/tudo-sobre\/tijolinhos\" target=\"_blank\" rel=\"noopener nofollow\">tijolinhos<\/a> contempor\u00e2neos <a href=\"https:\/\/casa.abril.com.br\/tudo-sobre\/rustico\" target=\"_blank\" rel=\"noopener nofollow\">r\u00fasticos<\/a> em tom areia. Do outro lado, a parede foi pintada com a cor Papel Picado, da Suvinil.<\/p>\n<p>    <img loading=\"lazy\" decoding=\"async\" alt=\"Azul claro e tijolinhos brancos criam atmosfera leve neste apartamento. Projeto de Casa Cururu.\" class=\"alignnone size-large wp-image-509694\" src=\"https:\/\/www.europesays.com\/pt\/wp-content\/uploads\/2025\/08\/azul-claro-e-tijolinhos-brancos-criam-atmosfera-leve-neste-apartamento-casa-cururu-01-hall.jpg\" border=\"0\" title=\"azul-claro-e-tijolinhos-brancos-criam-atmosfera-leve-neste-apartamento-casa-cururu-01-hall\" width=\"683\" height=\"1024\" data-restrict=\"false\" data-portal-copyright=\"Luiza Schreier\" data-image-caption=\"\" data-image-title=\"\" data-image-source=\"Divulga\u00e7\u00e3o\"\/><br \/>\n     \u2013 (Luiza Schreier\/Divulga\u00e7\u00e3o)<\/p>\n<p>J\u00e1 no <a href=\"https:\/\/casa.abril.com.br\/tudo-sobre\/hall-de-entrada\" target=\"_blank\" rel=\"noopener nofollow\">hall de entrada<\/a> e no bloco de marcenaria piso-teto, logo ao lado, o tom escolhido foi o Mantra, tamb\u00e9m da Suvinil.<\/p>\n<p>    <img loading=\"lazy\" decoding=\"async\" alt=\"Azul claro e tijolinhos brancos criam atmosfera leve neste apartamento. Projeto de Casa Cururu.\" class=\"alignnone size-large wp-image-509697\" src=\"https:\/\/www.europesays.com\/pt\/wp-content\/uploads\/2025\/08\/azul-claro-e-tijolinhos-brancos-criam-atmosfera-leve-neste-apartamento-casa-cururu-04-jantar.jpg\" border=\"0\" title=\"azul-claro-e-tijolinhos-brancos-criam-atmosfera-leve-neste-apartamento-casa-cururu-04-jantar\" width=\"682\" height=\"1024\" data-restrict=\"false\" data-portal-copyright=\"Luiza Schreier\" data-image-caption=\"\" data-image-title=\"\" data-image-source=\"Divulga\u00e7\u00e3o\"\/><br \/>\n     \u2013 (Luiza Schreier\/Divulga\u00e7\u00e3o)<\/p>\n<p>    Continua ap\u00f3s a publicidade<\/p>\n<p>Para atender aos pedidos do casal \u2014 que desejava ambientes claros, com toques pontuais de cor, boa ilumina\u00e7\u00e3o natural e muito espa\u00e7o de armazenamento \u2014, o arquiteto fez algumas mudan\u00e7as na planta original.<\/p>\n<p>    <img loading=\"lazy\" decoding=\"async\" alt=\"Azul claro e tijolinhos brancos criam atmosfera leve neste apartamento. Projeto de Casa Cururu.\" class=\"alignnone size-large wp-image-509699\" src=\"https:\/\/www.europesays.com\/pt\/wp-content\/uploads\/2025\/08\/azul-claro-e-tijolinhos-brancos-criam-atmosfera-leve-neste-apartamento-casa-cururu-06-cozinha.jpg\" border=\"0\" title=\"azul-claro-e-tijolinhos-brancos-criam-atmosfera-leve-neste-apartamento-casa-cururu-06-cozinha\" width=\"683\" height=\"1024\" data-restrict=\"false\" data-portal-copyright=\"Luiza Schreier\" data-image-caption=\"\" data-image-title=\"\" data-image-source=\"Divulga\u00e7\u00e3o\"\/><br \/>\n     \u2013 (Luiza Schreier\/Divulga\u00e7\u00e3o)<\/p>\n<p>A <a href=\"https:\/\/casa.abril.com.br\/tudo-sobre\/cozinhas\" target=\"_blank\" rel=\"noopener nofollow\">cozinha<\/a>, por exemplo, teve metade de sua \u00e1rea aberta para a sala e transformada em <a href=\"https:\/\/casa.abril.com.br\/tudo-sobre\/copa-cozinha\" target=\"_blank\" rel=\"noopener nofollow\">copa<\/a> integrada \u00e0 mesa de jantar, enquanto a \u00e1rea de trabalho da cozinha permaneceu reservada.<\/p>\n<p>    <img loading=\"lazy\" decoding=\"async\" alt=\"Azul claro e tijolinhos brancos criam atmosfera leve neste apartamento. Projeto de Casa Cururu.\" class=\"alignnone size-large wp-image-509706\" src=\"https:\/\/www.europesays.com\/pt\/wp-content\/uploads\/2025\/08\/azul-claro-e-tijolinhos-brancos-criam-atmosfera-leve-neste-apartamento-casa-cururu-13-quarto-sol-ilu.jpeg\" border=\"0\" title=\"azul-claro-e-tijolinhos-brancos-criam-atmosfera-leve-neste-apartamento-casa-cururu-13-quarto-sol-iluminacao\" width=\"1024\" height=\"683\" data-restrict=\"false\" data-portal-copyright=\"Luiza Schreier\" data-image-caption=\"\" data-image-title=\"\" data-image-source=\"Divulga\u00e7\u00e3o\"\/><br \/>\n     \u2013 (Luiza Schreier\/Divulga\u00e7\u00e3o)<\/p>\n<p>    Continua ap\u00f3s a publicidade<\/p>\n<p>Na \u00e1rea \u00edntima, o quarto de servi\u00e7o foi incorporado \u00e0 su\u00edte do casal, possibilitando a cria\u00e7\u00e3o de um <a href=\"https:\/\/casa.abril.com.br\/tudo-sobre\/closets\/\" rel=\"nofollow noopener\" target=\"_blank\">closet<\/a> generoso.<\/p>\n<p>Detalhes personalizados na decora\u00e7\u00e3o<\/p>\n<p>    <img loading=\"lazy\" decoding=\"async\" alt=\"Azul claro e tijolinhos brancos criam atmosfera leve neste apartamento. Projeto de Casa Cururu.\" class=\"alignnone size-large wp-image-509700\" src=\"https:\/\/www.europesays.com\/pt\/wp-content\/uploads\/2025\/08\/azul-claro-e-tijolinhos-brancos-criam-atmosfera-leve-neste-apartamento-casa-cururu-07-vermelho.jpg\" border=\"0\" title=\"azul-claro-e-tijolinhos-brancos-criam-atmosfera-leve-neste-apartamento-casa-cururu-07-vermelho\" width=\"683\" height=\"1024\" data-restrict=\"false\" data-portal-copyright=\"Luiza Schreier\" data-image-caption=\"\" data-image-title=\"\" data-image-source=\"Divulga\u00e7\u00e3o\"\/><br \/>\n     \u2013 (Luiza Schreier\/Divulga\u00e7\u00e3o)<\/p>\n<p>Na decora\u00e7\u00e3o da sala, um dos destaques \u00e9 o BarEL, um <strong>carrinho-bar dobr\u00e1vel<\/strong> que Richard presenteou o casal em 2018, por ocasi\u00e3o do casamento deles. Originalmente feito em pinus naval, o m\u00f3vel foi relaqueado na cor uva para combinar com as tr\u00eas lumin\u00e1rias pendentes sobre a mesa de jantar.<\/p>\n<p>\u201cFoi uma maneira de dar unidade visual e, ao mesmo tempo, trazer um pouco de ousadia crom\u00e1tica ao projeto\u201d, explica Richard. \u201cMas a paleta predominante mistura tons de areia, verde esmaecido e cinza claro, equilibrados com m\u00f3veis de madeira de tom m\u00e9dio, como as cadeiras, mesa de jantar e tampo do rack\u201d, ressalta ele.<\/p>\n<p>    Continua ap\u00f3s a publicidade<\/p>\n<p>    <img loading=\"lazy\" decoding=\"async\" alt=\"Azul claro e tijolinhos brancos criam atmosfera leve neste apartamento. Projeto de Casa Cururu.\" class=\"alignnone size-large wp-image-509701\" src=\"https:\/\/www.europesays.com\/pt\/wp-content\/uploads\/2025\/08\/azul-claro-e-tijolinhos-brancos-criam-atmosfera-leve-neste-apartamento-casa-cururu-08-sala-tv.jpg\" border=\"0\" title=\"azul-claro-e-tijolinhos-brancos-criam-atmosfera-leve-neste-apartamento-casa-cururu-08-sala-tv\" width=\"683\" height=\"1024\" data-restrict=\"false\" data-portal-copyright=\"Luiza Schreier\" data-image-caption=\"\" data-image-title=\"\" data-image-source=\"Divulga\u00e7\u00e3o\"\/><br \/>\n     \u2013 (Luiza Schreier\/Divulga\u00e7\u00e3o)<\/p>\n<p>Outro ponto alto da decora\u00e7\u00e3o \u00e9 a obra \u201cForever and Ever\u201d, do artista e amigo do casal Jo\u00e3o Fasolino, que ocupa lugar de destaque na \u00e1rea social.<\/p>\n<p>Corrida contra o tempo<\/p>\n<p>    <img loading=\"lazy\" decoding=\"async\" alt=\"Azul claro e tijolinhos brancos criam atmosfera leve neste apartamento. Projeto de Casa Cururu.\" class=\"alignnone size-large wp-image-509703\" src=\"https:\/\/www.europesays.com\/pt\/wp-content\/uploads\/2025\/08\/azul-claro-e-tijolinhos-brancos-criam-atmosfera-leve-neste-apartamento-casa-cururu-10-banheiro.jpg\" border=\"0\" title=\"azul-claro-e-tijolinhos-brancos-criam-atmosfera-leve-neste-apartamento-casa-cururu-10-banheiro\" width=\"683\" height=\"1024\" data-restrict=\"false\" data-portal-copyright=\"Luiza Schreier\" data-image-caption=\"\" data-image-title=\"\" data-image-source=\"Divulga\u00e7\u00e3o\"\/><br \/>\n     \u2013 (Luiza Schreier\/Divulga\u00e7\u00e3o)<\/p>\n<p>Apesar de toda a afinidade entre arquiteto e clientes, o projeto teve seu maior desafio no prazo de execu\u00e7\u00e3o. Com o im\u00f3vel anterior j\u00e1 vendido, o casal precisava da obra pronta para a mudan\u00e7a em poucos meses. \u201cO maior desafio deste projeto foi, sem d\u00favida, o prazo apertado\u201d, lembra Richard.<\/p>\n<p>    Continua ap\u00f3s a publicidade<\/p>\n<p>    <img loading=\"lazy\" decoding=\"async\" alt=\"Azul claro e tijolinhos brancos criam atmosfera leve neste apartamento. Projeto de Casa Cururu.\" class=\"alignnone size-large wp-image-509708\" src=\"https:\/\/www.europesays.com\/pt\/wp-content\/uploads\/2025\/08\/azul-claro-e-tijolinhos-brancos-criam-atmosfera-leve-neste-apartamento-casa-cururu-15-infantil.jpg\" border=\"0\" title=\"azul-claro-e-tijolinhos-brancos-criam-atmosfera-leve-neste-apartamento-casa-cururu-15-infantil\" width=\"683\" height=\"1024\" data-restrict=\"false\" data-portal-copyright=\"Luiza Schreier\" data-image-caption=\"\" data-image-title=\"\" data-image-source=\"Divulga\u00e7\u00e3o\"\/><br \/>\n     \u2013 (Luiza Schreier\/Divulga\u00e7\u00e3o)<\/p>\n<p>\u201cNo fim, conseguimos negociar mais um m\u00eas e deu tudo certo, gra\u00e7as ao cliente, que se mostrou um excelente administrador de sua pr\u00f3pria obra. Se n\u00e3o fosse sua dedica\u00e7\u00e3o, n\u00e3o ter\u00edamos conseguido cumprir o novo prazo\u201d, conclui o arquiteto Richard de Mattos.<\/p>\n<p>Newsletter<\/p>\n<p>\n                            Dicas, inspira\u00e7\u00f5es e not\u00edcias sobre decora\u00e7\u00e3o, arquitetura, jardinagem e organiza\u00e7\u00e3o para sua casa. Quem mora, precisa!<br \/>\n                                <strong><br \/>\n                                    Inscreva-se aqui<br \/>\n                                <\/strong>para receber a nossa newsletter<\/p>\n<p>                            Cadastro efetuado com sucesso!<\/p>\n<p>Voc\u00ea receber\u00e1 nossa newsletter em breve.<\/p>\n<p>\u00a0<\/p>\n<p>\t\t\t\t\t\t\t\t\t\t\t\t\t\t\t\t\t\t\t\t\t\t\t\t\t\t\t\t\t\t\t\t\t\t\t\t\t\t\t\t\t\t\t\t\t\t\t\t\t\t\t\t\t\t\t\t\t\t\t\t\t\t\t\t\t\t\t\t\t\t\t\t\t\t\t\t\t\t\t\t\t\t\t\t\t\t\t\t\t\t\t\t\t\t\t\t\t\t\t\t\t\t\t\t\t\t\t\t\t\t\t\t\t\t\t\t\t\t\t\t\t\t\t\t\t\t\t\t\t\t\t\t\t\t\t\t\t\t\t\t\t\t\t\t\t\t\t\t\t<script async src=\"\/\/www.instagram.com\/embed.js\"><\/script><\/p>\n","protected":false},"excerpt":{"rendered":"Com a chegada do pequeno Joaquim, hoje com 3 anos, o casal de moradores decidiu que era hora&hellip;\n","protected":false},"author":2,"featured_media":29815,"comment_status":"","ping_status":"","sticky":false,"template":"","format":"standard","meta":{"footnotes":""},"categories":[144],"tags":[207,205,206,203,201,202,204,114,115,32,33],"class_list":{"0":"post-29814","1":"post","2":"type-post","3":"status-publish","4":"format-standard","5":"has-post-thumbnail","7":"category-arte-e-design","8":"tag-arte","9":"tag-arte-e-design","10":"tag-artedesign","11":"tag-arts","12":"tag-arts-and-design","13":"tag-artsanddesign","14":"tag-design","15":"tag-entertainment","16":"tag-entretenimento","17":"tag-portugal","18":"tag-pt"},"share_on_mastodon":{"url":"","error":""},"_links":{"self":[{"href":"https:\/\/www.europesays.com\/pt\/wp-json\/wp\/v2\/posts\/29814","targetHints":{"allow":["GET"]}}],"collection":[{"href":"https:\/\/www.europesays.com\/pt\/wp-json\/wp\/v2\/posts"}],"about":[{"href":"https:\/\/www.europesays.com\/pt\/wp-json\/wp\/v2\/types\/post"}],"author":[{"embeddable":true,"href":"https:\/\/www.europesays.com\/pt\/wp-json\/wp\/v2\/users\/2"}],"replies":[{"embeddable":true,"href":"https:\/\/www.europesays.com\/pt\/wp-json\/wp\/v2\/comments?post=29814"}],"version-history":[{"count":0,"href":"https:\/\/www.europesays.com\/pt\/wp-json\/wp\/v2\/posts\/29814\/revisions"}],"wp:featuredmedia":[{"embeddable":true,"href":"https:\/\/www.europesays.com\/pt\/wp-json\/wp\/v2\/media\/29815"}],"wp:attachment":[{"href":"https:\/\/www.europesays.com\/pt\/wp-json\/wp\/v2\/media?parent=29814"}],"wp:term":[{"taxonomy":"category","embeddable":true,"href":"https:\/\/www.europesays.com\/pt\/wp-json\/wp\/v2\/categories?post=29814"},{"taxonomy":"post_tag","embeddable":true,"href":"https:\/\/www.europesays.com\/pt\/wp-json\/wp\/v2\/tags?post=29814"}],"curies":[{"name":"wp","href":"https:\/\/api.w.org\/{rel}","templated":true}]}}