{"id":29830,"date":"2025-08-15T00:53:30","date_gmt":"2025-08-15T00:53:30","guid":{"rendered":"https:\/\/www.europesays.com\/pt\/29830\/"},"modified":"2025-08-15T00:53:30","modified_gmt":"2025-08-15T00:53:30","slug":"escritora-capixaba-lanca-livro-em-encontro-da-pastoral-operaria","status":"publish","type":"post","link":"https:\/\/www.europesays.com\/pt\/29830\/","title":{"rendered":"Escritora capixaba lan\u00e7a livro em encontro da Pastoral Oper\u00e1ria"},"content":{"rendered":"<p>No pr\u00f3ximo domingo (17), acontecer\u00e1 o lan\u00e7amento do livro \u201cJornal Ferramenta \u2013 a comunica\u00e7\u00e3o popular na luta contra a ditadura no Esp\u00edrito Santo\u201d, da escritora e jornalista Elaine Dal Gobbo. A difus\u00e3o ser\u00e1 durante o Encontro de Novos e Antigos Membros da Pastoral Oper\u00e1ria, que ser\u00e1 realizado das 8h \u00e0s 14h, na Associa\u00e7\u00e3o Reame, em Cruzeiro do Sul, Cariacica.<\/p>\n<p>No livro, a autora abrange desde a cria\u00e7\u00e3o do Jornal Ferramenta, da\u00a0Pastoral Oper\u00e1ria da Arquidiocese de Vit\u00f3ria (POAV),\u00a0em 1977, at\u00e9 o fim da ditadura militar em 1985. A obra, publicada pela Editora NPC, foi produzida por meio do Edital n\u00b011\/2023 da Secretaria da Cultura (Secult), com recursos do Fundo de Cultura do Esp\u00edrito Santo (Funcultura).<\/p>\n<p>Criado pela POAV, o Ferramenta era feito pelos trabalhadores para os trabalhadores como instrumento de forma\u00e7\u00e3o cidad\u00e3, mobiliza\u00e7\u00e3o por direitos e contra a ditadura. Um de seus principais expoentes foi o padre franc\u00eas Gabriel F\u00e9lix Roger Maire, que coordenou o jornal de 1980, quando chegou ao Brasil, at\u00e9 1989, quando foi assassinado. O lan\u00e7amento contar\u00e1 com uma roda de conversa com a autora e antigos e atuais integrantes da Pastoral. Tamb\u00e9m haver\u00e1 apresenta\u00e7\u00e3o musical da cantora popular Raquel Passos.<\/p>\n<p>Durante o evento tamb\u00e9m ter\u00e1 a an\u00e1lise de conjuntura, feita pelo fil\u00f3sofo e professor do Departamento de Filosofia da Universidade Federal do Esp\u00edrito Santo (Ufes), Maur\u00edcio Abdalla. A atividade ser\u00e1 um momento de celebrar os 50 anos de atua\u00e7\u00e3o da Pastoral no Esp\u00edrito Santo.<\/p>\n<p><strong>Servi\u00e7o:<\/strong><\/p>\n<p>Lan\u00e7amento do livro Jornal Ferramenta \u2013 a comunica\u00e7\u00e3o popular na luta contra a ditadura no Esp\u00edrito Santo<\/p>\n<p>Data: Domingo (17)<\/p>\n<p>Hor\u00e1rio: 8h \u00e0s 14h<\/p>\n<p>Local: Associa\u00e7\u00e3o Reame, em Cruzeiro do Sul, Cariacica<\/p>\n<p>\u00a0<\/p>\n<p><strong>Informa\u00e7\u00f5es \u00e0 Imprensa:<\/strong><\/p>\n<p>Assessoria de Comunica\u00e7\u00e3o da Secult<\/p>\n<p>Tati Beling \/ Danilo Ferraz \/ Karen Mantovanelli<\/p>\n<p>Telefone: (27) 3636-7110 \/ 3636-7111<\/p>\n<p>Whatsapp: (27) 99753-7583<\/p>\n<p><a href=\"https:\/\/secult.es.gov.br\/Not%C3%ADcia\/mailto:secultjornalismo@gmail.com\" rel=\"nofollow noopener\" target=\"_blank\">secultjornalismo@gmail.com<\/a>\u00a0 \/\u00a0<a href=\"https:\/\/secult.es.gov.br\/Not%C3%ADcia\/mailto:comunicacao@secult.es.gov.br\" rel=\"nofollow noopener\" target=\"_blank\">comunicacao@secult.es.gov.br<\/a><\/p>\n","protected":false},"excerpt":{"rendered":"No pr\u00f3ximo domingo (17), acontecer\u00e1 o lan\u00e7amento do livro \u201cJornal Ferramenta \u2013 a comunica\u00e7\u00e3o popular na luta contra&hellip;\n","protected":false},"author":2,"featured_media":29831,"comment_status":"","ping_status":"","sticky":false,"template":"","format":"standard","meta":{"footnotes":""},"categories":[143],"tags":[169,315,5025,114,115,170,32,33,5023,5024],"class_list":{"0":"post-29830","1":"post","2":"type-post","3":"status-publish","4":"format-standard","5":"has-post-thumbnail","7":"category-livros","8":"tag-books","9":"tag-cultura","10":"tag-culturaes","11":"tag-entertainment","12":"tag-entretenimento","13":"tag-livros","14":"tag-portugal","15":"tag-pt","16":"tag-secult","17":"tag-secultes"},"share_on_mastodon":{"url":"","error":""},"_links":{"self":[{"href":"https:\/\/www.europesays.com\/pt\/wp-json\/wp\/v2\/posts\/29830","targetHints":{"allow":["GET"]}}],"collection":[{"href":"https:\/\/www.europesays.com\/pt\/wp-json\/wp\/v2\/posts"}],"about":[{"href":"https:\/\/www.europesays.com\/pt\/wp-json\/wp\/v2\/types\/post"}],"author":[{"embeddable":true,"href":"https:\/\/www.europesays.com\/pt\/wp-json\/wp\/v2\/users\/2"}],"replies":[{"embeddable":true,"href":"https:\/\/www.europesays.com\/pt\/wp-json\/wp\/v2\/comments?post=29830"}],"version-history":[{"count":0,"href":"https:\/\/www.europesays.com\/pt\/wp-json\/wp\/v2\/posts\/29830\/revisions"}],"wp:featuredmedia":[{"embeddable":true,"href":"https:\/\/www.europesays.com\/pt\/wp-json\/wp\/v2\/media\/29831"}],"wp:attachment":[{"href":"https:\/\/www.europesays.com\/pt\/wp-json\/wp\/v2\/media?parent=29830"}],"wp:term":[{"taxonomy":"category","embeddable":true,"href":"https:\/\/www.europesays.com\/pt\/wp-json\/wp\/v2\/categories?post=29830"},{"taxonomy":"post_tag","embeddable":true,"href":"https:\/\/www.europesays.com\/pt\/wp-json\/wp\/v2\/tags?post=29830"}],"curies":[{"name":"wp","href":"https:\/\/api.w.org\/{rel}","templated":true}]}}