{"id":29849,"date":"2025-08-15T01:13:11","date_gmt":"2025-08-15T01:13:11","guid":{"rendered":"https:\/\/www.europesays.com\/pt\/29849\/"},"modified":"2025-08-15T01:13:11","modified_gmt":"2025-08-15T01:13:11","slug":"a-fazenda-joel-e-ary-pegam-se-a-pancada-novelas","status":"publish","type":"post","link":"https:\/\/www.europesays.com\/pt\/29849\/","title":{"rendered":"A Fazenda: Joel e Ary pegam-se \u00e0 pancada &#8211; Novelas"},"content":{"rendered":"<p>Em \u00abA Fazenda\u00bb, Joel (Jo\u00e3o Jesus) repreende Ary (Isaac Alfaiate) por querer criar o filho de J\u00falia (Kelly Bailey), mesmo que ele seja de Alex (Rodrigo Tom\u00e1s), ficando ainda mais chocado por o irm\u00e3o pretender voltar a casar-se com ela. Ary defende n\u00e3o ser algu\u00e9m sem sentimentos e interesseiro como ele, que se deixou levar pelo dinheiro de Becas (Rita Loureiro). Joel atira-se a Ary, fulo, pegando-se \u00e0 pancada com ele.<\/p>\n","protected":false},"excerpt":{"rendered":"Em \u00abA Fazenda\u00bb, Joel (Jo\u00e3o Jesus) repreende Ary (Isaac Alfaiate) por querer criar o filho de J\u00falia (Kelly&hellip;\n","protected":false},"author":2,"featured_media":29850,"comment_status":"","ping_status":"","sticky":false,"template":"","format":"standard","meta":{"footnotes":""},"categories":[142],"tags":[657,160,166,114,115,157,167,164,2931,161,158,165,159,32,33,156,163,151,162],"class_list":{"0":"post-29849","1":"post","2":"type-post","3":"status-publish","4":"format-standard","5":"has-post-thumbnail","7":"category-tv","8":"tag-a-fazenda","9":"tag-ana-guiomar","10":"tag-cristina-ferreira","11":"tag-entertainment","12":"tag-entretenimento","13":"tag-festa-e-festa","14":"tag-ficcao","15":"tag-jose-fidalgo","16":"tag-novela","17":"tag-novelas","18":"tag-para-sempre","19":"tag-pedro-sousa","20":"tag-pedro-teixeira","21":"tag-portugal","22":"tag-pt","23":"tag-queridos-papas","24":"tag-tiago-teotonio-pereira","25":"tag-tv","26":"tag-tvi"},"share_on_mastodon":{"url":"","error":""},"_links":{"self":[{"href":"https:\/\/www.europesays.com\/pt\/wp-json\/wp\/v2\/posts\/29849","targetHints":{"allow":["GET"]}}],"collection":[{"href":"https:\/\/www.europesays.com\/pt\/wp-json\/wp\/v2\/posts"}],"about":[{"href":"https:\/\/www.europesays.com\/pt\/wp-json\/wp\/v2\/types\/post"}],"author":[{"embeddable":true,"href":"https:\/\/www.europesays.com\/pt\/wp-json\/wp\/v2\/users\/2"}],"replies":[{"embeddable":true,"href":"https:\/\/www.europesays.com\/pt\/wp-json\/wp\/v2\/comments?post=29849"}],"version-history":[{"count":0,"href":"https:\/\/www.europesays.com\/pt\/wp-json\/wp\/v2\/posts\/29849\/revisions"}],"wp:featuredmedia":[{"embeddable":true,"href":"https:\/\/www.europesays.com\/pt\/wp-json\/wp\/v2\/media\/29850"}],"wp:attachment":[{"href":"https:\/\/www.europesays.com\/pt\/wp-json\/wp\/v2\/media?parent=29849"}],"wp:term":[{"taxonomy":"category","embeddable":true,"href":"https:\/\/www.europesays.com\/pt\/wp-json\/wp\/v2\/categories?post=29849"},{"taxonomy":"post_tag","embeddable":true,"href":"https:\/\/www.europesays.com\/pt\/wp-json\/wp\/v2\/tags?post=29849"}],"curies":[{"name":"wp","href":"https:\/\/api.w.org\/{rel}","templated":true}]}}