{"id":29851,"date":"2025-08-15T01:14:19","date_gmt":"2025-08-15T01:14:19","guid":{"rendered":"https:\/\/www.europesays.com\/pt\/29851\/"},"modified":"2025-08-15T01:14:19","modified_gmt":"2025-08-15T01:14:19","slug":"claustrofobia-anuncia-a-saida-do-baixista-rafael-yamada-apos-7-anos-de-colaboracao","status":"publish","type":"post","link":"https:\/\/www.europesays.com\/pt\/29851\/","title":{"rendered":"Claustrofobia anuncia a sa\u00edda do baixista Rafael Yamada, ap\u00f3s 7 anos de colabora\u00e7\u00e3o"},"content":{"rendered":"<p>A banda brasileira <a href=\"https:\/\/whiplash.net\/bandas\/c\/claustrofobia.html\" class=\"hotwords\" rel=\"nofollow noopener\" target=\"_blank\">Claustrofobia<\/a> anunciou na \u00faltima segunda-feira (11) a sa\u00edda do baixista Rafael Yamada. Segundo comunicado publicado nas redes sociais do grupo, que pode ser visto a seguir, a separa\u00e7\u00e3o ocorreu de forma amig\u00e1vel. A postagem tamb\u00e9m traz o nome do substituto.<\/p>\n<p><a href=\"https:\/\/whiplash.net\/bandas\/c\/claustrofobia.html\" class=\"linkBotao\" rel=\"nofollow noopener\" target=\"_blank\">Claustrofobia &#8211; Mais Novidades<\/a><br \/><a target=\"_blank\" href=\"https:\/\/www.europesays.com\/pt\/wp-content\/uploads\/2025\/08\/claustrofobia_cartaz.jpg\"><img loading=\"lazy\" decoding=\"async\" src=\"https:\/\/www.europesays.com\/pt\/wp-content\/uploads\/2025\/08\/claustrofobia_cartaz.jpg\" class=\"widthConstrained\" width=\"700\" height=\"409\" alt=\"Foto: For\u00e7a Al\u00e9m da For\u00e7a\"\/><\/a>Foto: For\u00e7a Al\u00e9m da For\u00e7a<\/p>\n<p>&#8220;Viemos por por meio deste post comunicar o desligamento do Rafael Yamada do Claustrofobia, de forma amig\u00e1vel e por raz\u00f5es pessoais.<\/p>\n<p>CONTINUA DEPOIS DA PUBLICIDADE &#8211; CLI<\/p>\n<p>&#13;<br \/>\n&#13;<br \/>\n&#13;<br \/>\n&#13;<br \/>\n&#13;<br \/>\n&#13;<br \/>\n&#13;<br \/>\n&#13;<br \/>\n<a href=\"https:\/\/whiplash.net\/materias\/whiplash\/027002.html\" rel=\"nofollow noopener\" target=\"_blank\"><img decoding=\"async\" src=\"https:\/\/www.europesays.com\/pt\/wp-content\/uploads\/2025\/08\/1754704269_488_anunciar_diabo_336x280.gif\" loading=\"lazy\" width=\"336\" height=\"280\" class=\"widthConstrained\" style=\"background-color:#000000;display:block;\" alt=\"Anunciar bandas e shows de Rock e Heavy Metal\"\/><\/a>&#13;<\/p>\n<p>Nossos sinceros agradecimentos por todos os sacrif\u00edcios, dedica\u00e7\u00e3o e momentos compartilhados durante esse ciclo. Desejamos ao Rafael nada al\u00e9m de sa\u00fade, equil\u00edbrio e muito sucesso em seus novos caminhos.<\/p>\n<p>Garrett Davis do grande Unidad Trauma estar\u00e1 assumindo os graves para pr\u00f3xima turn\u00ea que ser\u00e1 anunciada AMANH\u00c3.&#8221;<\/p>\n<p>Rafael tamb\u00e9m se pronunciou, por meio de coment\u00e1rio publicado na postagem do <a href=\"https:\/\/whiplash.net\/bandas\/c\/claustrofobia.html\" class=\"hotwords\" rel=\"nofollow noopener\" target=\"_blank\">Claustrofobia<\/a>. &#8220;Obrigado <a href=\"https:\/\/whiplash.net\/bandas\/c\/claustrofobia.html\" class=\"hotwords\" rel=\"nofollow noopener\" target=\"_blank\">Claustrofobia<\/a> por todo o aprendizado! Mais um ciclo se encerra e esse eu fa\u00e7o quest\u00e3o de levar para o resto da vida&#8221;, afirmou o baixista, que integrou o grupo entre 2018 e 2025.<\/p>\n<p>O \u00faltimo disco de est\u00fadio do <a href=\"https:\/\/whiplash.net\/bandas\/c\/claustrofobia.html\" class=\"hotwords\" rel=\"nofollow noopener\" target=\"_blank\">Claustrofobia<\/a> \u00e9 &#8220;Unleeched&#8221;, de 2022.<\/p>\n<p>CONTINUA DEPOIS DA PUBLICIDADE &#8211; GOO<\/p>\n<p>&#13;<br \/>\n&#13;<br \/>\n&#13;<br \/>\n&#13;<br \/>\n<a href=\"https:\/\/whiplash.net\/materias\/whiplash\/027002.html\" rel=\"nofollow noopener\" target=\"_blank\"><img decoding=\"async\" src=\"https:\/\/www.europesays.com\/pt\/wp-content\/uploads\/2025\/08\/1754704269_488_anunciar_diabo_336x280.gif\" loading=\"lazy\" width=\"336\" height=\"280\" alt=\"Anunciar no Whiplash.Net\"\/><\/a>&#13;<br \/>\n&#13;<br \/>\n&#13;<br \/>\n&#13;<br \/>\n&#13;<br \/>\n&#13;<br \/>\n<a href=\"https:\/\/whiplash.net\/materias\/whiplash\/027002.html\" rel=\"nofollow noopener\" target=\"_blank\"><img decoding=\"async\" src=\"https:\/\/www.europesays.com\/pt\/wp-content\/uploads\/2025\/08\/1754704269_488_anunciar_diabo_336x280.gif\" loading=\"lazy\" width=\"336\" height=\"280\" class=\"widthConstrained\" style=\"background-color:#000000;display:block;\" alt=\"Anunciar bandas e shows de Rock e Heavy Metal\"\/><\/a>&#13;<\/p>\n","protected":false},"excerpt":{"rendered":"A banda brasileira Claustrofobia anunciou na \u00faltima segunda-feira (11) a sa\u00edda do baixista Rafael Yamada. Segundo comunicado publicado&hellip;\n","protected":false},"author":2,"featured_media":29852,"comment_status":"","ping_status":"","sticky":false,"template":"","format":"standard","meta":{"footnotes":""},"categories":[141],"tags":[114,115,149,150,32,33],"class_list":{"0":"post-29851","1":"post","2":"type-post","3":"status-publish","4":"format-standard","5":"has-post-thumbnail","7":"category-musica","8":"tag-entertainment","9":"tag-entretenimento","10":"tag-music","11":"tag-musica","12":"tag-portugal","13":"tag-pt"},"share_on_mastodon":{"url":"","error":""},"_links":{"self":[{"href":"https:\/\/www.europesays.com\/pt\/wp-json\/wp\/v2\/posts\/29851","targetHints":{"allow":["GET"]}}],"collection":[{"href":"https:\/\/www.europesays.com\/pt\/wp-json\/wp\/v2\/posts"}],"about":[{"href":"https:\/\/www.europesays.com\/pt\/wp-json\/wp\/v2\/types\/post"}],"author":[{"embeddable":true,"href":"https:\/\/www.europesays.com\/pt\/wp-json\/wp\/v2\/users\/2"}],"replies":[{"embeddable":true,"href":"https:\/\/www.europesays.com\/pt\/wp-json\/wp\/v2\/comments?post=29851"}],"version-history":[{"count":0,"href":"https:\/\/www.europesays.com\/pt\/wp-json\/wp\/v2\/posts\/29851\/revisions"}],"wp:featuredmedia":[{"embeddable":true,"href":"https:\/\/www.europesays.com\/pt\/wp-json\/wp\/v2\/media\/29852"}],"wp:attachment":[{"href":"https:\/\/www.europesays.com\/pt\/wp-json\/wp\/v2\/media?parent=29851"}],"wp:term":[{"taxonomy":"category","embeddable":true,"href":"https:\/\/www.europesays.com\/pt\/wp-json\/wp\/v2\/categories?post=29851"},{"taxonomy":"post_tag","embeddable":true,"href":"https:\/\/www.europesays.com\/pt\/wp-json\/wp\/v2\/tags?post=29851"}],"curies":[{"name":"wp","href":"https:\/\/api.w.org\/{rel}","templated":true}]}}